{"id":49792,"date":"2025-07-28T14:29:33","date_gmt":"2025-07-28T17:29:33","guid":{"rendered":"https:\/\/atecordoba.org\/?p=49792"},"modified":"2025-07-28T14:29:33","modified_gmt":"2025-07-28T17:29:33","slug":"salsipuedes-7o-dia-de-asambleas-en-reclamo-de-aumento-salarial","status":"publish","type":"post","link":"https:\/\/atecordoba.org\/?p=49792","title":{"rendered":"Salsipuedes: 7\u00ba d\u00eda de asambleas en reclamo de aumento salarial"},"content":{"rendered":"<p><img loading=\"lazy\" decoding=\"async\" class=\"aligncenter wp-image-49793 \" src=\"https:\/\/atecordoba.org\/wp-content\/uploads\/2025\/07\/WhatsApp-Image-2025-07-28-at-13.19.00-1024x768.jpeg\" alt=\"\" width=\"617\" height=\"463\" srcset=\"https:\/\/atecordoba.org\/wp-content\/uploads\/2025\/07\/WhatsApp-Image-2025-07-28-at-13.19.00-1024x768.jpeg 1024w, https:\/\/atecordoba.org\/wp-content\/uploads\/2025\/07\/WhatsApp-Image-2025-07-28-at-13.19.00-300x225.jpeg 300w, https:\/\/atecordoba.org\/wp-content\/uploads\/2025\/07\/WhatsApp-Image-2025-07-28-at-13.19.00-768x576.jpeg 768w, https:\/\/atecordoba.org\/wp-content\/uploads\/2025\/07\/WhatsApp-Image-2025-07-28-at-13.19.00-1536x1152.jpeg 1536w, https:\/\/atecordoba.org\/wp-content\/uploads\/2025\/07\/WhatsApp-Image-2025-07-28-at-13.19.00-750x563.jpeg 750w, https:\/\/atecordoba.org\/wp-content\/uploads\/2025\/07\/WhatsApp-Image-2025-07-28-at-13.19.00-1140x855.jpeg 1140w, https:\/\/atecordoba.org\/wp-content\/uploads\/2025\/07\/WhatsApp-Image-2025-07-28-at-13.19.00.jpeg 1600w\" sizes=\"auto, (max-width: 617px) 100vw, 617px\" \/>Las y los municipales organizados en ATE realizaron hoy la s\u00e9ptima jornada de asambleas en el marco del conflicto gremial que el personal lleva adelante en reclamo de un aumento salarial que recomponga los ingresos del sector, muy por debajo de la canasta b\u00e1sica familiar que fija el INDEC.<\/p>\n<p>As\u00ed, se desarroll\u00f3 otro d\u00eda de acciones gremiales a la espera de la audiencia paritaria que se llevar\u00e1 a cabo ma\u00f1ana a las 11 horas con el Departamento Ejecutivo.<\/p>\n<p>&#8220;Al d\u00eda de hoy seguimos una respuesta que se acerque al planteo de nuestro gremio. Solicitamos un 63% de recomposici\u00f3n prorrateado en cuatro meses, mientras el Ejecutivo ofreci\u00f3 seguir el aumento del IPC, que para julio significa 1.6%. Hay una diferencia abismal&#8221;, explic\u00f3 el delegado de ATE Vladimir Su\u00e1rez.<\/p>\n<p>El dirigente adelant\u00f3 que, en consecuencia\u00a0&#8220;vamos a continuar con las asambleas en distintos sectores, a la espera que se resuelva el conflicto a la brevedad&#8221;.<\/p>\n<p>Y remarc\u00f3 que &#8220;si bien entendemos que por la pol\u00edtica nacional la situaci\u00f3n para los municipios es dif\u00edcil, el Ejecutivo tambi\u00e9n debe comprender la situaci\u00f3n de las y los trabajadores&#8221;.<\/p>\n<p>En esa l\u00ednea, la secretaria de Prensa de ATE C\u00f3rdoba, Julia Giuliani, agreg\u00f3 que &#8220;entendemos el contexto econ\u00f3mico nacional pero tambi\u00e9n la coparticipaci\u00f3n viene manteni\u00e9ndose seg\u00fan datos del Ministerio de Hacienda de la provincia. y creemos que en sinton\u00eda con lo que dijo ayer el gobernador Llaryora en cuanto al aumento de las jubilaciones el municipio debe seguir los mismos pasos para hacer una oferta razonable&#8221;.<\/p>\n<p>ATE prosigue as\u00ed organizando a las y los municipales del corredor Sierras Chicas.<\/p>\n<p>&nbsp;<\/p>\n","protected":false},"excerpt":{"rendered":"<p>Las y los municipales organizados en ATE realizaron hoy la s\u00e9ptima jornada de asambleas en el marco del conflicto gremial que el personal lleva adelante en reclamo de un aumento salarial que recomponga los ingresos del sector, muy por debajo de la canasta b\u00e1sica familiar que fija el INDEC. As\u00ed, se desarroll\u00f3 otro d\u00eda de [&hellip;]<\/p>\n","protected":false},"author":7,"featured_media":49793,"comment_status":"open","ping_status":"open","sticky":false,"template":"","format":"standard","meta":{"_exactmetrics_skip_tracking":false,"_exactmetrics_sitenote_active":false,"_exactmetrics_sitenote_note":"","_exactmetrics_sitenote_category":0,"jnews-multi-image_gallery":[],"jnews_single_post":[],"jnews_primary_category":[],"jnews_social_meta":[],"jnews_review":[],"enable_review":"","type":"","name":"","summary":"","brand":"","sku":"","good":[],"bad":[],"score_override":"","override_value":"","rating":[],"price":[],"jnews_override_counter":[],"jnews_post_split":[],"footnotes":""},"categories":[20],"tags":[],"class_list":["post-49792","post","type-post","status-publish","format-standard","has-post-thumbnail","hentry","category-municipales"],"jetpack_featured_media_url":"https:\/\/atecordoba.org\/wp-content\/uploads\/2025\/07\/WhatsApp-Image-2025-07-28-at-13.19.00.jpeg","_links":{"self":[{"href":"https:\/\/atecordoba.org\/index.php?rest_route=\/wp\/v2\/posts\/49792","targetHints":{"allow":["GET"]}}],"collection":[{"href":"https:\/\/atecordoba.org\/index.php?rest_route=\/wp\/v2\/posts"}],"about":[{"href":"https:\/\/atecordoba.org\/index.php?rest_route=\/wp\/v2\/types\/post"}],"author":[{"embeddable":true,"href":"https:\/\/atecordoba.org\/index.php?rest_route=\/wp\/v2\/users\/7"}],"replies":[{"embeddable":true,"href":"https:\/\/atecordoba.org\/index.php?rest_route=%2Fwp%2Fv2%2Fcomments&post=49792"}],"version-history":[{"count":1,"href":"https:\/\/atecordoba.org\/index.php?rest_route=\/wp\/v2\/posts\/49792\/revisions"}],"predecessor-version":[{"id":49794,"href":"https:\/\/atecordoba.org\/index.php?rest_route=\/wp\/v2\/posts\/49792\/revisions\/49794"}],"wp:featuredmedia":[{"embeddable":true,"href":"https:\/\/atecordoba.org\/index.php?rest_route=\/wp\/v2\/media\/49793"}],"wp:attachment":[{"href":"https:\/\/atecordoba.org\/index.php?rest_route=%2Fwp%2Fv2%2Fmedia&parent=49792"}],"wp:term":[{"taxonomy":"category","embeddable":true,"href":"https:\/\/atecordoba.org\/index.php?rest_route=%2Fwp%2Fv2%2Fcategories&post=49792"},{"taxonomy":"post_tag","embeddable":true,"href":"https:\/\/atecordoba.org\/index.php?rest_route=%2Fwp%2Fv2%2Ftags&post=49792"}],"curies":[{"name":"wp","href":"https:\/\/api.w.org\/{rel}","templated":true}]}}