{"id":49787,"date":"2025-07-28T13:31:01","date_gmt":"2025-07-28T16:31:01","guid":{"rendered":"https:\/\/atecordoba.org\/?p=49787"},"modified":"2025-07-28T13:31:01","modified_gmt":"2025-07-28T16:31:01","slug":"la-escuela-de-formacion-sindical-libertario-ferrari-lanza-sus-cursos-de-formacion-del-segundo-semestre-de-2025","status":"publish","type":"post","link":"https:\/\/atecordoba.org\/?p=49787","title":{"rendered":"La Escuela de Formaci\u00f3n Sindical Libertario Ferrari lanza sus cursos de formaci\u00f3n del segundo semestre de 2025"},"content":{"rendered":"<p><img loading=\"lazy\" decoding=\"async\" class=\"aligncenter wp-image-49788 size-full\" src=\"https:\/\/atecordoba.org\/wp-content\/uploads\/2025\/07\/libertario-ferrari-cursos.jpg\" alt=\"\" width=\"512\" height=\"640\" srcset=\"https:\/\/atecordoba.org\/wp-content\/uploads\/2025\/07\/libertario-ferrari-cursos.jpg 512w, https:\/\/atecordoba.org\/wp-content\/uploads\/2025\/07\/libertario-ferrari-cursos-240x300.jpg 240w\" sizes=\"auto, (max-width: 512px) 100vw, 512px\" \/>El pr\u00f3ximo 6 de agosto comenzar\u00e1 a dictarse la Primera Cohorte de los Cursos del &#8220;Campus Virtual de la Escuela Libertario Ferrari&#8221;, dirigidos a fortalecer saberes y pol\u00edticas sindicales.<\/p>\n<p>Se trata de talleres de capacitaci\u00f3n de car\u00e1cter virtual abiertos para todos y todas las afiliadas de ATE, para afrontar con buena compa\u00f1\u00eda y formaci\u00f3n lo que queda del a\u00f1o.<\/p>\n<p>Las inscripciones podr\u00e1n realizarse del 28 de julio al 4 de agosto <a href=\"https:\/\/campus.escuelasindicalate.org\/\">ingresando aqu\u00ed<\/a>.<\/p>\n<h3><strong>Cursos:<\/strong><\/h3>\n<p>-Sindicalismo y modelos sindicales.<\/p>\n<p>-Roles y funciones de las\/os delegados de ATE.<\/p>\n<p>-Salud y seguridad de los\/as trabajadoras<\/p>\n<p>-Introducci\u00f3n a los convenios colectivos de trabajo.<\/p>\n<p>-Convenio 190 violencia de g\u00e9nero y procesos de trabajo.<\/p>\n<p>-Planificaci\u00f3n estrat\u00e9gica<\/p>\n","protected":false},"excerpt":{"rendered":"<p>El pr\u00f3ximo 6 de agosto comenzar\u00e1 a dictarse la Primera Cohorte de los Cursos del &#8220;Campus Virtual de la Escuela Libertario Ferrari&#8221;, dirigidos a fortalecer saberes y pol\u00edticas sindicales. Se trata de talleres de capacitaci\u00f3n de car\u00e1cter virtual abiertos para todos y todas las afiliadas de ATE, para afrontar con buena compa\u00f1\u00eda y formaci\u00f3n lo [&hellip;]<\/p>\n","protected":false},"author":7,"featured_media":49789,"comment_status":"open","ping_status":"open","sticky":false,"template":"","format":"standard","meta":{"_exactmetrics_skip_tracking":false,"_exactmetrics_sitenote_active":false,"_exactmetrics_sitenote_note":"","_exactmetrics_sitenote_category":0,"jnews-multi-image_gallery":[],"jnews_single_post":[],"jnews_primary_category":[],"jnews_social_meta":[],"jnews_review":[],"enable_review":"","type":"","name":"","summary":"","brand":"","sku":"","good":[],"bad":[],"score_override":"","override_value":"","rating":[],"price":[],"jnews_override_counter":[],"jnews_post_split":[],"footnotes":""},"categories":[88],"tags":[],"class_list":["post-49787","post","type-post","status-publish","format-standard","has-post-thumbnail","hentry","category-formacion"],"jetpack_featured_media_url":"https:\/\/atecordoba.org\/wp-content\/uploads\/2025\/07\/libertario-ferrari-cursos-1.jpg","_links":{"self":[{"href":"https:\/\/atecordoba.org\/index.php?rest_route=\/wp\/v2\/posts\/49787","targetHints":{"allow":["GET"]}}],"collection":[{"href":"https:\/\/atecordoba.org\/index.php?rest_route=\/wp\/v2\/posts"}],"about":[{"href":"https:\/\/atecordoba.org\/index.php?rest_route=\/wp\/v2\/types\/post"}],"author":[{"embeddable":true,"href":"https:\/\/atecordoba.org\/index.php?rest_route=\/wp\/v2\/users\/7"}],"replies":[{"embeddable":true,"href":"https:\/\/atecordoba.org\/index.php?rest_route=%2Fwp%2Fv2%2Fcomments&post=49787"}],"version-history":[{"count":1,"href":"https:\/\/atecordoba.org\/index.php?rest_route=\/wp\/v2\/posts\/49787\/revisions"}],"predecessor-version":[{"id":49790,"href":"https:\/\/atecordoba.org\/index.php?rest_route=\/wp\/v2\/posts\/49787\/revisions\/49790"}],"wp:featuredmedia":[{"embeddable":true,"href":"https:\/\/atecordoba.org\/index.php?rest_route=\/wp\/v2\/media\/49789"}],"wp:attachment":[{"href":"https:\/\/atecordoba.org\/index.php?rest_route=%2Fwp%2Fv2%2Fmedia&parent=49787"}],"wp:term":[{"taxonomy":"category","embeddable":true,"href":"https:\/\/atecordoba.org\/index.php?rest_route=%2Fwp%2Fv2%2Fcategories&post=49787"},{"taxonomy":"post_tag","embeddable":true,"href":"https:\/\/atecordoba.org\/index.php?rest_route=%2Fwp%2Fv2%2Ftags&post=49787"}],"curies":[{"name":"wp","href":"https:\/\/api.w.org\/{rel}","templated":true}]}}