{"id":49783,"date":"2025-07-28T11:03:02","date_gmt":"2025-07-28T14:03:02","guid":{"rendered":"https:\/\/atecordoba.org\/?p=49783"},"modified":"2025-07-28T11:03:02","modified_gmt":"2025-07-28T14:03:02","slug":"rechazo-al-traslado-compulsivo-del-ministerio-de-salud","status":"publish","type":"post","link":"https:\/\/atecordoba.org\/?p=49783","title":{"rendered":"Rechazo al traslado compulsivo del Ministerio de Salud"},"content":{"rendered":"<p><img loading=\"lazy\" decoding=\"async\" class=\"aligncenter wp-image-49784 \" src=\"https:\/\/atecordoba.org\/wp-content\/uploads\/2025\/07\/banderas.jpg\" alt=\"\" width=\"611\" height=\"344\" srcset=\"https:\/\/atecordoba.org\/wp-content\/uploads\/2025\/07\/banderas.jpg 960w, https:\/\/atecordoba.org\/wp-content\/uploads\/2025\/07\/banderas-300x169.jpg 300w, https:\/\/atecordoba.org\/wp-content\/uploads\/2025\/07\/banderas-768x432.jpg 768w, https:\/\/atecordoba.org\/wp-content\/uploads\/2025\/07\/banderas-750x422.jpg 750w\" sizes=\"auto, (max-width: 611px) 100vw, 611px\" \/>Bajo la excusa de crear un centro de desarrollo tecnol\u00f3gico, el gobierno de C\u00f3rdoba va a trasladar el Ministerio de Salud y otras dependencias del predio Pablo Pizzurno, algunas de las tierras m\u00e1s costosas de C\u00f3rdoba Capital.<\/p>\n<p>Con fuerte aroma a negocio inmobiliario, de hecho se anunci\u00f3 la construcci\u00f3n de un &#8216;hotel&#8217; para cient\u00edficos, el proyecto incluye una intervenci\u00f3n vial para generar un corredor desde Plaza de las Am\u00e9ricas hasta Cruz Roja Argentina y con v\u00ednculos con el Hospital Privado.<\/p>\n<p>Es imposible separar el proyecto de la figura del ministro de Salud,\u00a0Ricardo Pieckenstainer, quien fuera director del Hospital Privado y da cuenta del papel que cumple otro empresario que utiliza el Estado para sus negocios corporativos, en tanto somete a las y los trabajadores del sistema sanitario a cobrar salarios de hambre.<\/p>\n<p>ATE C\u00f3rdoba rechaza el proyecto oficial, que incluye el traslado de los m\u00e1s de mil empleados p\u00fablicos a nuevas dependencias que alojar\u00e1n a los Ministerios de Salud, de Desarrollo Social y Empleo, de la Senaf y de Capital Humano.<\/p>\n<p>Frente al negocio privado con los recursos p\u00fablicos, nuestro gremio siempre estar\u00e1 del lado del Estado.<\/p>\n","protected":false},"excerpt":{"rendered":"<p>Bajo la excusa de crear un centro de desarrollo tecnol\u00f3gico, el gobierno de C\u00f3rdoba va a trasladar el Ministerio de Salud y otras dependencias del predio Pablo Pizzurno, algunas de las tierras m\u00e1s costosas de C\u00f3rdoba Capital. Con fuerte aroma a negocio inmobiliario, de hecho se anunci\u00f3 la construcci\u00f3n de un &#8216;hotel&#8217; para cient\u00edficos, el [&hellip;]<\/p>\n","protected":false},"author":7,"featured_media":49784,"comment_status":"open","ping_status":"open","sticky":false,"template":"","format":"standard","meta":{"_exactmetrics_skip_tracking":false,"_exactmetrics_sitenote_active":false,"_exactmetrics_sitenote_note":"","_exactmetrics_sitenote_category":0,"jnews-multi-image_gallery":[],"jnews_single_post":[],"jnews_primary_category":[],"jnews_social_meta":[],"jnews_review":[],"enable_review":"","type":"","name":"","summary":"","brand":"","sku":"","good":[],"bad":[],"score_override":"","override_value":"","rating":[],"price":[],"jnews_override_counter":[],"jnews_post_split":[],"footnotes":""},"categories":[8],"tags":[],"class_list":["post-49783","post","type-post","status-publish","format-standard","has-post-thumbnail","hentry","category-provinciales"],"jetpack_featured_media_url":"https:\/\/atecordoba.org\/wp-content\/uploads\/2025\/07\/banderas.jpg","_links":{"self":[{"href":"https:\/\/atecordoba.org\/index.php?rest_route=\/wp\/v2\/posts\/49783","targetHints":{"allow":["GET"]}}],"collection":[{"href":"https:\/\/atecordoba.org\/index.php?rest_route=\/wp\/v2\/posts"}],"about":[{"href":"https:\/\/atecordoba.org\/index.php?rest_route=\/wp\/v2\/types\/post"}],"author":[{"embeddable":true,"href":"https:\/\/atecordoba.org\/index.php?rest_route=\/wp\/v2\/users\/7"}],"replies":[{"embeddable":true,"href":"https:\/\/atecordoba.org\/index.php?rest_route=%2Fwp%2Fv2%2Fcomments&post=49783"}],"version-history":[{"count":1,"href":"https:\/\/atecordoba.org\/index.php?rest_route=\/wp\/v2\/posts\/49783\/revisions"}],"predecessor-version":[{"id":49785,"href":"https:\/\/atecordoba.org\/index.php?rest_route=\/wp\/v2\/posts\/49783\/revisions\/49785"}],"wp:featuredmedia":[{"embeddable":true,"href":"https:\/\/atecordoba.org\/index.php?rest_route=\/wp\/v2\/media\/49784"}],"wp:attachment":[{"href":"https:\/\/atecordoba.org\/index.php?rest_route=%2Fwp%2Fv2%2Fmedia&parent=49783"}],"wp:term":[{"taxonomy":"category","embeddable":true,"href":"https:\/\/atecordoba.org\/index.php?rest_route=%2Fwp%2Fv2%2Fcategories&post=49783"},{"taxonomy":"post_tag","embeddable":true,"href":"https:\/\/atecordoba.org\/index.php?rest_route=%2Fwp%2Fv2%2Ftags&post=49783"}],"curies":[{"name":"wp","href":"https:\/\/api.w.org\/{rel}","templated":true}]}}