{"id":49777,"date":"2025-07-28T10:17:07","date_gmt":"2025-07-28T13:17:07","guid":{"rendered":"https:\/\/atecordoba.org\/?p=49777"},"modified":"2025-07-28T10:32:23","modified_gmt":"2025-07-28T13:32:23","slug":"ate-repudia-el-anuncio-de-veto-de-milei-del-aumento-jubilatorio-y-la-emegencia-por-discapacidad","status":"publish","type":"post","link":"https:\/\/atecordoba.org\/?p=49777","title":{"rendered":"ATE repudia el anuncio de veto de Milei del aumento jubilatorio y la emegencia por discapacidad"},"content":{"rendered":"<p><img loading=\"lazy\" decoding=\"async\" class=\"aligncenter wp-image-49778 \" src=\"https:\/\/atecordoba.org\/wp-content\/uploads\/2025\/07\/milei-casco.png\" alt=\"\" width=\"613\" height=\"345\" srcset=\"https:\/\/atecordoba.org\/wp-content\/uploads\/2025\/07\/milei-casco.png 940w, https:\/\/atecordoba.org\/wp-content\/uploads\/2025\/07\/milei-casco-300x169.png 300w, https:\/\/atecordoba.org\/wp-content\/uploads\/2025\/07\/milei-casco-768x432.png 768w, https:\/\/atecordoba.org\/wp-content\/uploads\/2025\/07\/milei-casco-750x422.png 750w\" sizes=\"auto, (max-width: 613px) 100vw, 613px\" \/>ATE C\u00f3rdoba repudia el anuncio de MIlei sobre el veto a las leyes que dar\u00e1n un m\u00f3dico aumento a las jubilaciones nacionales y a la emergencia por discapacidad, realizado en un discurso en la Sociedad Rural argentina, escenario principal de la oligarqu\u00eda rentista y parasitaria de nuestro pa\u00eds.<\/p>\n<p>Frente a las necesidades de nuestro pueblo, el Presidente prefiere favorecer con los recursos estatales 1250 millones de d\u00f3lares anuales a los intereses que representa la entidad patronal agroganadena y de un plumazo les transfiri\u00f3 el equivalente a cinco meses de financiamiento universitario o a m\u00e1s de siete a\u00f1os de financiamiento del Hospital Garrahan.<\/p>\n<p>As\u00ed, Milei destruye el bienestar, pero que adem\u00e1s hipoteca la productividad futura de la econom\u00eda al desfinanciar el sistema previsional, cuyos beneficiarios vuelcan sus ingresos en el pa\u00eds y no fugan capitales al exterior, para privilegiar el aumento de la renta de la tierra. Los due\u00f1os de la tierra capturan una parte sustancial de la renta extraordinaria que deviene de la actividad agr\u00edcola y ganadera.<\/p>\n<p>En tal sentido, el secretario General de ATE C\u00f3rdoba, Federico Giuliani, dej\u00f3 claro que &#8220;plata hay, pero es para los due\u00f1os de la tierra. Mientras, el pueblo sostiene con el hambre cotidiano los beneficios de los privilegiados. Es la organizaci\u00f3n popular, los estatales y los trabajadores del sector privado. Los formales y los laburantes informales, los activos y los jubilados quienes vamos a echar este gobierno cipayo y hambreador\u201d.<\/p>\n<p>Por eso, el dirigente remarc\u00f3 que &#8220;ATE estar\u00e1 en la calle luchando como una expresi\u00f3n m\u00e1s del pueblo que sufre el rigor del ajuste que impone la derecha en el poder y generando la alternativa pol\u00edtica, social y cultural que recupere la dignidad de la patria&#8221;.<\/p>\n","protected":false},"excerpt":{"rendered":"<p>ATE C\u00f3rdoba repudia el anuncio de MIlei sobre el veto a las leyes que dar\u00e1n un m\u00f3dico aumento a las jubilaciones nacionales y a la emergencia por discapacidad, realizado en un discurso en la Sociedad Rural argentina, escenario principal de la oligarqu\u00eda rentista y parasitaria de nuestro pa\u00eds. Frente a las necesidades de nuestro pueblo, [&hellip;]<\/p>\n","protected":false},"author":7,"featured_media":49778,"comment_status":"open","ping_status":"open","sticky":false,"template":"","format":"standard","meta":{"_exactmetrics_skip_tracking":false,"_exactmetrics_sitenote_active":false,"_exactmetrics_sitenote_note":"","_exactmetrics_sitenote_category":0,"jnews-multi-image_gallery":[],"jnews_single_post":{"format":"standard","override":[{"template":"1","parallax":"1","fullscreen":"1","layout":"no-sidebar-narrow","sidebar":"default-sidebar","second_sidebar":"default-sidebar","sticky_sidebar":"1","share_position":"bottom","share_float_style":"share-monocrhome","show_share_counter":"1","show_view_counter":"1","show_post_meta":"1","show_post_author_image":"1","show_post_date":"1","post_date_format":"default","post_date_format_custom":"Y\/m\/d","show_post_category":"1","show_post_reading_time":"0","post_reading_time_wpm":"300","post_calculate_word_method":"str_word_count","show_zoom_button":"0","zoom_button_out_step":"2","zoom_button_in_step":"3","show_post_tag":"1","number_popup_post":"1","show_post_related":"1","show_inline_post_related":"0"}],"image_override":[{"single_post_thumbnail_size":"crop-500","single_post_gallery_size":"crop-500"}],"trending_post_position":"meta","trending_post_label":"Trending","sponsored_post_label":"Sponsored by","disable_ad":"0"},"jnews_primary_category":[],"jnews_social_meta":[],"jnews_review":[],"enable_review":"","type":"percentage","name":"","summary":"","brand":"","sku":"","good":[],"bad":[],"score_override":"","override_value":"","rating":[],"price":[],"jnews_override_counter":{"view_counter_number":"0","share_counter_number":"0","like_counter_number":"0","dislike_counter_number":"0"},"jnews_post_split":{"post_split":[{"template":"1","tag":"h2","numbering":"asc","mode":"normal","first":"0","enable_toc":"0","toc_type":"normal"}]},"footnotes":""},"categories":[10],"tags":[],"class_list":["post-49777","post","type-post","status-publish","format-standard","has-post-thumbnail","hentry","category-accion-politica"],"jetpack_featured_media_url":"https:\/\/atecordoba.org\/wp-content\/uploads\/2025\/07\/milei-casco.png","_links":{"self":[{"href":"https:\/\/atecordoba.org\/index.php?rest_route=\/wp\/v2\/posts\/49777","targetHints":{"allow":["GET"]}}],"collection":[{"href":"https:\/\/atecordoba.org\/index.php?rest_route=\/wp\/v2\/posts"}],"about":[{"href":"https:\/\/atecordoba.org\/index.php?rest_route=\/wp\/v2\/types\/post"}],"author":[{"embeddable":true,"href":"https:\/\/atecordoba.org\/index.php?rest_route=\/wp\/v2\/users\/7"}],"replies":[{"embeddable":true,"href":"https:\/\/atecordoba.org\/index.php?rest_route=%2Fwp%2Fv2%2Fcomments&post=49777"}],"version-history":[{"count":3,"href":"https:\/\/atecordoba.org\/index.php?rest_route=\/wp\/v2\/posts\/49777\/revisions"}],"predecessor-version":[{"id":49781,"href":"https:\/\/atecordoba.org\/index.php?rest_route=\/wp\/v2\/posts\/49777\/revisions\/49781"}],"wp:featuredmedia":[{"embeddable":true,"href":"https:\/\/atecordoba.org\/index.php?rest_route=\/wp\/v2\/media\/49778"}],"wp:attachment":[{"href":"https:\/\/atecordoba.org\/index.php?rest_route=%2Fwp%2Fv2%2Fmedia&parent=49777"}],"wp:term":[{"taxonomy":"category","embeddable":true,"href":"https:\/\/atecordoba.org\/index.php?rest_route=%2Fwp%2Fv2%2Fcategories&post=49777"},{"taxonomy":"post_tag","embeddable":true,"href":"https:\/\/atecordoba.org\/index.php?rest_route=%2Fwp%2Fv2%2Ftags&post=49777"}],"curies":[{"name":"wp","href":"https:\/\/api.w.org\/{rel}","templated":true}]}}