{"id":49774,"date":"2025-07-25T15:15:44","date_gmt":"2025-07-25T18:15:44","guid":{"rendered":"https:\/\/atecordoba.org\/?p=49774"},"modified":"2025-07-25T15:15:44","modified_gmt":"2025-07-25T18:15:44","slug":"villa-ciudad-parque-ate-logra-21-de-aumento-salarial-en-tres-cuotas-y-realizara-capacitaciones-en-violencia-laboral","status":"publish","type":"post","link":"https:\/\/atecordoba.org\/?p=49774","title":{"rendered":"Villa Ciudad Parque: ATE logra 21% de aumento salarial en tres cuotas y realizar\u00e1 capacitaciones en &#8216;Violencia Laboral&#8217;"},"content":{"rendered":"<p><img loading=\"lazy\" decoding=\"async\" class=\"aligncenter wp-image-49769 \" src=\"https:\/\/atecordoba.org\/wp-content\/uploads\/2025\/07\/WhatsApp-Image-2025-07-25-at-14.28.23-1024x576.jpeg\" alt=\"\" width=\"620\" height=\"349\" \/>En una negociaci\u00f3n salarial concluida hoy, ATE logr\u00f3 acordar con la Comuna de Villa Ciudad Parque una recomposici\u00f3n de haberes del 21% para las y los municipales, alcanzando los objetivos que se hab\u00eda propuestos por la asamblea del sector.<\/p>\n<p>En la oportunidad, integraron la comitiva estatal que particip\u00f3 de la audiencia paritaria el secretario Gremial de ATE C\u00f3rdoba, Jorge Chalup, el secretario de Organizaci\u00f3n, Javier Bracamonte, y el cuerpo de delegados municipales de ATE de la localidad.<\/p>\n<p>El aumento se aplicar\u00e1 de la siguiente manera: 7% en julio y 7% a pagar en agosto, con modalidad acumulativa, y el restante 7% en septiembre, en ese caso con car\u00e1cter no remunerativo.<\/p>\n<p>Adem\u00e1s, se acord\u00f3 con la autoridad municipal que nuestro gremio dictar\u00e1 un curso de capacitaci\u00f3n sobre &#8220;Violencia Laboral&#8221;, en conjunto con la comuna, d\u00eda lunes 11 de agosto, en horario a convenir, en el la sala de usos comunes municipal.<\/p>\n<p>De esta forma, ATE demuestra que con organizaci\u00f3n y convicci\u00f3n en la defensa de los derechos de las y los trabajadores es posible cumplir los objetivos planteados.<\/p>\n<p><strong>Asamblea<\/strong><\/p>\n<p>Vale se\u00f1alar que ayer se hab\u00eda realizado la asamblea que reclam\u00f3 aumento salarial del sector ante el congelamiento de los haberes existente.<\/p>\n<p>En ese marco, la asamblea hab\u00eda acordado reclamar una recomposici\u00f3n de los sueldos de manera bimestral, hasta alcanzar el 25% en diciembre pr\u00f3ximo.<\/p>\n<p>El otro punto de la agenda de reclamos fue plantear que el Ejecutivo afronte la problem\u00e1tica de violencia laboral existente en el municipio, atento la cantidad de denuncias que ATE viene registrando desde que tiene presencia en la localidad.<\/p>\n","protected":false},"excerpt":{"rendered":"<p>En una negociaci\u00f3n salarial concluida hoy, ATE logr\u00f3 acordar con la Comuna de Villa Ciudad Parque una recomposici\u00f3n de haberes del 21% para las y los municipales, alcanzando los objetivos que se hab\u00eda propuestos por la asamblea del sector. En la oportunidad, integraron la comitiva estatal que particip\u00f3 de la audiencia paritaria el secretario Gremial [&hellip;]<\/p>\n","protected":false},"author":7,"featured_media":49769,"comment_status":"open","ping_status":"open","sticky":false,"template":"","format":"standard","meta":{"_exactmetrics_skip_tracking":false,"_exactmetrics_sitenote_active":false,"_exactmetrics_sitenote_note":"","_exactmetrics_sitenote_category":0,"jnews-multi-image_gallery":[],"jnews_single_post":[],"jnews_primary_category":[],"jnews_social_meta":[],"jnews_review":[],"enable_review":"","type":"","name":"","summary":"","brand":"","sku":"","good":[],"bad":[],"score_override":"","override_value":"","rating":[],"price":[],"jnews_override_counter":[],"jnews_post_split":[],"footnotes":""},"categories":[20],"tags":[],"class_list":["post-49774","post","type-post","status-publish","format-standard","has-post-thumbnail","hentry","category-municipales"],"jetpack_featured_media_url":"https:\/\/atecordoba.org\/wp-content\/uploads\/2025\/07\/WhatsApp-Image-2025-07-25-at-14.28.23-e1753467120379.jpeg","_links":{"self":[{"href":"https:\/\/atecordoba.org\/index.php?rest_route=\/wp\/v2\/posts\/49774","targetHints":{"allow":["GET"]}}],"collection":[{"href":"https:\/\/atecordoba.org\/index.php?rest_route=\/wp\/v2\/posts"}],"about":[{"href":"https:\/\/atecordoba.org\/index.php?rest_route=\/wp\/v2\/types\/post"}],"author":[{"embeddable":true,"href":"https:\/\/atecordoba.org\/index.php?rest_route=\/wp\/v2\/users\/7"}],"replies":[{"embeddable":true,"href":"https:\/\/atecordoba.org\/index.php?rest_route=%2Fwp%2Fv2%2Fcomments&post=49774"}],"version-history":[{"count":1,"href":"https:\/\/atecordoba.org\/index.php?rest_route=\/wp\/v2\/posts\/49774\/revisions"}],"predecessor-version":[{"id":49775,"href":"https:\/\/atecordoba.org\/index.php?rest_route=\/wp\/v2\/posts\/49774\/revisions\/49775"}],"wp:featuredmedia":[{"embeddable":true,"href":"https:\/\/atecordoba.org\/index.php?rest_route=\/wp\/v2\/media\/49769"}],"wp:attachment":[{"href":"https:\/\/atecordoba.org\/index.php?rest_route=%2Fwp%2Fv2%2Fmedia&parent=49774"}],"wp:term":[{"taxonomy":"category","embeddable":true,"href":"https:\/\/atecordoba.org\/index.php?rest_route=%2Fwp%2Fv2%2Fcategories&post=49774"},{"taxonomy":"post_tag","embeddable":true,"href":"https:\/\/atecordoba.org\/index.php?rest_route=%2Fwp%2Fv2%2Ftags&post=49774"}],"curies":[{"name":"wp","href":"https:\/\/api.w.org\/{rel}","templated":true}]}}