{"id":49761,"date":"2025-07-25T13:53:53","date_gmt":"2025-07-25T16:53:53","guid":{"rendered":"https:\/\/atecordoba.org\/?p=49761"},"modified":"2025-07-25T14:06:24","modified_gmt":"2025-07-25T17:06:24","slug":"rio-primero-ate-logra-reabrir-el-dialogo-con-el-departamento-ejecutivo","status":"publish","type":"post","link":"https:\/\/atecordoba.org\/?p=49761","title":{"rendered":"R\u00edo Primero: ATE logra reabrir el di\u00e1logo con el Departamento Ejecutivo"},"content":{"rendered":"<p><img loading=\"lazy\" decoding=\"async\" class=\"aligncenter wp-image-49763 \" src=\"https:\/\/atecordoba.org\/wp-content\/uploads\/2025\/07\/WhatsApp-Image-2025-07-25-at-13.55.33-1024x576.jpeg\" alt=\"\" width=\"606\" height=\"341\" srcset=\"https:\/\/atecordoba.org\/wp-content\/uploads\/2025\/07\/WhatsApp-Image-2025-07-25-at-13.55.33-1024x576.jpeg 1024w, https:\/\/atecordoba.org\/wp-content\/uploads\/2025\/07\/WhatsApp-Image-2025-07-25-at-13.55.33-300x169.jpeg 300w, https:\/\/atecordoba.org\/wp-content\/uploads\/2025\/07\/WhatsApp-Image-2025-07-25-at-13.55.33-768x432.jpeg 768w, https:\/\/atecordoba.org\/wp-content\/uploads\/2025\/07\/WhatsApp-Image-2025-07-25-at-13.55.33-1536x864.jpeg 1536w, https:\/\/atecordoba.org\/wp-content\/uploads\/2025\/07\/WhatsApp-Image-2025-07-25-at-13.55.33-750x422.jpeg 750w, https:\/\/atecordoba.org\/wp-content\/uploads\/2025\/07\/WhatsApp-Image-2025-07-25-at-13.55.33-1140x641.jpeg 1140w, https:\/\/atecordoba.org\/wp-content\/uploads\/2025\/07\/WhatsApp-Image-2025-07-25-at-13.55.33.jpeg 1600w\" sizes=\"auto, (max-width: 606px) 100vw, 606px\" \/>Ayer jueves se realiz\u00f3 una asamblea de trabajadores y trabajadores en las puertas de la Municipalidad en continuidad del plan de lucha que reclama recomposici\u00f3n salarial y recategorizaciones, encabezada por el delegado sectorial, Jos\u00e9 Baigorria, y los integrantes del Consejo Directivo Provincial, Jorge Chalup y Javier Bracamonte, secretarios Gremial y de Organizaci\u00f3n respectivamente.<\/p>\n<p>La asamblea fue masiva lo que llev\u00f3 al Departamento Ejecutivo a llamar a ATE para retomar el di\u00e1logo. En base a eso se acord\u00f3 que la Municipalidad presentar\u00e1 el lunes 28 de julio una propuesta de recategorizaciones. A partir de ese piso ATE y el Ejecutivo retomar\u00e1n las conversaciones salariales que impliquen una verdadera recomposici\u00f3n de los haberes del sector.<\/p>\n<p>Cabe se\u00f1alar que ATE viene reclamando un aumento de sueldos del 40% por tres meses, a los fines de aumentar poder adquisitivo de los ingresos de las y los municipales de la localidad.<\/p>\n<p>En contrapartida, la Municipalidad ofreci\u00f3 un aumento no remunerativo para el semestre julio-diciembre en base al \u00cdndice de Precios al Consumidor (IPC) que fija el INDEC. Adem\u00e1s, propuso el paso al b\u00e1sico del \u00edtem no remunerativo del 8%, que se est\u00e1 pagando en cuotas del 2%, de julio a octubre.<\/p>\n","protected":false},"excerpt":{"rendered":"<p>Ayer jueves se realiz\u00f3 una asamblea de trabajadores y trabajadores en las puertas de la Municipalidad en continuidad del plan de lucha que reclama recomposici\u00f3n salarial y recategorizaciones, encabezada por el delegado sectorial, Jos\u00e9 Baigorria, y los integrantes del Consejo Directivo Provincial, Jorge Chalup y Javier Bracamonte, secretarios Gremial y de Organizaci\u00f3n respectivamente. La asamblea [&hellip;]<\/p>\n","protected":false},"author":7,"featured_media":49763,"comment_status":"open","ping_status":"open","sticky":false,"template":"","format":"standard","meta":{"_exactmetrics_skip_tracking":false,"_exactmetrics_sitenote_active":false,"_exactmetrics_sitenote_note":"","_exactmetrics_sitenote_category":0,"jnews-multi-image_gallery":[],"jnews_single_post":{"format":"standard","override":[{"template":"1","parallax":"1","fullscreen":"1","layout":"no-sidebar-narrow","sidebar":"default-sidebar","second_sidebar":"default-sidebar","sticky_sidebar":"1","share_position":"bottom","share_float_style":"share-monocrhome","show_share_counter":"1","show_view_counter":"1","show_post_meta":"1","show_post_author_image":"1","show_post_date":"1","post_date_format":"default","post_date_format_custom":"Y\/m\/d","show_post_category":"1","show_post_reading_time":"0","post_reading_time_wpm":"300","post_calculate_word_method":"str_word_count","show_zoom_button":"0","zoom_button_out_step":"2","zoom_button_in_step":"3","show_post_tag":"1","number_popup_post":"1","show_post_related":"1","show_inline_post_related":"0"}],"image_override":[{"single_post_thumbnail_size":"crop-500","single_post_gallery_size":"crop-500"}],"trending_post_position":"meta","trending_post_label":"Trending","sponsored_post_label":"Sponsored by","disable_ad":"0"},"jnews_primary_category":[],"jnews_social_meta":[],"jnews_review":[],"enable_review":"","type":"percentage","name":"","summary":"","brand":"","sku":"","good":[],"bad":[],"score_override":"","override_value":"","rating":[],"price":[],"jnews_override_counter":{"view_counter_number":"0","share_counter_number":"0","like_counter_number":"0","dislike_counter_number":"0"},"jnews_post_split":{"post_split":[{"template":"1","tag":"h2","numbering":"asc","mode":"normal","first":"0","enable_toc":"0","toc_type":"normal"}]},"footnotes":""},"categories":[20],"tags":[],"class_list":["post-49761","post","type-post","status-publish","format-standard","has-post-thumbnail","hentry","category-municipales"],"jetpack_featured_media_url":"https:\/\/atecordoba.org\/wp-content\/uploads\/2025\/07\/WhatsApp-Image-2025-07-25-at-13.55.33.jpeg","_links":{"self":[{"href":"https:\/\/atecordoba.org\/index.php?rest_route=\/wp\/v2\/posts\/49761","targetHints":{"allow":["GET"]}}],"collection":[{"href":"https:\/\/atecordoba.org\/index.php?rest_route=\/wp\/v2\/posts"}],"about":[{"href":"https:\/\/atecordoba.org\/index.php?rest_route=\/wp\/v2\/types\/post"}],"author":[{"embeddable":true,"href":"https:\/\/atecordoba.org\/index.php?rest_route=\/wp\/v2\/users\/7"}],"replies":[{"embeddable":true,"href":"https:\/\/atecordoba.org\/index.php?rest_route=%2Fwp%2Fv2%2Fcomments&post=49761"}],"version-history":[{"count":4,"href":"https:\/\/atecordoba.org\/index.php?rest_route=\/wp\/v2\/posts\/49761\/revisions"}],"predecessor-version":[{"id":49766,"href":"https:\/\/atecordoba.org\/index.php?rest_route=\/wp\/v2\/posts\/49761\/revisions\/49766"}],"wp:featuredmedia":[{"embeddable":true,"href":"https:\/\/atecordoba.org\/index.php?rest_route=\/wp\/v2\/media\/49763"}],"wp:attachment":[{"href":"https:\/\/atecordoba.org\/index.php?rest_route=%2Fwp%2Fv2%2Fmedia&parent=49761"}],"wp:term":[{"taxonomy":"category","embeddable":true,"href":"https:\/\/atecordoba.org\/index.php?rest_route=%2Fwp%2Fv2%2Fcategories&post=49761"},{"taxonomy":"post_tag","embeddable":true,"href":"https:\/\/atecordoba.org\/index.php?rest_route=%2Fwp%2Fv2%2Ftags&post=49761"}],"curies":[{"name":"wp","href":"https:\/\/api.w.org\/{rel}","templated":true}]}}