{"id":49748,"date":"2025-07-25T12:55:59","date_gmt":"2025-07-25T15:55:59","guid":{"rendered":"https:\/\/atecordoba.org\/?p=49748"},"modified":"2025-07-25T12:57:58","modified_gmt":"2025-07-25T15:57:58","slug":"ley-10899-de-equipos-de-salud-capacitacion-con-el-equipo-juridico-de-ate","status":"publish","type":"post","link":"https:\/\/atecordoba.org\/?p=49748","title":{"rendered":"Ley 10899 de Equipos de Salud: Capacitaci\u00f3n con el equipo jur\u00eddico de ATE"},"content":{"rendered":"<p><img loading=\"lazy\" decoding=\"async\" class=\"aligncenter wp-image-49749 \" src=\"https:\/\/atecordoba.org\/wp-content\/uploads\/2025\/07\/WhatsApp-Image-2025-07-25-at-10.40.41-1024x1024.jpeg\" alt=\"\" width=\"606\" height=\"606\" srcset=\"https:\/\/atecordoba.org\/wp-content\/uploads\/2025\/07\/WhatsApp-Image-2025-07-25-at-10.40.41-1024x1024.jpeg 1024w, https:\/\/atecordoba.org\/wp-content\/uploads\/2025\/07\/WhatsApp-Image-2025-07-25-at-10.40.41-300x300.jpeg 300w, https:\/\/atecordoba.org\/wp-content\/uploads\/2025\/07\/WhatsApp-Image-2025-07-25-at-10.40.41-150x150.jpeg 150w, https:\/\/atecordoba.org\/wp-content\/uploads\/2025\/07\/WhatsApp-Image-2025-07-25-at-10.40.41-768x768.jpeg 768w, https:\/\/atecordoba.org\/wp-content\/uploads\/2025\/07\/WhatsApp-Image-2025-07-25-at-10.40.41-560x560.jpeg 560w, https:\/\/atecordoba.org\/wp-content\/uploads\/2025\/07\/WhatsApp-Image-2025-07-25-at-10.40.41-75x75.jpeg 75w, https:\/\/atecordoba.org\/wp-content\/uploads\/2025\/07\/WhatsApp-Image-2025-07-25-at-10.40.41-350x350.jpeg 350w, https:\/\/atecordoba.org\/wp-content\/uploads\/2025\/07\/WhatsApp-Image-2025-07-25-at-10.40.41-750x750.jpeg 750w, https:\/\/atecordoba.org\/wp-content\/uploads\/2025\/07\/WhatsApp-Image-2025-07-25-at-10.40.41.jpeg 1080w\" sizes=\"auto, (max-width: 606px) 100vw, 606px\" \/>Este martes 29 de julio, a las 18 horas, el Consejo Directivo Provincial realizar\u00e1 una charla formativa sobre la Ley 10899 de Equipos de Salud y su reglamentaci\u00f3n, destinada a trabajadores y trabajadoras provinciales. El taller estar\u00e1 a cargo de nuestro abogado Eugenio Biafore, y tendr\u00e1 la modalidad virtual.<\/p>\n<p>Los y las interesadas deber\u00e1n conectarse online via Google Meet <a href=\"http:\/\/meet.google.com\/sav-cfsq-oot\">ingresando aqu\u00ed<\/a>.<\/p>\n<p>ATE brinda as\u00ed un espacio para despejar dudas, conocer nuestros derechos y organizarnos frente a los cambios en curso.<\/p>\n<p>Organizarnos e informarnos tambi\u00e9n es defender la salud p\u00fablica.<\/p>\n","protected":false},"excerpt":{"rendered":"<p>Este martes 29 de julio, a las 18 horas, el Consejo Directivo Provincial realizar\u00e1 una charla formativa sobre la Ley 10899 de Equipos de Salud y su reglamentaci\u00f3n, destinada a trabajadores y trabajadoras provinciales. El taller estar\u00e1 a cargo de nuestro abogado Eugenio Biafore, y tendr\u00e1 la modalidad virtual. Los y las interesadas deber\u00e1n conectarse [&hellip;]<\/p>\n","protected":false},"author":7,"featured_media":49752,"comment_status":"open","ping_status":"open","sticky":false,"template":"","format":"standard","meta":{"_exactmetrics_skip_tracking":false,"_exactmetrics_sitenote_active":false,"_exactmetrics_sitenote_note":"","_exactmetrics_sitenote_category":0,"jnews-multi-image_gallery":[],"jnews_single_post":{"format":"standard","override":[{"template":"1","parallax":"1","fullscreen":"1","layout":"no-sidebar-narrow","sidebar":"default-sidebar","second_sidebar":"default-sidebar","sticky_sidebar":"1","share_position":"bottom","share_float_style":"share-monocrhome","show_share_counter":"1","show_view_counter":"1","show_post_meta":"1","show_post_author_image":"1","show_post_date":"1","post_date_format":"default","post_date_format_custom":"Y\/m\/d","show_post_category":"1","show_post_reading_time":"0","post_reading_time_wpm":"300","post_calculate_word_method":"str_word_count","show_zoom_button":"0","zoom_button_out_step":"2","zoom_button_in_step":"3","show_post_tag":"1","number_popup_post":"1","show_post_related":"1","show_inline_post_related":"0"}],"image_override":[{"single_post_thumbnail_size":"crop-500","single_post_gallery_size":"crop-500"}],"trending_post_position":"meta","trending_post_label":"Trending","sponsored_post_label":"Sponsored by","disable_ad":"0"},"jnews_primary_category":[],"jnews_social_meta":[],"jnews_review":[],"enable_review":"","type":"percentage","name":"","summary":"","brand":"","sku":"","good":[],"bad":[],"score_override":"","override_value":"","rating":[],"price":[],"jnews_override_counter":{"view_counter_number":"0","share_counter_number":"0","like_counter_number":"0","dislike_counter_number":"0"},"jnews_post_split":{"post_split":[{"template":"1","tag":"h2","numbering":"asc","mode":"normal","first":"0","enable_toc":"0","toc_type":"normal"}]},"footnotes":""},"categories":[88,8],"tags":[],"class_list":["post-49748","post","type-post","status-publish","format-standard","has-post-thumbnail","hentry","category-formacion","category-provinciales"],"jetpack_featured_media_url":"https:\/\/atecordoba.org\/wp-content\/uploads\/2025\/07\/WhatsApp-Image-2025-07-25-at-10.40.41-2.jpeg","_links":{"self":[{"href":"https:\/\/atecordoba.org\/index.php?rest_route=\/wp\/v2\/posts\/49748","targetHints":{"allow":["GET"]}}],"collection":[{"href":"https:\/\/atecordoba.org\/index.php?rest_route=\/wp\/v2\/posts"}],"about":[{"href":"https:\/\/atecordoba.org\/index.php?rest_route=\/wp\/v2\/types\/post"}],"author":[{"embeddable":true,"href":"https:\/\/atecordoba.org\/index.php?rest_route=\/wp\/v2\/users\/7"}],"replies":[{"embeddable":true,"href":"https:\/\/atecordoba.org\/index.php?rest_route=%2Fwp%2Fv2%2Fcomments&post=49748"}],"version-history":[{"count":1,"href":"https:\/\/atecordoba.org\/index.php?rest_route=\/wp\/v2\/posts\/49748\/revisions"}],"predecessor-version":[{"id":49751,"href":"https:\/\/atecordoba.org\/index.php?rest_route=\/wp\/v2\/posts\/49748\/revisions\/49751"}],"wp:featuredmedia":[{"embeddable":true,"href":"https:\/\/atecordoba.org\/index.php?rest_route=\/wp\/v2\/media\/49752"}],"wp:attachment":[{"href":"https:\/\/atecordoba.org\/index.php?rest_route=%2Fwp%2Fv2%2Fmedia&parent=49748"}],"wp:term":[{"taxonomy":"category","embeddable":true,"href":"https:\/\/atecordoba.org\/index.php?rest_route=%2Fwp%2Fv2%2Fcategories&post=49748"},{"taxonomy":"post_tag","embeddable":true,"href":"https:\/\/atecordoba.org\/index.php?rest_route=%2Fwp%2Fv2%2Ftags&post=49748"}],"curies":[{"name":"wp","href":"https:\/\/api.w.org\/{rel}","templated":true}]}}