{"id":49732,"date":"2025-07-25T11:27:07","date_gmt":"2025-07-25T14:27:07","guid":{"rendered":"https:\/\/atecordoba.org\/?p=49732"},"modified":"2025-07-25T11:27:58","modified_gmt":"2025-07-25T14:27:58","slug":"declaraciones-oprobiosas-del-futuro-embajador-de-eeuu-evitar-las-botas-de-lamelas","status":"publish","type":"post","link":"https:\/\/atecordoba.org\/?p=49732","title":{"rendered":"Declaraciones oprobiosas del futuro embajador de EEUU: evitar las botas de Lamelas"},"content":{"rendered":"<p><img loading=\"lazy\" decoding=\"async\" class=\"aligncenter wp-image-49733 \" src=\"https:\/\/atecordoba.org\/wp-content\/uploads\/2025\/07\/lamelas.avif\" alt=\"\" width=\"619\" height=\"412\" srcset=\"https:\/\/atecordoba.org\/wp-content\/uploads\/2025\/07\/lamelas.avif 880w, https:\/\/atecordoba.org\/wp-content\/uploads\/2025\/07\/lamelas-300x200.avif 300w, https:\/\/atecordoba.org\/wp-content\/uploads\/2025\/07\/lamelas-768x511.avif 768w, https:\/\/atecordoba.org\/wp-content\/uploads\/2025\/07\/lamelas-750x499.avif 750w\" sizes=\"auto, (max-width: 619px) 100vw, 619px\" \/>ATE C\u00f3rdoba repudia al embajador designado por EEUU para Argentina y reclama, en conjunto con las organizaciones y fuerzas pol\u00edticas que defienden la soberan\u00eda nacional, que el gobierno de Milei rechace el pliego del cubano de Miami Peter Lamelas.<\/p>\n<p>Empresario de productos medicinales, Lamelas se explay\u00f3 en el Congreso estadounidense sobre sus objetivos como futuro embajador cuando resida en nuestro pa\u00eds, remarcando que trabajar\u00e1 porque Cristina Kirchner &#8220;cumpla su condena&#8221;, develando qui\u00e9nes est\u00e1n detr\u00e1s del fallo judicial que impone la proscripci\u00f3n pol\u00edtica de la ex Presidenta, se atribuy\u00f3 la presi\u00f3n que ejercer\u00e1 sobre los gobernadores provinciales para anular inversiones chinas y de otros pa\u00edses distintos de EEUU en olas inversiones extractivistas en materias primas, y as\u00ed prometi\u00f3 \u201climitar la influencia maligna de China\u201d, \u201cvigilar a los gobernadores\u201d y \u201capoyar a Javier Milei\u201d, en un respaldo evidente para que contin\u00fae destruyendo la soberan\u00eda nacional.<\/p>\n<p>Las y los estatales insistimos que no somos el patio trasero de ninguna potencia extranjera y exigimos una postura firme de la conducci\u00f3n del gobierno que respete la dignidad del pueblo argentino.<\/p>\n<p>&nbsp;<\/p>\n<p>&nbsp;<\/p>\n","protected":false},"excerpt":{"rendered":"<p>ATE C\u00f3rdoba repudia al embajador designado por EEUU para Argentina y reclama, en conjunto con las organizaciones y fuerzas pol\u00edticas que defienden la soberan\u00eda nacional, que el gobierno de Milei rechace el pliego del cubano de Miami Peter Lamelas. Empresario de productos medicinales, Lamelas se explay\u00f3 en el Congreso estadounidense sobre sus objetivos como futuro [&hellip;]<\/p>\n","protected":false},"author":7,"featured_media":49733,"comment_status":"open","ping_status":"open","sticky":false,"template":"","format":"standard","meta":{"_exactmetrics_skip_tracking":false,"_exactmetrics_sitenote_active":false,"_exactmetrics_sitenote_note":"","_exactmetrics_sitenote_category":0,"jnews-multi-image_gallery":[],"jnews_single_post":{"format":"standard","override":[{"template":"1","parallax":"1","fullscreen":"1","layout":"no-sidebar-narrow","sidebar":"default-sidebar","second_sidebar":"default-sidebar","sticky_sidebar":"1","share_position":"bottom","share_float_style":"share-monocrhome","show_share_counter":"1","show_view_counter":"1","show_post_meta":"1","show_post_author_image":"1","show_post_date":"1","post_date_format":"default","post_date_format_custom":"Y\/m\/d","show_post_category":"1","show_post_reading_time":"0","post_reading_time_wpm":"300","post_calculate_word_method":"str_word_count","show_zoom_button":"0","zoom_button_out_step":"2","zoom_button_in_step":"3","show_post_tag":"1","number_popup_post":"1","show_post_related":"1","show_inline_post_related":"0"}],"image_override":[{"single_post_thumbnail_size":"crop-500","single_post_gallery_size":"crop-500"}],"trending_post_position":"meta","trending_post_label":"Trending","sponsored_post_label":"Sponsored by","disable_ad":"0"},"jnews_primary_category":[],"jnews_social_meta":[],"jnews_review":[],"enable_review":"","type":"percentage","name":"","summary":"","brand":"","sku":"","good":[],"bad":[],"score_override":"","override_value":"","rating":[],"price":[],"jnews_override_counter":{"view_counter_number":"0","share_counter_number":"0","like_counter_number":"0","dislike_counter_number":"0"},"jnews_post_split":{"post_split":[{"template":"1","tag":"h2","numbering":"asc","mode":"normal","first":"0","enable_toc":"0","toc_type":"normal"}]},"footnotes":""},"categories":[10],"tags":[],"class_list":["post-49732","post","type-post","status-publish","format-standard","has-post-thumbnail","hentry","category-accion-politica"],"jetpack_featured_media_url":"https:\/\/atecordoba.org\/wp-content\/uploads\/2025\/07\/lamelas.avif","_links":{"self":[{"href":"https:\/\/atecordoba.org\/index.php?rest_route=\/wp\/v2\/posts\/49732","targetHints":{"allow":["GET"]}}],"collection":[{"href":"https:\/\/atecordoba.org\/index.php?rest_route=\/wp\/v2\/posts"}],"about":[{"href":"https:\/\/atecordoba.org\/index.php?rest_route=\/wp\/v2\/types\/post"}],"author":[{"embeddable":true,"href":"https:\/\/atecordoba.org\/index.php?rest_route=\/wp\/v2\/users\/7"}],"replies":[{"embeddable":true,"href":"https:\/\/atecordoba.org\/index.php?rest_route=%2Fwp%2Fv2%2Fcomments&post=49732"}],"version-history":[{"count":2,"href":"https:\/\/atecordoba.org\/index.php?rest_route=\/wp\/v2\/posts\/49732\/revisions"}],"predecessor-version":[{"id":49735,"href":"https:\/\/atecordoba.org\/index.php?rest_route=\/wp\/v2\/posts\/49732\/revisions\/49735"}],"wp:featuredmedia":[{"embeddable":true,"href":"https:\/\/atecordoba.org\/index.php?rest_route=\/wp\/v2\/media\/49733"}],"wp:attachment":[{"href":"https:\/\/atecordoba.org\/index.php?rest_route=%2Fwp%2Fv2%2Fmedia&parent=49732"}],"wp:term":[{"taxonomy":"category","embeddable":true,"href":"https:\/\/atecordoba.org\/index.php?rest_route=%2Fwp%2Fv2%2Fcategories&post=49732"},{"taxonomy":"post_tag","embeddable":true,"href":"https:\/\/atecordoba.org\/index.php?rest_route=%2Fwp%2Fv2%2Ftags&post=49732"}],"curies":[{"name":"wp","href":"https:\/\/api.w.org\/{rel}","templated":true}]}}