{"id":4973,"date":"2015-01-06T13:22:19","date_gmt":"2015-01-06T16:22:19","guid":{"rendered":"http:\/\/www.atecordoba.org\/?p=4973"},"modified":"2015-01-06T13:22:19","modified_gmt":"2015-01-06T16:22:19","slug":"continuaran-las-protestas-en-el-neuropsiquiatrico-por-los-dos-traslados","status":"publish","type":"post","link":"https:\/\/atecordoba.org\/?p=4973","title":{"rendered":"Continuar\u00e1n las protestas en el Neuropsiqui\u00e1trico por los dos traslados"},"content":{"rendered":"<p><em>En una asamblea realizada hoy por la ma\u00f1ana, los trabajadores del Hospital Neuropsiqui\u00e1trico resolvieron que continuar\u00e1n las medidas de protestas y ratificaron el rechazo de los traslados de las dos profesionales de la instituci\u00f3n que la Direcci\u00f3n de Salud Mental traslad\u00f3 a dos dispensarios en C\u00f3rdoba Capital.\u00a0<\/em><\/p>\n<p><a href=\"http:\/\/www.atecordoba.org\/wp-content\/uploads\/2015\/01\/IMG_7457.jpg\"><img loading=\"lazy\" decoding=\"async\" class=\"aligncenter  wp-image-4974\" src=\"http:\/\/www.atecordoba.org\/wp-content\/uploads\/2015\/01\/IMG_7457.jpg\" alt=\"IMG_7457\" width=\"503\" height=\"283\" \/><\/a><\/p>\n<p>Durante la asamblea, ATE confirm\u00f3 la cobertura del conflicto a trav\u00e9s de una notificaci\u00f3n que se traslad\u00f3 al Ministerio de Trabajo de la Naci\u00f3n y al Ministerio de Salud de la provincia. Los delegados de nuestro gremio explicaron que la medida de traslado de las dos profesionales se inscribe en un proceso de ajuste y persecuci\u00f3n que el gobierno provincial viene realizando en el sector salud, y en ese marco se inscribe la imputaci\u00f3n de cinco trabajadores del Hospital de Ni\u00f1os, as\u00ed como el vaciamiento de la farmacia del Hospital San Roque.<\/p>\n<p>La asamblea, donde participaron pacientes del centro de salud, el Colegio de Psic\u00f3logos de C\u00f3rdoba, la UTS y varias organizaciones gremiales y sociales, resolvi\u00f3 mantener el estado de alerta y movilizaci\u00f3n y convocar a una nueva asamblea para el pr\u00f3ximo martes a las 9.30 horas.<\/p>\n<p><a href=\"http:\/\/www.atecordoba.org\/wp-content\/uploads\/2015\/01\/IMG_7464.jpg\"><img loading=\"lazy\" decoding=\"async\" class=\"aligncenter  wp-image-4975\" src=\"http:\/\/www.atecordoba.org\/wp-content\/uploads\/2015\/01\/IMG_7464.jpg\" alt=\"IMG_7464\" width=\"503\" height=\"283\" \/><\/a><\/p>\n<p>Finalizada la asamblea, los presentes realizaron un corte de calle en la esquina del nosocomio.<\/p>\n","protected":false},"excerpt":{"rendered":"<p>En una asamblea realizada hoy por la ma\u00f1ana, los trabajadores del Hospital Neuropsiqui\u00e1trico resolvieron que continuar\u00e1n las medidas de protestas y ratificaron el rechazo de los traslados de las dos profesionales de la instituci\u00f3n que la Direcci\u00f3n de Salud Mental traslad\u00f3 a dos dispensarios en C\u00f3rdoba Capital.\u00a0 Durante la asamblea, ATE confirm\u00f3 la cobertura del [&hellip;]<\/p>\n","protected":false},"author":1,"featured_media":19220,"comment_status":"open","ping_status":"open","sticky":false,"template":"","format":"standard","meta":{"_exactmetrics_skip_tracking":false,"_exactmetrics_sitenote_active":false,"_exactmetrics_sitenote_note":"","_exactmetrics_sitenote_category":0,"jnews-multi-image_gallery":[],"jnews_single_post":[],"jnews_primary_category":[],"jnews_social_meta":[],"jnews_review":[],"enable_review":"","type":"","name":"","summary":"","brand":"","sku":"","good":[],"bad":[],"score_override":"","override_value":"","rating":[],"price":[],"jnews_override_counter":[],"jnews_post_split":[],"footnotes":""},"categories":[7,8],"tags":[],"class_list":["post-4973","post","type-post","status-publish","format-standard","has-post-thumbnail","hentry","category-hospitales","category-provinciales"],"jetpack_featured_media_url":"https:\/\/atecordoba.org\/wp-content\/uploads\/2020\/05\/logo-nuevochico-e1561581322808.png","_links":{"self":[{"href":"https:\/\/atecordoba.org\/index.php?rest_route=\/wp\/v2\/posts\/4973","targetHints":{"allow":["GET"]}}],"collection":[{"href":"https:\/\/atecordoba.org\/index.php?rest_route=\/wp\/v2\/posts"}],"about":[{"href":"https:\/\/atecordoba.org\/index.php?rest_route=\/wp\/v2\/types\/post"}],"author":[{"embeddable":true,"href":"https:\/\/atecordoba.org\/index.php?rest_route=\/wp\/v2\/users\/1"}],"replies":[{"embeddable":true,"href":"https:\/\/atecordoba.org\/index.php?rest_route=%2Fwp%2Fv2%2Fcomments&post=4973"}],"version-history":[{"count":0,"href":"https:\/\/atecordoba.org\/index.php?rest_route=\/wp\/v2\/posts\/4973\/revisions"}],"wp:featuredmedia":[{"embeddable":true,"href":"https:\/\/atecordoba.org\/index.php?rest_route=\/wp\/v2\/media\/19220"}],"wp:attachment":[{"href":"https:\/\/atecordoba.org\/index.php?rest_route=%2Fwp%2Fv2%2Fmedia&parent=4973"}],"wp:term":[{"taxonomy":"category","embeddable":true,"href":"https:\/\/atecordoba.org\/index.php?rest_route=%2Fwp%2Fv2%2Fcategories&post=4973"},{"taxonomy":"post_tag","embeddable":true,"href":"https:\/\/atecordoba.org\/index.php?rest_route=%2Fwp%2Fv2%2Ftags&post=4973"}],"curies":[{"name":"wp","href":"https:\/\/api.w.org\/{rel}","templated":true}]}}