{"id":49725,"date":"2025-07-25T11:11:14","date_gmt":"2025-07-25T14:11:14","guid":{"rendered":"https:\/\/atecordoba.org\/?p=49725"},"modified":"2025-07-25T11:11:14","modified_gmt":"2025-07-25T14:11:14","slug":"contra-el-ajuste-y-en-defensa-de-la-soberania-ate-se-reunio-con-diputadas-y-diputados-de-uxp-en-el-congreso","status":"publish","type":"post","link":"https:\/\/atecordoba.org\/?p=49725","title":{"rendered":"Contra el ajuste y en defensa de la soberan\u00eda, ATE se reuni\u00f3 con diputadas y diputados de UXP en el Congreso"},"content":{"rendered":"<p><img loading=\"lazy\" decoding=\"async\" class=\"aligncenter wp-image-49726 \" src=\"https:\/\/atecordoba.org\/wp-content\/uploads\/2025\/07\/WhatsApp-Image-2025-07-24-at-19.37.04-768x1024.jpeg\" alt=\"\" width=\"613\" height=\"817\" srcset=\"https:\/\/atecordoba.org\/wp-content\/uploads\/2025\/07\/WhatsApp-Image-2025-07-24-at-19.37.04-768x1024.jpeg 768w, https:\/\/atecordoba.org\/wp-content\/uploads\/2025\/07\/WhatsApp-Image-2025-07-24-at-19.37.04-225x300.jpeg 225w, https:\/\/atecordoba.org\/wp-content\/uploads\/2025\/07\/WhatsApp-Image-2025-07-24-at-19.37.04-1152x1536.jpeg 1152w, https:\/\/atecordoba.org\/wp-content\/uploads\/2025\/07\/WhatsApp-Image-2025-07-24-at-19.37.04-1536x2048.jpeg 1536w, https:\/\/atecordoba.org\/wp-content\/uploads\/2025\/07\/WhatsApp-Image-2025-07-24-at-19.37.04-750x1000.jpeg 750w, https:\/\/atecordoba.org\/wp-content\/uploads\/2025\/07\/WhatsApp-Image-2025-07-24-at-19.37.04-1140x1520.jpeg 1140w, https:\/\/atecordoba.org\/wp-content\/uploads\/2025\/07\/WhatsApp-Image-2025-07-24-at-19.37.04-scaled.jpeg 1920w\" sizes=\"auto, (max-width: 613px) 100vw, 613px\" \/>El martes pasado ATE estuvo presente en la audiencia convocada por el bloque de diputados nacionales de Uni\u00f3n por la Patria (UxP) en el Congreso de la Naci\u00f3n, para abrir un debate con las representaciones de los diversos sectores y organismos estatales afectados por los decretos emitidos por el gobierno de Milei, que imponen la disoluci\u00f3n y\/o su cambio de naturaleza jur\u00eddica para avanzar en el desguace del Estado.<\/p>\n<figure id=\"attachment_49729\" aria-describedby=\"caption-attachment-49729\" style=\"width: 607px\" class=\"wp-caption aligncenter\"><img loading=\"lazy\" decoding=\"async\" class=\"wp-image-49729\" src=\"https:\/\/atecordoba.org\/wp-content\/uploads\/2025\/07\/vergara.jpeg\" alt=\"\" width=\"607\" height=\"456\" srcset=\"https:\/\/atecordoba.org\/wp-content\/uploads\/2025\/07\/vergara.jpeg 1024w, https:\/\/atecordoba.org\/wp-content\/uploads\/2025\/07\/vergara-300x225.jpeg 300w, https:\/\/atecordoba.org\/wp-content\/uploads\/2025\/07\/vergara-768x576.jpeg 768w, https:\/\/atecordoba.org\/wp-content\/uploads\/2025\/07\/vergara-750x563.jpeg 750w\" sizes=\"auto, (max-width: 607px) 100vw, 607px\" \/><figcaption id=\"caption-attachment-49729\" class=\"wp-caption-text\">Flavio Vergara, ATE Nacional.<\/figcaption><\/figure>\n<p>ATE\u00a0Nacional a trav\u00e9s de Flavio Vergara, Secretario de Convenios Colectivos de Trabajo, expuso frente al Bloque de diputadas y diputados los argumentos por los cuales es fundamental detener el ajuste del Gobierno en materia de ciencia, t\u00e9cnica, salud y educaci\u00f3n.<\/p>\n<p>Las y los estatales cordobeses estuvieron representados por la compa\u00f1era Ayel\u00e9n Branca, adjunta de la Junta Interna de ATE CONICET C\u00f3rdoba e integrante desde dicha instancia en la Mesa Sindical de Ciencia y T\u00e9cnica C\u00f3rdoba, conformada\u00a0a principios de a\u00f1os por iniciativa de ATE y Adiuc, e integrada por ATE INTI, ATE Conicet, ATE Conae, Apinta, ATE Dioxitek, ATE INTA, ATE VENG, el sindicato de docentes de la UTN, entre otros.<\/p>\n<p>\u201cEs urgente frenar la destrucci\u00f3n sistem\u00e1tica que lleva adelante este Gobierno y que vuelve a la Argentina un pa\u00eds en peligro porque no hay seguridad a\u00e9rea, ni seguridad naval, ni seguridad en las rutas, seguridad sanitaria y alimentaria\u201d, alert\u00f3 Vergara frente a los diputados y diputadas.<img loading=\"lazy\" decoding=\"async\" class=\"aligncenter wp-image-49728 \" src=\"https:\/\/atecordoba.org\/wp-content\/uploads\/2025\/07\/WhatsApp-Image-2025-07-24-at-19.37.02-1024x768.jpeg\" alt=\"\" width=\"613\" height=\"460\" \/><\/p>\n<p>El dirigente analiz\u00f3 el contexto de desguace estatal y llam\u00f3 a las y los diputados a comprometerse para defender de la soberan\u00eda nacional en el recinto y en la calle.<\/p>\n<p>El encuentro con representantes del Bloque de Uni\u00f3n por la Patria tuvo como objetivo seguir generando y articulando acciones que logren detener el cierre y la fusi\u00f3n de los organismos esenciales que sostienen al Estado Soberano. Adem\u00e1s, esta \u2018reestructuraci\u00f3n\u2019 que impone el Gobierno ha significado el despido de miles de estatales y el riego de la p\u00e9rdida de empleo para otros.<\/p>\n<p>En ese marco, el Secretario de Convenios Colectivos de la Asociaci\u00f3n Trabajadores del Estado, volvi\u00f3 a dejar en claro: \u201cTenemos que entender cu\u00e1les son las problem\u00e1ticas que vamos a poder combatir en la calle y cu\u00e1les son las que hay que batallar dentro del recinto porque esta es una pelea en com\u00fan que nos compromete a todos y a todas. Es clave que nosotros podamos dar un trabajo de despliegue territorial e ir a cada lugar a buscar a cada senador, a cada senadora, que traicion\u00f3, que se equivoc\u00f3 o fue t\u00edmido para ganar esos votos tambi\u00e9n\u201d.<\/p>\n<figure id=\"attachment_49727\" aria-describedby=\"caption-attachment-49727\" style=\"width: 610px\" class=\"wp-caption aligncenter\"><img loading=\"lazy\" decoding=\"async\" class=\"wp-image-49727\" src=\"https:\/\/atecordoba.org\/wp-content\/uploads\/2025\/07\/WhatsApp-Image-2025-07-24-at-19.42.50-1024x768.jpeg\" alt=\"\" width=\"610\" height=\"458\" srcset=\"https:\/\/atecordoba.org\/wp-content\/uploads\/2025\/07\/WhatsApp-Image-2025-07-24-at-19.42.50-1024x768.jpeg 1024w, https:\/\/atecordoba.org\/wp-content\/uploads\/2025\/07\/WhatsApp-Image-2025-07-24-at-19.42.50-300x225.jpeg 300w, https:\/\/atecordoba.org\/wp-content\/uploads\/2025\/07\/WhatsApp-Image-2025-07-24-at-19.42.50-768x576.jpeg 768w, https:\/\/atecordoba.org\/wp-content\/uploads\/2025\/07\/WhatsApp-Image-2025-07-24-at-19.42.50-1536x1152.jpeg 1536w, https:\/\/atecordoba.org\/wp-content\/uploads\/2025\/07\/WhatsApp-Image-2025-07-24-at-19.42.50-2048x1536.jpeg 2048w, https:\/\/atecordoba.org\/wp-content\/uploads\/2025\/07\/WhatsApp-Image-2025-07-24-at-19.42.50-750x563.jpeg 750w, https:\/\/atecordoba.org\/wp-content\/uploads\/2025\/07\/WhatsApp-Image-2025-07-24-at-19.42.50-1140x855.jpeg 1140w\" sizes=\"auto, (max-width: 610px) 100vw, 610px\" \/><figcaption id=\"caption-attachment-49727\" class=\"wp-caption-text\">Ayel\u00e9n Branca, ATE CONICET C\u00f3rdoba.<\/figcaption><\/figure>\n<p>As\u00ed, lo expuso frente a las diputadas y diputados presentes, como M\u00e1ximo Kirchner, Paula Penacca, Juan Marino, Sergio Palazzo y Vanesa Siley. Tambi\u00e9n subray\u00f3 que el Gobierno est\u00e1 tratando de demoler todo lo que puede.<\/p>\n<p>Del encuentro participaron, adem\u00e1s de dirigentes de ATE, referentes de la agrupaci\u00f3n Construyendo la Unidad y representantes de organismos afectados por las medidas de recorte de Federico Sturzenegger como el Instituto Nacional de Tecnolog\u00eda Agropecuaria (INTA), el Instituto Nacional de Tecnolog\u00eda Industrial (INTI), de la Secretar\u00eda de Agricultura, Ganader\u00eda y Pesca, Subsecretar\u00eda de Derechos Humanos, Secretar\u00eda de Cultura, Vialidad Nacional, de la Agencia Nacional de Seguridad Vial (ANSV), de la Junta de Seguridad en el Transporte (JST) y de la Comisi\u00f3n Nacional de Regulaci\u00f3n del Transporte (CNRT), entre otros.<\/p>\n<p>&#8220;Estuvo interesante porque cada uno de los representantes pudo hablar de su realidad sectorial para que los diputados tomen nota y armen una propuesta para la derogaci\u00f3n de estos decretos, como una pol\u00edtica central para recuperar la soberan\u00eda y el desarrollo nacional&#8221;, subray\u00f3 Ayel\u00e9n Branca al finalizar el c\u00f3nclave..<\/p>\n<p>&nbsp;<\/p>\n","protected":false},"excerpt":{"rendered":"<p>El martes pasado ATE estuvo presente en la audiencia convocada por el bloque de diputados nacionales de Uni\u00f3n por la Patria (UxP) en el Congreso de la Naci\u00f3n, para abrir un debate con las representaciones de los diversos sectores y organismos estatales afectados por los decretos emitidos por el gobierno de Milei, que imponen la [&hellip;]<\/p>\n","protected":false},"author":7,"featured_media":49728,"comment_status":"open","ping_status":"open","sticky":false,"template":"","format":"standard","meta":{"_exactmetrics_skip_tracking":false,"_exactmetrics_sitenote_active":false,"_exactmetrics_sitenote_note":"","_exactmetrics_sitenote_category":0,"jnews-multi-image_gallery":[],"jnews_single_post":[],"jnews_primary_category":[],"jnews_social_meta":[],"jnews_review":[],"enable_review":"","type":"","name":"","summary":"","brand":"","sku":"","good":[],"bad":[],"score_override":"","override_value":"","rating":[],"price":[],"jnews_override_counter":[],"jnews_post_split":[],"footnotes":""},"categories":[18],"tags":[],"class_list":["post-49725","post","type-post","status-publish","format-standard","has-post-thumbnail","hentry","category-nacionales"],"jetpack_featured_media_url":"https:\/\/atecordoba.org\/wp-content\/uploads\/2025\/07\/WhatsApp-Image-2025-07-24-at-19.37.02-scaled-e1753452665755.jpeg","_links":{"self":[{"href":"https:\/\/atecordoba.org\/index.php?rest_route=\/wp\/v2\/posts\/49725","targetHints":{"allow":["GET"]}}],"collection":[{"href":"https:\/\/atecordoba.org\/index.php?rest_route=\/wp\/v2\/posts"}],"about":[{"href":"https:\/\/atecordoba.org\/index.php?rest_route=\/wp\/v2\/types\/post"}],"author":[{"embeddable":true,"href":"https:\/\/atecordoba.org\/index.php?rest_route=\/wp\/v2\/users\/7"}],"replies":[{"embeddable":true,"href":"https:\/\/atecordoba.org\/index.php?rest_route=%2Fwp%2Fv2%2Fcomments&post=49725"}],"version-history":[{"count":1,"href":"https:\/\/atecordoba.org\/index.php?rest_route=\/wp\/v2\/posts\/49725\/revisions"}],"predecessor-version":[{"id":49730,"href":"https:\/\/atecordoba.org\/index.php?rest_route=\/wp\/v2\/posts\/49725\/revisions\/49730"}],"wp:featuredmedia":[{"embeddable":true,"href":"https:\/\/atecordoba.org\/index.php?rest_route=\/wp\/v2\/media\/49728"}],"wp:attachment":[{"href":"https:\/\/atecordoba.org\/index.php?rest_route=%2Fwp%2Fv2%2Fmedia&parent=49725"}],"wp:term":[{"taxonomy":"category","embeddable":true,"href":"https:\/\/atecordoba.org\/index.php?rest_route=%2Fwp%2Fv2%2Fcategories&post=49725"},{"taxonomy":"post_tag","embeddable":true,"href":"https:\/\/atecordoba.org\/index.php?rest_route=%2Fwp%2Fv2%2Ftags&post=49725"}],"curies":[{"name":"wp","href":"https:\/\/api.w.org\/{rel}","templated":true}]}}