{"id":49718,"date":"2025-07-25T09:47:49","date_gmt":"2025-07-25T12:47:49","guid":{"rendered":"https:\/\/atecordoba.org\/?p=49718"},"modified":"2025-07-25T09:47:49","modified_gmt":"2025-07-25T12:47:49","slug":"ate-y-la-cta-a-cordoba-presentes-en-la-masiva-protesta-contra-los-despidos-en-petroquimica-rio-tercero","status":"publish","type":"post","link":"https:\/\/atecordoba.org\/?p=49718","title":{"rendered":"ATE y la CTA-A C\u00f3rdoba, presentes en la masiva protesta contra los despidos en Petroqu\u00edmica R\u00edo Tercero"},"content":{"rendered":"<p><img loading=\"lazy\" decoding=\"async\" class=\"aligncenter wp-image-49719 \" src=\"https:\/\/atecordoba.org\/wp-content\/uploads\/2025\/07\/WhatsApp-Image-2025-07-25-at-07.41.29-1-1024x768.jpeg\" alt=\"\" width=\"619\" height=\"465\" srcset=\"https:\/\/atecordoba.org\/wp-content\/uploads\/2025\/07\/WhatsApp-Image-2025-07-25-at-07.41.29-1-1024x768.jpeg 1024w, https:\/\/atecordoba.org\/wp-content\/uploads\/2025\/07\/WhatsApp-Image-2025-07-25-at-07.41.29-1-300x225.jpeg 300w, https:\/\/atecordoba.org\/wp-content\/uploads\/2025\/07\/WhatsApp-Image-2025-07-25-at-07.41.29-1-768x576.jpeg 768w, https:\/\/atecordoba.org\/wp-content\/uploads\/2025\/07\/WhatsApp-Image-2025-07-25-at-07.41.29-1-750x563.jpeg 750w, https:\/\/atecordoba.org\/wp-content\/uploads\/2025\/07\/WhatsApp-Image-2025-07-25-at-07.41.29-1-1140x855.jpeg 1140w, https:\/\/atecordoba.org\/wp-content\/uploads\/2025\/07\/WhatsApp-Image-2025-07-25-at-07.41.29-1.jpeg 1280w\" sizes=\"auto, (max-width: 619px) 100vw, 619px\" \/>Con la participaci\u00f3n de una columna integrada por estatales de ATE y organizaciones de la CTA Aut\u00f3noma de la provincia de C\u00f3rdoba, se llev\u00f3 a cabo ayer una masiva movilizaci\u00f3n convocada por los trabajadores de Petroqu\u00edmica R\u00edo Tercero para protestar por las 250 cesant\u00edas, que mantiene paralizada la planta. \u201cSin industrias no hay R\u00edo Tercero\u201d plante\u00f3 el cartel que encabezaba la marcha.<\/p>\n<p class=\"text-class\">Los despidos se frenaron por la medida de conciliaci\u00f3n obligatoria por 15 d\u00edas dictaminada por la Secretar\u00eda de Trabajo de la Provincia. Pero ese plazo est\u00e1 corriendo sin cambios en la decisi\u00f3n empresarial.<\/p>\n<p>De la marcha, organizada por el el Sindicato del Personal de Industrias Qu\u00edmicas y Petroqu\u00edmicas (SPIQyP) de R\u00edo Tercero, que recorri\u00f3 m\u00e1s de quince cuadras de las principales calles de la ciudad, participaron en representaci\u00f3n de la CTA-A el Secretario General de la Regional C\u00f3rdoba Capital, Jorge Chalup; la Secretaria General de ATE y de la Central de R\u00edo Cuarto, Rafaela Alcoba; y su par de Villa Mar\u00eda, Enrique \u201cTito\u201d Godoy.<\/p>\n<p>Tambi\u00e9n estuvieron Julia Giuliani, Secretaria de Relaciones Institucionales de la CTA Aut\u00f3noma de la provincia; Gabriela Alcoba, Secretaria Adjunta del Consejo directivo Provincial (CDP) de ATE C\u00f3rdoba; Javier Bracamonte, Secretario de Organizaci\u00f3n; y C\u00e9sar Tehaux, Secretario de Derechos Humanos; Jonatan Cruce\u00f1o, Secretario General de la Junta Interna de la F\u00e1brica de P\u00f3lvoras y Explosivos de Villa Mar\u00eda; David Salto, Secretario General de ATE R\u00edo Tercero; y delegados del Cispren de esa ciudad, entre otros.<\/p>\n<p><strong>Objetivos<\/strong><\/p>\n<p>El objetivo fue el de visibilizar la situaci\u00f3n cr\u00edtica de los trabajadores qu\u00edmicos, exigir el cumplimiento de los derechos laborales e impulsar una intervenci\u00f3n concreta de las autoridades frente a un conflicto, que ya suma 250 despidos y una planta completamente inactiva. El acto de cierre se concret\u00f3 frente al edificio de la Municipalidad que se encontraba vallado y con una fuerte custodia policial.<img loading=\"lazy\" decoding=\"async\" class=\"aligncenter wp-image-49720 \" src=\"https:\/\/atecordoba.org\/wp-content\/uploads\/2025\/07\/WhatsApp-Image-2025-07-25-at-07.41.28-1024x473.jpeg\" alt=\"\" width=\"622\" height=\"287\" srcset=\"https:\/\/atecordoba.org\/wp-content\/uploads\/2025\/07\/WhatsApp-Image-2025-07-25-at-07.41.28-1024x473.jpeg 1024w, https:\/\/atecordoba.org\/wp-content\/uploads\/2025\/07\/WhatsApp-Image-2025-07-25-at-07.41.28-300x139.jpeg 300w, https:\/\/atecordoba.org\/wp-content\/uploads\/2025\/07\/WhatsApp-Image-2025-07-25-at-07.41.28-768x355.jpeg 768w, https:\/\/atecordoba.org\/wp-content\/uploads\/2025\/07\/WhatsApp-Image-2025-07-25-at-07.41.28-750x346.jpeg 750w, https:\/\/atecordoba.org\/wp-content\/uploads\/2025\/07\/WhatsApp-Image-2025-07-25-at-07.41.28-1140x526.jpeg 1140w, https:\/\/atecordoba.org\/wp-content\/uploads\/2025\/07\/WhatsApp-Image-2025-07-25-at-07.41.28.jpeg 1280w\" sizes=\"auto, (max-width: 622px) 100vw, 622px\" \/><\/p>\n<p class=\"text-class\">Lucas Felici, dirigente del sindicato de los qu\u00edmicos, anticip\u00f3 que si el 4 de agosto, fecha en que culmina la conciliaci\u00f3n obligatoria, no se da la reincorporaci\u00f3n de los 124 despedidos, los empleados \u201cocupar\u00e1n\u201d la planta industrial.<\/p>\n<p class=\"text-class\">El gremio entiende que se agudiza a\u00fan m\u00e1s el escenario con el proceso preventivo de crisis, \u201cporque ahora los empleados se deber\u00edan poner en la lista de espera, junto a otros acreedores, para poder cobrar salarios o indemnizaciones\u201d, seg\u00fan interpret\u00f3 Felici.<\/p>\n<p>El gremialista no dej\u00f3 pasar un dato: dijo que Petroqu\u00edmica entreg\u00f3 a la Justicia un expediente de 1.800 fojas, con varios balances, en el marco del iniciado tr\u00e1mite por el proceso preventivo de crisis.<\/p>\n<p><strong>Masacre laboral<\/strong><\/p>\n<p class=\"text-class\">\u201cNo al industricidio, no al cierre de la f\u00e1brica\u201d, resonaba la frase en la marcha por las principales calles c\u00e9ntricas este jueves, que tambi\u00e9n estuvo escoltada por varios gremios que se solidarizaron.\u00a0\u201cEsto es un impacto muy grande y negativo para la ciudad\u201d, protestaba un manifestante. Marc\u00f3 que industria es una de las que mejores sueldos abona en R\u00edo Tercero y advirti\u00f3 sobre el golpe econ\u00f3mico para la ciudad.<img loading=\"lazy\" decoding=\"async\" class=\"aligncenter wp-image-49721 \" src=\"https:\/\/atecordoba.org\/wp-content\/uploads\/2025\/07\/rio-3-marcha-quimicos.jpeg\" alt=\"\" width=\"617\" height=\"347\" srcset=\"https:\/\/atecordoba.org\/wp-content\/uploads\/2025\/07\/rio-3-marcha-quimicos.jpeg 980w, https:\/\/atecordoba.org\/wp-content\/uploads\/2025\/07\/rio-3-marcha-quimicos-300x169.jpeg 300w, https:\/\/atecordoba.org\/wp-content\/uploads\/2025\/07\/rio-3-marcha-quimicos-768x432.jpeg 768w, https:\/\/atecordoba.org\/wp-content\/uploads\/2025\/07\/rio-3-marcha-quimicos-750x422.jpeg 750w\" sizes=\"auto, (max-width: 617px) 100vw, 617px\" \/><\/p>\n<p>\u201cFrenemos entre todos la masacre laboral que hoy en nuestra ciudad se lleva puesto a cientos y cientos de familias; nuestro futuro est\u00e1 en juego y vamos a defenderlo con u\u00f1as y dientes\u201d, aseguraron desde el gremio al iniciarse la movilizaci\u00f3n.<\/p>\n<p>\u201cEstuvimos junto a los trabajadores petroqu\u00edmicos de R\u00edo Tercero en la masiva movilizaci\u00f3n en contra del vaciamiento de la empresa y la inmediata reincorporaci\u00f3n de los trabajadores despedidos\u201d, apunt\u00f3 Chalup.<\/p>\n<p><strong>Tel\u00f3n de fondo<\/strong><\/p>\n<p>La protesta tuvo como tel\u00f3n de fondo la situaci\u00f3n que se desat\u00f3 el pasado 8 de julio, cuando la empresa detuvo toda producci\u00f3n en la planta de R\u00edo Tercero. El Sindicato del Personal de Industrias Qu\u00edmicas y Petroqu\u00edmicas\u00a0(SPIQyP) denunci\u00f3 un lockout patronal y advirti\u00f3 que la firma comenz\u00f3 a vaciar las instalaciones, retirando los productos en camiones sin explicaci\u00f3n previa, aseguraban que se trataba de ventas.<\/p>\n<p>En los d\u00edas posteriores, la empresa oficializ\u00f3 125 despidos, que se suman a los 125 cesanteados en octubre, alcanzando los 250 despidos acumulados.<img loading=\"lazy\" decoding=\"async\" class=\"aligncenter wp-image-49722 \" src=\"https:\/\/atecordoba.org\/wp-content\/uploads\/2025\/07\/WhatsApp-Image-2025-07-25-at-07.41.29-1024x768.jpeg\" alt=\"\" width=\"618\" height=\"464\" srcset=\"https:\/\/atecordoba.org\/wp-content\/uploads\/2025\/07\/WhatsApp-Image-2025-07-25-at-07.41.29-1024x768.jpeg 1024w, https:\/\/atecordoba.org\/wp-content\/uploads\/2025\/07\/WhatsApp-Image-2025-07-25-at-07.41.29-300x225.jpeg 300w, https:\/\/atecordoba.org\/wp-content\/uploads\/2025\/07\/WhatsApp-Image-2025-07-25-at-07.41.29-768x576.jpeg 768w, https:\/\/atecordoba.org\/wp-content\/uploads\/2025\/07\/WhatsApp-Image-2025-07-25-at-07.41.29-1536x1152.jpeg 1536w, https:\/\/atecordoba.org\/wp-content\/uploads\/2025\/07\/WhatsApp-Image-2025-07-25-at-07.41.29-750x563.jpeg 750w, https:\/\/atecordoba.org\/wp-content\/uploads\/2025\/07\/WhatsApp-Image-2025-07-25-at-07.41.29-1140x855.jpeg 1140w, https:\/\/atecordoba.org\/wp-content\/uploads\/2025\/07\/WhatsApp-Image-2025-07-25-at-07.41.29.jpeg 1600w\" sizes=\"auto, (max-width: 618px) 100vw, 618px\" \/><\/p>\n<p>Esta semana se confirm\u00f3 adem\u00e1s que Petroqu\u00edmica R\u00edo Tercero present\u00f3 un pedido de concurso de acreedores, lo que provoc\u00f3 la inmediata intervenci\u00f3n del Ministerio de Trabajo, que dict\u00f3 una conciliaci\u00f3n obligatoria parcial \u2014limitada a trabajadores representados por el gremio\u2014.<\/p>\n<p>En este contexto de desprotecci\u00f3n y colapso productivo, los trabajadores, junto a un amplio arco de organizaciones sindicales, pol\u00edticas y sociales se movilizaron ayer para reclamar respuestas, garant\u00edas laborales y el pago inmediato de las deudas pendientes.<\/p>\n<p>&nbsp;<\/p>\n","protected":false},"excerpt":{"rendered":"<p>Con la participaci\u00f3n de una columna integrada por estatales de ATE y organizaciones de la CTA Aut\u00f3noma de la provincia de C\u00f3rdoba, se llev\u00f3 a cabo ayer una masiva movilizaci\u00f3n convocada por los trabajadores de Petroqu\u00edmica R\u00edo Tercero para protestar por las 250 cesant\u00edas, que mantiene paralizada la planta. \u201cSin industrias no hay R\u00edo Tercero\u201d [&hellip;]<\/p>\n","protected":false},"author":7,"featured_media":49721,"comment_status":"open","ping_status":"open","sticky":false,"template":"","format":"standard","meta":{"_exactmetrics_skip_tracking":false,"_exactmetrics_sitenote_active":false,"_exactmetrics_sitenote_note":"","_exactmetrics_sitenote_category":0,"jnews-multi-image_gallery":[],"jnews_single_post":[],"jnews_primary_category":[],"jnews_social_meta":[],"jnews_review":[],"enable_review":"","type":"","name":"","summary":"","brand":"","sku":"","good":[],"bad":[],"score_override":"","override_value":"","rating":[],"price":[],"jnews_override_counter":[],"jnews_post_split":[],"footnotes":""},"categories":[10],"tags":[],"class_list":["post-49718","post","type-post","status-publish","format-standard","has-post-thumbnail","hentry","category-accion-politica"],"jetpack_featured_media_url":"https:\/\/atecordoba.org\/wp-content\/uploads\/2025\/07\/rio-3-marcha-quimicos.jpeg","_links":{"self":[{"href":"https:\/\/atecordoba.org\/index.php?rest_route=\/wp\/v2\/posts\/49718","targetHints":{"allow":["GET"]}}],"collection":[{"href":"https:\/\/atecordoba.org\/index.php?rest_route=\/wp\/v2\/posts"}],"about":[{"href":"https:\/\/atecordoba.org\/index.php?rest_route=\/wp\/v2\/types\/post"}],"author":[{"embeddable":true,"href":"https:\/\/atecordoba.org\/index.php?rest_route=\/wp\/v2\/users\/7"}],"replies":[{"embeddable":true,"href":"https:\/\/atecordoba.org\/index.php?rest_route=%2Fwp%2Fv2%2Fcomments&post=49718"}],"version-history":[{"count":1,"href":"https:\/\/atecordoba.org\/index.php?rest_route=\/wp\/v2\/posts\/49718\/revisions"}],"predecessor-version":[{"id":49723,"href":"https:\/\/atecordoba.org\/index.php?rest_route=\/wp\/v2\/posts\/49718\/revisions\/49723"}],"wp:featuredmedia":[{"embeddable":true,"href":"https:\/\/atecordoba.org\/index.php?rest_route=\/wp\/v2\/media\/49721"}],"wp:attachment":[{"href":"https:\/\/atecordoba.org\/index.php?rest_route=%2Fwp%2Fv2%2Fmedia&parent=49718"}],"wp:term":[{"taxonomy":"category","embeddable":true,"href":"https:\/\/atecordoba.org\/index.php?rest_route=%2Fwp%2Fv2%2Fcategories&post=49718"},{"taxonomy":"post_tag","embeddable":true,"href":"https:\/\/atecordoba.org\/index.php?rest_route=%2Fwp%2Fv2%2Ftags&post=49718"}],"curies":[{"name":"wp","href":"https:\/\/api.w.org\/{rel}","templated":true}]}}