{"id":49714,"date":"2025-07-24T14:41:28","date_gmt":"2025-07-24T17:41:28","guid":{"rendered":"https:\/\/atecordoba.org\/?p=49714"},"modified":"2025-07-24T14:41:28","modified_gmt":"2025-07-24T17:41:28","slug":"giuliani-hay-que-recuperar-el-valor-de-la-comunidad-organizada","status":"publish","type":"post","link":"https:\/\/atecordoba.org\/?p=49714","title":{"rendered":"Giuliani: \u201cHay que recuperar el valor de la comunidad organizada\u201d"},"content":{"rendered":"<p><img loading=\"lazy\" decoding=\"async\" class=\"aligncenter wp-image-49715 \" src=\"https:\/\/atecordoba.org\/wp-content\/uploads\/2025\/07\/cara-1024x684.jpg\" alt=\"\" width=\"609\" height=\"407\" srcset=\"https:\/\/atecordoba.org\/wp-content\/uploads\/2025\/07\/cara-1024x684.jpg 1024w, https:\/\/atecordoba.org\/wp-content\/uploads\/2025\/07\/cara-300x200.jpg 300w, https:\/\/atecordoba.org\/wp-content\/uploads\/2025\/07\/cara-768x513.jpg 768w, https:\/\/atecordoba.org\/wp-content\/uploads\/2025\/07\/cara-1536x1025.jpg 1536w, https:\/\/atecordoba.org\/wp-content\/uploads\/2025\/07\/cara-750x501.jpg 750w, https:\/\/atecordoba.org\/wp-content\/uploads\/2025\/07\/cara-1140x761.jpg 1140w, https:\/\/atecordoba.org\/wp-content\/uploads\/2025\/07\/cara.jpg 2048w\" sizes=\"auto, (max-width: 609px) 100vw, 609px\" \/>El Secretario General de ATE y la CTA Aut\u00f3noma C\u00f3rdoba, Federico Giuliani, afirm\u00f3 que \u201cal avance de la ultraderecha y el revanchismo olig\u00e1rquico tenemos que contraponer la construcci\u00f3n genuina de poder popular, de abajo hacia arriba y de la periferia al centro, apostando a la participaci\u00f3n de los compa\u00f1eros para que todo lo que haya que discutir se discuta a partir de una pr\u00e1ctica transformadora, que cuestione de ra\u00edz el discurso montado del no se puede, la inacci\u00f3n, la par\u00e1lisis social. Por lo tanto, conjugar teor\u00eda y pr\u00e1ctica en la realidad cotidiana implica no perder de vista nuestra planificaci\u00f3n com\u00fan para gobernarnos\u201d.<\/p>\n<p>El Secretario de Acci\u00f3n Gremial y Campa\u00f1as de la Confederaci\u00f3n Latinoamericana y del Caribe de Trabajadores Estatales (CLATE), formul\u00f3 estas declaraciones desde Caracas, donde hoy y ma\u00f1ana participar\u00e1 de una \u201cCumbre de los Pueblos por la Paz y contra la Guerra\u201d que cuenta con la organizaci\u00f3n de la Alianza Bolivariana para los Pueblos de Nuestra Am\u00e9rica (ALBA). En tanto que el 27 de julio formar\u00e1 parte parte de la Misi\u00f3n de Acompa\u00f1amiento Internacional a las elecciones de Alcaldesas, Alcaldes y Concejos Municipales, que se celebrar\u00e1n en todo el territorio nacional.<\/p>\n<p><strong>Territorio<\/strong><\/p>\n<p>Giuliani reflexion\u00f3 sobre la importancia del protagonismo popular para interpelar la democracia colonial existente en nuestro pa\u00eds tras visitar ayer, invitado por dirigentes del ALBA, la Comuna Pinto Salinas, en el oeste de la capital venezolana. \u201cEstuvimos en el Sal\u00f3n Comunitario donde se planifican actividades y la urbanizaci\u00f3n de la Comuna en un ejercicio cotidiano de construcci\u00f3n de poder popular a trav\u00e9s del autogobierno\u201d.<\/p>\n<p>Se\u00f1al\u00f3 que \u201cmantuvimos un encuentro con el poder popular organizado donde se estrecha el trabajo conjunto de las bases sociales con el ideario de la Revoluci\u00f3n Bolivariana que se resume en la consigna \u2018M\u00e1s territorio, menos escritorio\u2019, avanzando en la horizontalizaci\u00f3n del proceso democr\u00e1tico\u201d.<\/p>\n<p>\u201cEsta experiencia en Caracas reafirma para nosotros lo importante que es la construcci\u00f3n territorial que llevamos adelante desde la CTA Aut\u00f3noma C\u00f3rdoba, organizando a los pobladores de las barriadas populares para que sean parte de este armado colectivo que se plantea no solamente resistir la barbarie del Gobierno cipayo de Milei, sino avanzar en la construcci\u00f3n del nuevo Movimiento Pol\u00edtico, Social y Cultural de Liberaci\u00f3n votado en distintos congresos nacionales de la Central. En ese camino, el 9 de julio lanzamos con un acto p\u00fablico en el Monumento a Belgrano del Parque Sarmiento el Movimiento Pueblo y Patria\u201d, sentenci\u00f3.<\/p>\n<p>Expres\u00f3 que \u201ctenemos que dar la disputa por el sentido com\u00fan de nuestro pueblo. Hoy, lo que hemos perdido es el valor de la comunidad organizada, porque como dec\u00eda Per\u00f3n, \u2018Nadie puede realizarse en una comunidad que no se realiza\u2019. Nosotros tenemos que recuperar el sentido de comunidad, reconstruir y recrear el tejido social, laburar en redes, porque est\u00e1 claro que nadie se va a salvar solo. La salida va a ser colectiva y como pueblo. Por lo tanto, proponemos una pol\u00edtica parida desde los territorios y con la Justicia Social como horizonte\u201d.<\/p>\n<p>Giuliani concluy\u00f3: \u201cLo importante de nuestra Central en C\u00f3rdoba es que tiene territorio. La unidad empieza desde ah\u00ed. La unidad de nuestro barrio. La unidad de nuestros barrios, la unidad de nuestra Central: Entre trabajadores registrados y en negro; entre ocupados y desocupados; entre laburantes activos y jubilados; entre el barrio y la f\u00e1brica; entre el sindicato y nuestra organizaci\u00f3n territorial que es la FeNaT. Todos juntos venceremos\u201d.<\/p>\n","protected":false},"excerpt":{"rendered":"<p>El Secretario General de ATE y la CTA Aut\u00f3noma C\u00f3rdoba, Federico Giuliani, afirm\u00f3 que \u201cal avance de la ultraderecha y el revanchismo olig\u00e1rquico tenemos que contraponer la construcci\u00f3n genuina de poder popular, de abajo hacia arriba y de la periferia al centro, apostando a la participaci\u00f3n de los compa\u00f1eros para que todo lo que haya [&hellip;]<\/p>\n","protected":false},"author":7,"featured_media":49715,"comment_status":"open","ping_status":"open","sticky":false,"template":"","format":"standard","meta":{"_exactmetrics_skip_tracking":false,"_exactmetrics_sitenote_active":false,"_exactmetrics_sitenote_note":"","_exactmetrics_sitenote_category":0,"jnews-multi-image_gallery":[],"jnews_single_post":[],"jnews_primary_category":[],"jnews_social_meta":[],"jnews_review":[],"enable_review":"","type":"","name":"","summary":"","brand":"","sku":"","good":[],"bad":[],"score_override":"","override_value":"","rating":[],"price":[],"jnews_override_counter":[],"jnews_post_split":[],"footnotes":""},"categories":[10],"tags":[],"class_list":["post-49714","post","type-post","status-publish","format-standard","has-post-thumbnail","hentry","category-accion-politica"],"jetpack_featured_media_url":"https:\/\/atecordoba.org\/wp-content\/uploads\/2025\/07\/cara.jpg","_links":{"self":[{"href":"https:\/\/atecordoba.org\/index.php?rest_route=\/wp\/v2\/posts\/49714","targetHints":{"allow":["GET"]}}],"collection":[{"href":"https:\/\/atecordoba.org\/index.php?rest_route=\/wp\/v2\/posts"}],"about":[{"href":"https:\/\/atecordoba.org\/index.php?rest_route=\/wp\/v2\/types\/post"}],"author":[{"embeddable":true,"href":"https:\/\/atecordoba.org\/index.php?rest_route=\/wp\/v2\/users\/7"}],"replies":[{"embeddable":true,"href":"https:\/\/atecordoba.org\/index.php?rest_route=%2Fwp%2Fv2%2Fcomments&post=49714"}],"version-history":[{"count":1,"href":"https:\/\/atecordoba.org\/index.php?rest_route=\/wp\/v2\/posts\/49714\/revisions"}],"predecessor-version":[{"id":49716,"href":"https:\/\/atecordoba.org\/index.php?rest_route=\/wp\/v2\/posts\/49714\/revisions\/49716"}],"wp:featuredmedia":[{"embeddable":true,"href":"https:\/\/atecordoba.org\/index.php?rest_route=\/wp\/v2\/media\/49715"}],"wp:attachment":[{"href":"https:\/\/atecordoba.org\/index.php?rest_route=%2Fwp%2Fv2%2Fmedia&parent=49714"}],"wp:term":[{"taxonomy":"category","embeddable":true,"href":"https:\/\/atecordoba.org\/index.php?rest_route=%2Fwp%2Fv2%2Fcategories&post=49714"},{"taxonomy":"post_tag","embeddable":true,"href":"https:\/\/atecordoba.org\/index.php?rest_route=%2Fwp%2Fv2%2Ftags&post=49714"}],"curies":[{"name":"wp","href":"https:\/\/api.w.org\/{rel}","templated":true}]}}