{"id":49707,"date":"2025-07-24T11:24:04","date_gmt":"2025-07-24T14:24:04","guid":{"rendered":"https:\/\/atecordoba.org\/?p=49707"},"modified":"2025-07-24T11:24:04","modified_gmt":"2025-07-24T14:24:04","slug":"en-una-fuerte-declaracion-de-la-mayoria-de-los-bloques-la-legislatura-expreso-su-preocupacion-por-el-ataque-al-inti-y-rechazo-las-aplicacion-del-dnu-462-25","status":"publish","type":"post","link":"https:\/\/atecordoba.org\/?p=49707","title":{"rendered":"En una fuerte declaraci\u00f3n de la mayor\u00eda de los bloques la Legislatura expres\u00f3 su preocupaci\u00f3n por el ataque al INTI y rechaz\u00f3 las aplicaci\u00f3n del DNU 462\/25"},"content":{"rendered":"<p><img loading=\"lazy\" decoding=\"async\" class=\"alignleft wp-image-49708 \" src=\"https:\/\/atecordoba.org\/wp-content\/uploads\/2025\/07\/WhatsApp-Image-2025-07-24-at-07.39.19-1-595x1024.jpeg\" alt=\"\" width=\"375\" height=\"645\" srcset=\"https:\/\/atecordoba.org\/wp-content\/uploads\/2025\/07\/WhatsApp-Image-2025-07-24-at-07.39.19-1-595x1024.jpeg 595w, https:\/\/atecordoba.org\/wp-content\/uploads\/2025\/07\/WhatsApp-Image-2025-07-24-at-07.39.19-1-174x300.jpeg 174w, https:\/\/atecordoba.org\/wp-content\/uploads\/2025\/07\/WhatsApp-Image-2025-07-24-at-07.39.19-1.jpeg 738w\" sizes=\"auto, (max-width: 375px) 100vw, 375px\" \/>Ayer la Legislatura emiti\u00f3 una declaraci\u00f3n donde expres\u00f3 su preocupaci\u00f3n por la situaci\u00f3n que atraviesa el Instituto Nacional de Tecnolog\u00eda Industrial (INTI), rechaz\u00f3 las aplicaci\u00f3n del DNU 462\/25 -que degrada la naturaleza del organismo y lo pone a tiro de resoluci\u00f3n que podr\u00eda clausurarlo- y recibi\u00f3 una delegaci\u00f3n de trabajadores del organismo.<\/p>\n<p>La declaraci\u00f3n cont\u00f3 con amplio apoyo de los bloques de la Unicameral, donde solo se eximi\u00f3 la representaci\u00f3n libertaria, y advirti\u00f3 que que el decreto amenaza con su desguace y pone en riesgo la continuidad &#8220;de un organismo fundamental para el desarrollo de la ciencia aplicada en nuestro pa\u00eds&#8221;.<\/p>\n<p>En tal sentido, el Poder Legislativo inst\u00f3 a senadores y diputados nacionales por la provincia de C\u00f3rdoba a &#8220;rechazar el mencionado decreto y apoyar todas las iniciativas tendientes a retrotraer estas medidas&#8221;.<\/p>\n<p>La delegaci\u00f3n de estatales que concurri\u00f3 a la Unicameral fue recibida por los y las legisladoras Mat\u00edas Chamorro, Luciana Echevarr\u00eda y Miguel Siciliano, entre otros, lo que da cuenta\u00a0 el amplio arco de apoyo pol\u00edtico a la lucha de los trabajadores para proteger el status del INTI, cuya delegaci\u00f3n en C\u00f3rdoba Capital se encuentra frente a la Plaza de las Am\u00e9ricas.<\/p>\n<p>En el balance el compa\u00f1ero Julio Costa, trabajador del sector y afiliado de ATE, dijo que &#8220;nos fue bastante bien, la idea surgi\u00f3 en la jornada de puertas abiertas que hicimos el viernes. Nos invitaron para hacer una declaraci\u00f3n de preocupaci\u00f3n por la destrucci\u00f3n del INTI. Participamos como invitados en la sesi\u00f3n donde todos los presidentes de los bloques hablaron bastante bien y se aprob\u00f3 la declaraci\u00f3n&#8221;.<\/p>\n<p><strong>Fundamentos\u00a0<\/strong><\/p>\n<p>En los fundamentos de la declaraci\u00f3n, la Legislatura rese\u00f1\u00f3 que &#8220;el Instituto Nacional de Tecnolog\u00eda Industrial (INTI) fue creado el 27 de diciembre de 1957, como parte de un conjunto de instituciones nacionales que se crearon en esa \u00e9poca con la intenci\u00f3n de favorecer la inversi\u00f3n p\u00fablica en ciencia y tecnolog\u00eda. Sus primeros laboratorios se ubicaron en el Parque Tecnol\u00f3gico Miguelete, un predio de 19 hect\u00e1reas ubicado en el partido bonaerense de General San Mart\u00edn. En los primeros a\u00f1os, estuvo ligado a la expansi\u00f3n industrial vinculada a la sustituci\u00f3n de importaciones y orientada al mercado interno. Al ritmo de ese proceso el Instituto fue ampliando sus actividades y servicios. Esto llev\u00f3 a la formaci\u00f3n de las primeras sedes regionales alcanzando distintos lugares del territorio nacional&#8221;.<\/p>\n<p><img loading=\"lazy\" decoding=\"async\" class=\"aligncenter wp-image-49709 \" src=\"https:\/\/atecordoba.org\/wp-content\/uploads\/2025\/07\/WhatsApp-Image-2025-07-24-at-07.39.20-1.jpeg\" alt=\"\" width=\"628\" height=\"708\" srcset=\"https:\/\/atecordoba.org\/wp-content\/uploads\/2025\/07\/WhatsApp-Image-2025-07-24-at-07.39.20-1.jpeg 738w, https:\/\/atecordoba.org\/wp-content\/uploads\/2025\/07\/WhatsApp-Image-2025-07-24-at-07.39.20-1-266x300.jpeg 266w\" sizes=\"auto, (max-width: 628px) 100vw, 628px\" \/><\/p>\n<p>&#8220;En el Parque Tecnol\u00f3gico Miguelete se concentran hoy varias sedes tecnol\u00f3gicas, donde se desempe\u00f1an profesionales, t\u00e9cnicas y t\u00e9cnicos altamente especializados en laboratorios provistos de instrumental y equipamiento que responden entre otras cosas a las necesidades de las Pymes en todo el pa\u00eds, para mejorar su competitividad, robustecer las cadenas de valor en todo el pa\u00eds, promover la sustituci\u00f3n de importaciones, el desarrollo de proveedores, una perspectiva sustentable para el sistema productivo, la innovaci\u00f3n, la exportaci\u00f3n con valor agregado entre otras variables&#8221;.<\/p>\n<p>La Legislatura se\u00f1al\u00f3 tambi\u00e9n que &#8220;el INTI tambi\u00e9n act\u00faa como referente nacional en el \u00e1mbito de las mediciones y funciona como Instituto Nacional de Metrolog\u00eda, de acuerdo con la ley nacional 19.511. Tiene la tarea de realizar, reproducir y mantener los patrones nacionales de medida y difundir su exactitud. As\u00ed, contribuye a garantizar la calidad en las mediciones relativas a medio ambiente, salud humana, alimentos, seguridad p\u00fablica, equidad en el comercio (por ejemplo con el patr\u00f3n para los combustibles) y de calidad de la producci\u00f3n industrial. En la actualidad, el Instituto fortalece su mirada federal y su v\u00ednculo estrecho con el entramado productivo en todo el pa\u00eds&#8221;.<\/p>\n<p>&#8220;El 07 de julio del corriente a\u00f1o, el Ministerio de Desregulaci\u00f3n y el presidente de la Naci\u00f3n promulgaron el decreto 462\/2025 con el que se busca avanzar en la disoluci\u00f3n del INTI. Seg\u00fan explic\u00f3 a la prensa el ministro Federico Sturzenegger el Instituto &#8216;va a pasar a ser una dependencia en la Secretar\u00eda de Producci\u00f3n y Comercio&#8217;. Ya que desde su gobierno consideran que el organismo &#8216;se ha convertido en un obst\u00e1culo para la industria'&#8221;.<\/p>\n<p><strong>Falsos argumentos del gobierno de Milei y despidos<\/strong><\/p>\n<p>&#8220;El decreto se\u00f1ala en sus considerandos que el Instituto tiene una estructura que est\u00e1 excedida en cantidad de \u00e1reas de soporte, de administraci\u00f3n y finanzas, como de sistemas, recursos humanos, entre otras. En los t\u00e9rminos del decreto un 30% del personal es considerado prescindible, poniendo en peligro 700 puestos de trabajo, muchos de ellos altamente calificados. Tambi\u00e9n busca eliminar la autonom\u00eda y autarqu\u00eda del instituto quit\u00e1ndole la potestad de manejar los fondos que provienen del cobro de servicios a la industria. Seg\u00fan indican los trabajadores del INTI,\u00a0 de concretarse estos cambios el Instituto perder\u00eda su capacidad operativa&#8221;.<\/p>\n<p><img loading=\"lazy\" decoding=\"async\" class=\"aligncenter wp-image-49710 \" src=\"https:\/\/atecordoba.org\/wp-content\/uploads\/2025\/07\/WhatsApp-Image-2025-07-24-at-07.39.20.jpeg\" alt=\"\" width=\"612\" height=\"687\" srcset=\"https:\/\/atecordoba.org\/wp-content\/uploads\/2025\/07\/WhatsApp-Image-2025-07-24-at-07.39.20.jpeg 738w, https:\/\/atecordoba.org\/wp-content\/uploads\/2025\/07\/WhatsApp-Image-2025-07-24-at-07.39.20-267x300.jpeg 267w\" sizes=\"auto, (max-width: 612px) 100vw, 612px\" \/><\/p>\n<p>&#8220;El gobierno tiene desde un primer momento el proyecto de desintegrar el INTI y otras instituciones. As\u00ed lo plasm\u00f3 en la primera versi\u00f3n del proyecto de la llamada &#8216;Ley Bases&#8217;. Pero durante el tratamiento, movilizaci\u00f3n popular mediante, el Congreso de la Naci\u00f3n excluy\u00f3 expresamente de la Ley 27.742 en sus art\u00edculos 2 y 6 la delegaci\u00f3n de facultades para que el Poder Ejecutivo pueda disolver o intervenir el INTI y el Instituto Nacional de Tecnolog\u00eda Agropecuaria (INTA).\u00a0 De esta forma, el ministro de Desregulaci\u00f3n Sturzenegger y el presidente Milei, hacen pasar como una \u201credefinici\u00f3n de la estructura\u201c un verdadero desguace. Los pretextos son cr\u00edticas respecto a la dimensi\u00f3n y el costo para el Estado del sostenimiento de ambos. Distintas entidades empresariales del agro como de la industria se han manifestado en contra del posible desguace del sector. En cuanto al desguace del INTI, cabe recordar que Sturzenegger en una entrevista con el canal La Naci\u00f3n + dijo que &#8216;no sab\u00edan bien que hac\u00edan&#8217; en el Instituto, dejando en claro que para el ministro no interesan los organismos que sirven para agregar valor o controlar la calidad de los productos que consumimos. No se interesa por la ciencia ni la producci\u00f3n argentina&#8221;.<\/p>\n<p><strong>Trascendencia del INTI<\/strong><\/p>\n<p>&#8220;El INTI tiene una presencia significativa en todo el pa\u00eds incluida nuestra provincia de C\u00f3rdoba donde acompa\u00f1a e impulsa \u201cel crecimiento de las industrias de la provincia y la regi\u00f3n a trav\u00e9s de una amplia oferta tecnol\u00f3gica, promoviendo la mejora continua y el desarrollo de cadenas de valor\u201d. Entre otras cuestiones brinda asistencia t\u00e9cnica a la industria metalmec\u00e1nica, qu\u00edmica, petroqu\u00edmica, de la alimentaci\u00f3n, la maquinaria agr\u00edcola y la construcci\u00f3n, entre otras. Entre sus principales l\u00edneas de trabajo est\u00e1 &#8216;la asistencia t\u00e9cnica, an\u00e1lisis y ensayos; desarrollos tecnol\u00f3gicos; metrolog\u00eda industrial, cient\u00edfica y legal; gesti\u00f3n de la energ\u00eda, soldadura, ambiente, tecnolog\u00edas de gesti\u00f3n y capacitaci\u00f3n&#8217;. Para ello cuenta con importantes equipos e infraestructura y presta servicios de calibraci\u00f3n de l\u00e1ser trackers y term\u00f3metros de radiaci\u00f3n y cuenta con el Patr\u00f3n Nacional de \u00c1ngulo Plano, cuya funci\u00f3n principal es la calibraci\u00f3n de autocolimadores electr\u00f3nicos de alta resoluci\u00f3n (para alinear componentes en sistemas \u00f3pticos y mec\u00e1nicos, como espejos, lentes y prismas para el control de calidad para asegurar la precisi\u00f3n y la alineaci\u00f3n de componentes en la fabricaci\u00f3n de instrumentos \u00f3pticos, sistemas l\u00e1ser y otros dispositivos de precisi\u00f3n)&#8221;.<\/p>\n<p>&#8220;Por todo lo expuesto, a fin de colaborar a preservar los puestos de trabajo y la continuidad de una instituci\u00f3n fundamental para el desarrollo y la soberan\u00eda econ\u00f3mica nacional&#8221;.<\/p>\n","protected":false},"excerpt":{"rendered":"<p>Ayer la Legislatura emiti\u00f3 una declaraci\u00f3n donde expres\u00f3 su preocupaci\u00f3n por la situaci\u00f3n que atraviesa el Instituto Nacional de Tecnolog\u00eda Industrial (INTI), rechaz\u00f3 las aplicaci\u00f3n del DNU 462\/25 -que degrada la naturaleza del organismo y lo pone a tiro de resoluci\u00f3n que podr\u00eda clausurarlo- y recibi\u00f3 una delegaci\u00f3n de trabajadores del organismo. La declaraci\u00f3n cont\u00f3 [&hellip;]<\/p>\n","protected":false},"author":7,"featured_media":49711,"comment_status":"open","ping_status":"open","sticky":false,"template":"","format":"standard","meta":{"_exactmetrics_skip_tracking":false,"_exactmetrics_sitenote_active":false,"_exactmetrics_sitenote_note":"","_exactmetrics_sitenote_category":0,"jnews-multi-image_gallery":[],"jnews_single_post":[],"jnews_primary_category":[],"jnews_social_meta":[],"jnews_review":[],"enable_review":"","type":"","name":"","summary":"","brand":"","sku":"","good":[],"bad":[],"score_override":"","override_value":"","rating":[],"price":[],"jnews_override_counter":[],"jnews_post_split":[],"footnotes":""},"categories":[10],"tags":[],"class_list":["post-49707","post","type-post","status-publish","format-standard","has-post-thumbnail","hentry","category-accion-politica"],"jetpack_featured_media_url":"https:\/\/atecordoba.org\/wp-content\/uploads\/2025\/07\/recinto-legislatura.jpg","_links":{"self":[{"href":"https:\/\/atecordoba.org\/index.php?rest_route=\/wp\/v2\/posts\/49707","targetHints":{"allow":["GET"]}}],"collection":[{"href":"https:\/\/atecordoba.org\/index.php?rest_route=\/wp\/v2\/posts"}],"about":[{"href":"https:\/\/atecordoba.org\/index.php?rest_route=\/wp\/v2\/types\/post"}],"author":[{"embeddable":true,"href":"https:\/\/atecordoba.org\/index.php?rest_route=\/wp\/v2\/users\/7"}],"replies":[{"embeddable":true,"href":"https:\/\/atecordoba.org\/index.php?rest_route=%2Fwp%2Fv2%2Fcomments&post=49707"}],"version-history":[{"count":1,"href":"https:\/\/atecordoba.org\/index.php?rest_route=\/wp\/v2\/posts\/49707\/revisions"}],"predecessor-version":[{"id":49712,"href":"https:\/\/atecordoba.org\/index.php?rest_route=\/wp\/v2\/posts\/49707\/revisions\/49712"}],"wp:featuredmedia":[{"embeddable":true,"href":"https:\/\/atecordoba.org\/index.php?rest_route=\/wp\/v2\/media\/49711"}],"wp:attachment":[{"href":"https:\/\/atecordoba.org\/index.php?rest_route=%2Fwp%2Fv2%2Fmedia&parent=49707"}],"wp:term":[{"taxonomy":"category","embeddable":true,"href":"https:\/\/atecordoba.org\/index.php?rest_route=%2Fwp%2Fv2%2Fcategories&post=49707"},{"taxonomy":"post_tag","embeddable":true,"href":"https:\/\/atecordoba.org\/index.php?rest_route=%2Fwp%2Fv2%2Ftags&post=49707"}],"curies":[{"name":"wp","href":"https:\/\/api.w.org\/{rel}","templated":true}]}}