{"id":49701,"date":"2025-07-24T10:29:30","date_gmt":"2025-07-24T13:29:30","guid":{"rendered":"https:\/\/atecordoba.org\/?p=49701"},"modified":"2025-07-24T10:30:40","modified_gmt":"2025-07-24T13:30:40","slug":"salsipuedes-esperamos-una-propuesta-mas-seria-del-ejecutivo","status":"publish","type":"post","link":"https:\/\/atecordoba.org\/?p=49701","title":{"rendered":"Salsipuedes: &#8220;Esperamos una propuesta m\u00e1s seria del Ejecutivo&#8221;"},"content":{"rendered":"<p><img loading=\"lazy\" decoding=\"async\" class=\"aligncenter wp-image-49703 size-full\" src=\"https:\/\/atecordoba.org\/wp-content\/uploads\/2025\/07\/salsipuedes-31-10-24-e1753363723757.png\" alt=\"\" width=\"550\" height=\"522\" srcset=\"https:\/\/atecordoba.org\/wp-content\/uploads\/2025\/07\/salsipuedes-31-10-24-e1753363723757.png 550w, https:\/\/atecordoba.org\/wp-content\/uploads\/2025\/07\/salsipuedes-31-10-24-e1753363723757-300x285.png 300w\" sizes=\"auto, (max-width: 550px) 100vw, 550px\" \/>Con una nueva asamblea prevista para ma\u00f1ana viernes prosigue el conflicto salarial en la Municipalidad de Salsipuedes. ATE est\u00e1 solicitando una recomposici\u00f3n de los haberes del 63% a pagar en el transcurso de los pr\u00f3ximos cinco meses, es decir de julio as noviembre de 2025, que d\u00e9 un margen e recuperaci\u00f3n de los ingresos de las y los municipales del sector.<\/p>\n<p>Actualmente, el salario para la categor\u00eda 1 del escalaf\u00f3n de planta permanente se ubica en 508 mi pesos, sueldo que roza la l\u00ednea de la indigencia. Ello explica la firmeza y la legitimidad del reclamo gremial, que por el momento no ha obtenido una respuesta acorde desde el Departamento Ejecutivo.<\/p>\n<p>Se trata de un conflicto que ya lleva buena parte del mes de julio.<\/p>\n<p>En declaraciones a la prensa local, el delegado de ATE, Vladimir Su\u00e1rez, explic\u00f3 que el reclamo de nuestro sindicato &#8220;significar\u00eda un aumento de 300 mil pesos en un plazo de cinco meses. Es una recomposici\u00f3n justa y razonable que aun as\u00ed no llega a cubrir la canasta familiar. La respuesta fue recibir el acompa\u00f1amiento del IPC (\u00cdndice de Precios al Consumidor del INDEC) que en junio fue del 1.6%&#8221;.<\/p>\n<p><img loading=\"lazy\" decoding=\"async\" class=\"aligncenter wp-image-49667 \" src=\"https:\/\/atecordoba.org\/wp-content\/uploads\/2025\/07\/WhatsApp-Image-2025-07-22-at-12.50.23-1-1024x768.jpeg\" alt=\"\" width=\"599\" height=\"450\" srcset=\"https:\/\/atecordoba.org\/wp-content\/uploads\/2025\/07\/WhatsApp-Image-2025-07-22-at-12.50.23-1-1024x768.jpeg 1024w, https:\/\/atecordoba.org\/wp-content\/uploads\/2025\/07\/WhatsApp-Image-2025-07-22-at-12.50.23-1-300x225.jpeg 300w, https:\/\/atecordoba.org\/wp-content\/uploads\/2025\/07\/WhatsApp-Image-2025-07-22-at-12.50.23-1-768x576.jpeg 768w, https:\/\/atecordoba.org\/wp-content\/uploads\/2025\/07\/WhatsApp-Image-2025-07-22-at-12.50.23-1-750x563.jpeg 750w, https:\/\/atecordoba.org\/wp-content\/uploads\/2025\/07\/WhatsApp-Image-2025-07-22-at-12.50.23-1-1140x855.jpeg 1140w, https:\/\/atecordoba.org\/wp-content\/uploads\/2025\/07\/WhatsApp-Image-2025-07-22-at-12.50.23-1.jpeg 1280w\" sizes=\"auto, (max-width: 599px) 100vw, 599px\" \/><\/p>\n<p>Su\u00e1rez a\u00f1adi\u00f3 que &#8220;a pesar de haber realizado una serie de asambleas no hubo un mejoramiento de la propuesta oficial. Los trabajadores somos pobres. Por eso este viernes contin\u00faan las asambleas. Estamos abiertos al di\u00e1logo, esto no es un reclamo contra ninguna gesti\u00f3n sino a favor de los trabajadores&#8221;.<\/p>\n<p>Y complet\u00f3 se\u00f1alando que &#8220;tenemos fe que el ejecutivo va a repensar su propuesta porque realmente no nos alcanza y va a hacer una propuesta m\u00e1s seria&#8221;.<\/p>\n<p>El <a href=\"https:\/\/atecordoba.org\/?p=49266\">fuerte crecimiento en la representaci\u00f3n de ATE en la municipalidad de Sierras Chicas<\/a> lo ubica como el gremio mayoritario en el sector y expresa la legitimidad del reclamo salarial.<\/p>\n","protected":false},"excerpt":{"rendered":"<p>Con una nueva asamblea prevista para ma\u00f1ana viernes prosigue el conflicto salarial en la Municipalidad de Salsipuedes. ATE est\u00e1 solicitando una recomposici\u00f3n de los haberes del 63% a pagar en el transcurso de los pr\u00f3ximos cinco meses, es decir de julio as noviembre de 2025, que d\u00e9 un margen e recuperaci\u00f3n de los ingresos de [&hellip;]<\/p>\n","protected":false},"author":7,"featured_media":49705,"comment_status":"open","ping_status":"open","sticky":false,"template":"","format":"standard","meta":{"_exactmetrics_skip_tracking":false,"_exactmetrics_sitenote_active":false,"_exactmetrics_sitenote_note":"","_exactmetrics_sitenote_category":0,"jnews-multi-image_gallery":[],"jnews_single_post":{"format":"standard","override":[{"template":"1","parallax":"1","fullscreen":"1","layout":"no-sidebar-narrow","sidebar":"default-sidebar","second_sidebar":"default-sidebar","sticky_sidebar":"1","share_position":"bottom","share_float_style":"share-monocrhome","show_share_counter":"1","show_view_counter":"1","show_post_meta":"1","show_post_author_image":"1","show_post_date":"1","post_date_format":"default","post_date_format_custom":"Y\/m\/d","show_post_category":"1","show_post_reading_time":"0","post_reading_time_wpm":"300","post_calculate_word_method":"str_word_count","show_zoom_button":"0","zoom_button_out_step":"2","zoom_button_in_step":"3","show_post_tag":"1","number_popup_post":"1","show_post_related":"1","show_inline_post_related":"0"}],"image_override":[{"single_post_thumbnail_size":"crop-500","single_post_gallery_size":"crop-500"}],"trending_post_position":"meta","trending_post_label":"Trending","sponsored_post_label":"Sponsored by","disable_ad":"0"},"jnews_primary_category":[],"jnews_social_meta":[],"jnews_review":[],"enable_review":"","type":"percentage","name":"","summary":"","brand":"","sku":"","good":[],"bad":[],"score_override":"","override_value":"","rating":[],"price":[],"jnews_override_counter":{"view_counter_number":"0","share_counter_number":"0","like_counter_number":"0","dislike_counter_number":"0"},"jnews_post_split":{"post_split":[{"template":"1","tag":"h2","numbering":"asc","mode":"normal","first":"0","enable_toc":"0","toc_type":"normal"}]},"footnotes":""},"categories":[20],"tags":[],"class_list":["post-49701","post","type-post","status-publish","format-standard","has-post-thumbnail","hentry","category-municipales"],"jetpack_featured_media_url":"https:\/\/atecordoba.org\/wp-content\/uploads\/2025\/07\/salsipuedes-31-10-24-1.png","_links":{"self":[{"href":"https:\/\/atecordoba.org\/index.php?rest_route=\/wp\/v2\/posts\/49701","targetHints":{"allow":["GET"]}}],"collection":[{"href":"https:\/\/atecordoba.org\/index.php?rest_route=\/wp\/v2\/posts"}],"about":[{"href":"https:\/\/atecordoba.org\/index.php?rest_route=\/wp\/v2\/types\/post"}],"author":[{"embeddable":true,"href":"https:\/\/atecordoba.org\/index.php?rest_route=\/wp\/v2\/users\/7"}],"replies":[{"embeddable":true,"href":"https:\/\/atecordoba.org\/index.php?rest_route=%2Fwp%2Fv2%2Fcomments&post=49701"}],"version-history":[{"count":1,"href":"https:\/\/atecordoba.org\/index.php?rest_route=\/wp\/v2\/posts\/49701\/revisions"}],"predecessor-version":[{"id":49704,"href":"https:\/\/atecordoba.org\/index.php?rest_route=\/wp\/v2\/posts\/49701\/revisions\/49704"}],"wp:featuredmedia":[{"embeddable":true,"href":"https:\/\/atecordoba.org\/index.php?rest_route=\/wp\/v2\/media\/49705"}],"wp:attachment":[{"href":"https:\/\/atecordoba.org\/index.php?rest_route=%2Fwp%2Fv2%2Fmedia&parent=49701"}],"wp:term":[{"taxonomy":"category","embeddable":true,"href":"https:\/\/atecordoba.org\/index.php?rest_route=%2Fwp%2Fv2%2Fcategories&post=49701"},{"taxonomy":"post_tag","embeddable":true,"href":"https:\/\/atecordoba.org\/index.php?rest_route=%2Fwp%2Fv2%2Ftags&post=49701"}],"curies":[{"name":"wp","href":"https:\/\/api.w.org\/{rel}","templated":true}]}}