{"id":49676,"date":"2025-07-23T13:31:13","date_gmt":"2025-07-23T16:31:13","guid":{"rendered":"https:\/\/atecordoba.org\/?p=49676"},"modified":"2025-07-23T14:14:50","modified_gmt":"2025-07-23T17:14:50","slug":"en-cuestiones-de-prevencion-de-riesgos-la-formacion-es-central-no-se-puede-tratar-lo-que-no-se-conoce","status":"publish","type":"post","link":"https:\/\/atecordoba.org\/?p=49676","title":{"rendered":"&#8220;En cuestiones de prevenci\u00f3n de riesgos la formaci\u00f3n es central, no se puede tratar lo que no se conoce&#8221;"},"content":{"rendered":"<p>Entre los d\u00edas 21 y 22 de julio se desarroll\u00f3 v\u00eda online un curso de capacitaci\u00f3n sobre &#8220;violencia laboral&#8221; e &#8220;higiene y seguridad en el trabajo&#8221;, organizado por la Secretar\u00eda de Formaci\u00f3n y el Departamento de Salud Laboral del Consejo Directivo Provincial.<\/p>\n<p>La formaci\u00f3n estuvo dirigida a trabajadores y trabajadoras del sector salud provincial y municipal, y estuvo divida en dos m\u00f3dulos: el primero a cargo de la secretaria de Prensa de ATE C\u00f3rdoba, Julia Giuliani, y la integrante del CDP, Irina Silbernan, abord\u00f3 la\u00a0 problem\u00e1tica de violencia laboral; el segundo, a cargo de la directora del Instituto de Salud y Seguridad de los Trabajadores de ATE (ISSTATE), Magal\u00ed Arocena,\u00a0trat\u00f3 sobre condiciones b\u00e1sicas higiene y seguridad en el trabajo.<\/p>\n<p>Concluido el trayecto formativo Arocena evalu\u00f3 el curso y destac\u00f3 la importancia de &#8220;poder formarse con compa\u00f1eros y compa\u00f1eras sobre lo que sucede en los lugares de trabajo, poder escuchar a otras personas, nos permite visibilizar ciertas condiciones de trabajo que tenemos naturalizadas&#8221;.<\/p>\n<div id='gallery_1' class='gallery galleryid-49676 gallery-columns-4 gallery-size-thumbnail'><figure class='gallery-item'>\n                <div class='gallery-icon portrait'>\n                    <a href='https:\/\/atecordoba.org\/wp-content\/uploads\/2025\/07\/1.jpeg'><img loading=\"lazy\" decoding=\"async\" width=\"150\" height=\"150\" src=\"\" class=\"attachment-thumbnail size-thumbnail lazyload\" alt=\"\" data-src=\"https:\/\/atecordoba.org\/wp-content\/uploads\/2025\/07\/1-150x150.jpeg\" data-sizes=\"auto\" data-srcset=\"https:\/\/atecordoba.org\/wp-content\/uploads\/2025\/07\/1-150x150.jpeg 150w, https:\/\/atecordoba.org\/wp-content\/uploads\/2025\/07\/1-560x560.jpeg 560w, https:\/\/atecordoba.org\/wp-content\/uploads\/2025\/07\/1-75x75.jpeg 75w, https:\/\/atecordoba.org\/wp-content\/uploads\/2025\/07\/1-350x350.jpeg 350w\" data-expand=\"700\" \/><\/a>\n                <\/div><\/figure><figure class='gallery-item'>\n                <div class='gallery-icon portrait'>\n                    <a href='https:\/\/atecordoba.org\/wp-content\/uploads\/2025\/07\/2.jpeg'><img loading=\"lazy\" decoding=\"async\" width=\"150\" height=\"150\" src=\"\" class=\"attachment-thumbnail size-thumbnail lazyload\" alt=\"\" data-src=\"https:\/\/atecordoba.org\/wp-content\/uploads\/2025\/07\/2-150x150.jpeg\" data-sizes=\"auto\" data-srcset=\"https:\/\/atecordoba.org\/wp-content\/uploads\/2025\/07\/2-150x150.jpeg 150w, https:\/\/atecordoba.org\/wp-content\/uploads\/2025\/07\/2-560x560.jpeg 560w, https:\/\/atecordoba.org\/wp-content\/uploads\/2025\/07\/2-75x75.jpeg 75w, https:\/\/atecordoba.org\/wp-content\/uploads\/2025\/07\/2-350x350.jpeg 350w\" data-expand=\"700\" \/><\/a>\n                <\/div><\/figure><figure class='gallery-item'>\n                <div class='gallery-icon portrait'>\n                    <a href='https:\/\/atecordoba.org\/wp-content\/uploads\/2025\/07\/3.jpeg'><img loading=\"lazy\" decoding=\"async\" width=\"150\" height=\"150\" src=\"\" class=\"attachment-thumbnail size-thumbnail lazyload\" alt=\"\" data-src=\"https:\/\/atecordoba.org\/wp-content\/uploads\/2025\/07\/3-150x150.jpeg\" data-sizes=\"auto\" data-srcset=\"https:\/\/atecordoba.org\/wp-content\/uploads\/2025\/07\/3-150x150.jpeg 150w, https:\/\/atecordoba.org\/wp-content\/uploads\/2025\/07\/3-560x560.jpeg 560w, https:\/\/atecordoba.org\/wp-content\/uploads\/2025\/07\/3-75x75.jpeg 75w, https:\/\/atecordoba.org\/wp-content\/uploads\/2025\/07\/3-350x350.jpeg 350w\" data-expand=\"700\" \/><\/a>\n                <\/div><\/figure><figure class='gallery-item'>\n                <div class='gallery-icon portrait'>\n                    <a href='https:\/\/atecordoba.org\/wp-content\/uploads\/2025\/07\/4.jpeg'><img loading=\"lazy\" decoding=\"async\" width=\"150\" height=\"150\" src=\"\" class=\"attachment-thumbnail size-thumbnail lazyload\" alt=\"\" data-src=\"https:\/\/atecordoba.org\/wp-content\/uploads\/2025\/07\/4-150x150.jpeg\" data-sizes=\"auto\" data-srcset=\"https:\/\/atecordoba.org\/wp-content\/uploads\/2025\/07\/4-150x150.jpeg 150w, https:\/\/atecordoba.org\/wp-content\/uploads\/2025\/07\/4-560x560.jpeg 560w, https:\/\/atecordoba.org\/wp-content\/uploads\/2025\/07\/4-75x75.jpeg 75w, https:\/\/atecordoba.org\/wp-content\/uploads\/2025\/07\/4-350x350.jpeg 350w\" data-expand=\"700\" \/><\/a>\n                <\/div><\/figure><br style=\"clear: both\" \/>\n            <\/div>\n\n<p>&nbsp;<\/p>\n<p>Al tiempo que asegur\u00f3: &#8220;poner en palabras algo que parece un problema individual como una condici\u00f3n colectiva, lo que permite una aproximaci\u00f3n distinta. En cuestiones de prevenci\u00f3n de riesgos la formaci\u00f3n es central, no se puede tratar lo que no se conoce&#8221;.<\/p>\n<p>La dirigente de ATE afirm\u00f3 tambi\u00e9n que &#8220;cuando uno transita la vida laboral no desconoce los riesgos a los que uno se expone sino que no nos queda otra alternativa que ir todos los d\u00edas y hacerle frente a esas situaciones de riesgo.\u00a0A veces, genera malestar y terminamos naturalizando las formas en que trabajamos ante las imposibilidad de generar cambios que permitan trabajar mejor&#8221;.<\/p>\n<p>&#8220;Por eso siempre es importante juntarnos porque como laburantes tenemos una cantidad de saberes enorme que hay que socializarlos&#8221;, concluy\u00f3 Arocena.<\/p>\n","protected":false},"excerpt":{"rendered":"<p>Entre los d\u00edas 21 y 22 de julio se desarroll\u00f3 v\u00eda online un curso de capacitaci\u00f3n sobre &#8220;violencia laboral&#8221; e &#8220;higiene y seguridad en el trabajo&#8221;, organizado por la Secretar\u00eda de Formaci\u00f3n y el Departamento de Salud Laboral del Consejo Directivo Provincial. La formaci\u00f3n estuvo dirigida a trabajadores y trabajadoras del sector salud provincial y [&hellip;]<\/p>\n","protected":false},"author":7,"featured_media":49682,"comment_status":"open","ping_status":"open","sticky":false,"template":"","format":"standard","meta":{"_exactmetrics_skip_tracking":false,"_exactmetrics_sitenote_active":false,"_exactmetrics_sitenote_note":"","_exactmetrics_sitenote_category":0,"jnews-multi-image_gallery":[],"jnews_single_post":{"format":"standard","override":[{"template":"1","parallax":"1","fullscreen":"1","layout":"no-sidebar-narrow","sidebar":"default-sidebar","second_sidebar":"default-sidebar","sticky_sidebar":"1","share_position":"bottom","share_float_style":"share-monocrhome","show_share_counter":"1","show_view_counter":"1","show_post_meta":"1","show_post_author_image":"1","show_post_date":"1","post_date_format":"default","post_date_format_custom":"Y\/m\/d","show_post_category":"1","show_post_reading_time":"0","post_reading_time_wpm":"300","post_calculate_word_method":"str_word_count","show_zoom_button":"0","zoom_button_out_step":"2","zoom_button_in_step":"3","show_post_tag":"1","number_popup_post":"1","show_post_related":"1","show_inline_post_related":"0"}],"image_override":[{"single_post_thumbnail_size":"crop-500","single_post_gallery_size":"crop-500"}],"trending_post_position":"meta","trending_post_label":"Trending","sponsored_post_label":"Sponsored by","disable_ad":"0"},"jnews_primary_category":[],"jnews_social_meta":[],"jnews_review":[],"enable_review":"","type":"percentage","name":"","summary":"","brand":"","sku":"","good":[],"bad":[],"score_override":"","override_value":"","rating":[],"price":[],"jnews_override_counter":{"view_counter_number":"0","share_counter_number":"0","like_counter_number":"0","dislike_counter_number":"0"},"jnews_post_split":{"post_split":[{"template":"1","tag":"h2","numbering":"asc","mode":"normal","first":"0","enable_toc":"0","toc_type":"normal"}]},"footnotes":""},"categories":[88],"tags":[],"class_list":["post-49676","post","type-post","status-publish","format-standard","has-post-thumbnail","hentry","category-formacion"],"jetpack_featured_media_url":"https:\/\/atecordoba.org\/wp-content\/uploads\/2025\/07\/logo-cymat-horizonal-1.jpeg","_links":{"self":[{"href":"https:\/\/atecordoba.org\/index.php?rest_route=\/wp\/v2\/posts\/49676","targetHints":{"allow":["GET"]}}],"collection":[{"href":"https:\/\/atecordoba.org\/index.php?rest_route=\/wp\/v2\/posts"}],"about":[{"href":"https:\/\/atecordoba.org\/index.php?rest_route=\/wp\/v2\/types\/post"}],"author":[{"embeddable":true,"href":"https:\/\/atecordoba.org\/index.php?rest_route=\/wp\/v2\/users\/7"}],"replies":[{"embeddable":true,"href":"https:\/\/atecordoba.org\/index.php?rest_route=%2Fwp%2Fv2%2Fcomments&post=49676"}],"version-history":[{"count":2,"href":"https:\/\/atecordoba.org\/index.php?rest_route=\/wp\/v2\/posts\/49676\/revisions"}],"predecessor-version":[{"id":49684,"href":"https:\/\/atecordoba.org\/index.php?rest_route=\/wp\/v2\/posts\/49676\/revisions\/49684"}],"wp:featuredmedia":[{"embeddable":true,"href":"https:\/\/atecordoba.org\/index.php?rest_route=\/wp\/v2\/media\/49682"}],"wp:attachment":[{"href":"https:\/\/atecordoba.org\/index.php?rest_route=%2Fwp%2Fv2%2Fmedia&parent=49676"}],"wp:term":[{"taxonomy":"category","embeddable":true,"href":"https:\/\/atecordoba.org\/index.php?rest_route=%2Fwp%2Fv2%2Fcategories&post=49676"},{"taxonomy":"post_tag","embeddable":true,"href":"https:\/\/atecordoba.org\/index.php?rest_route=%2Fwp%2Fv2%2Ftags&post=49676"}],"curies":[{"name":"wp","href":"https:\/\/api.w.org\/{rel}","templated":true}]}}