{"id":49670,"date":"2025-07-23T12:34:38","date_gmt":"2025-07-23T15:34:38","guid":{"rendered":"https:\/\/atecordoba.org\/?p=49670"},"modified":"2025-07-23T12:34:38","modified_gmt":"2025-07-23T15:34:38","slug":"ate-presento-un-amparo-para-impedir-el-desguace-del-inta","status":"publish","type":"post","link":"https:\/\/atecordoba.org\/?p=49670","title":{"rendered":"ATE present\u00f3 un amparo para impedir el desguace del INTA"},"content":{"rendered":"<h6><img loading=\"lazy\" decoding=\"async\" class=\"aligncenter wp-image-49672 size-full\" src=\"https:\/\/atecordoba.org\/wp-content\/uploads\/2025\/07\/ate-inta-1.png\" alt=\"\" width=\"597\" height=\"396\" srcset=\"https:\/\/atecordoba.org\/wp-content\/uploads\/2025\/07\/ate-inta-1.png 597w, https:\/\/atecordoba.org\/wp-content\/uploads\/2025\/07\/ate-inta-1-300x199.png 300w\" sizes=\"auto, (max-width: 597px) 100vw, 597px\" \/>(fuente: El Destapeweb)<\/h6>\n<p>La Asociaci\u00f3n de Trabajadores del Estado (ATE) y la Asociaci\u00f3n del Personal del Instituto Nacional de Tecnolog\u00eda Agropecuaria (APINTA) presentaron este martes un amparo judicial para declarar inconstitucionales los art\u00edculos de Ley Bases que pretenden ajustar y modificar la estructura y las funciones del Instituto Nacional de Tecnolog\u00eda Agropecuaria (INTA). Tambi\u00e9n piden impedir reubicaciones, cesant\u00edas y despidos en el organismo y dejar nulos art\u00edculos del DNU 462\/2025 que provocan una &#8220;desviaci\u00f3n de poder&#8221; que &#8220;oculta la disoluci\u00f3n, la desfederalizaci\u00f3n, y el vaciamiento&#8221; del organismo.<\/p>\n<p>&#8220;En la calle y en la Justicia, estamos demostrando que el Gobierno de Milei no es invencible. Uno por uno, vamos a voltear todos los decretos\u201d, indic\u00f3 el secretario general de ATE, Rodolfo Aguiar, en un comunicado. En su mensaje, el gremialista record\u00f3 que la Justicia le dio la raz\u00f3n por el &#8220;derecho a huelga&#8221; y tambi\u00e9n por el D\u00eda del Empleado P\u00fablico y por el cierre de Vialidad. \u201cSon un mamarracho. Tienen tanta ambici\u00f3n en generar negocios para los empresarios que ni siquiera supieron aprovechar las facultades extraordinarias&#8221;, agreg\u00f3.<\/p>\n<p>Seg\u00fan se detall\u00f3, la medida cautelar ser\u00e1 &#8220;para solicitar que se declaren inaplicables las facultades delegadas&#8221; de hacer modificaciones sobre el INTA, establecidas en la Ley 27.742, m\u00e1s conocida como Ley Bases y Puntos de Partida, y sus art\u00edculos 1,2 y 3. Tambi\u00e9n se solicita la inconstitucionalidad de los Art\u00edculos 59 al 69 del DNU 462\/2025, que configura &#8220;una desviaci\u00f3n de poder que oculta la disoluci\u00f3n, la desfederalizaci\u00f3n, y el vaciamiento&#8221; del organismo. &#8220;De este modo las y los trabajadores comenzaron a recorrer el camino judicial para frenar el desguace del organismo pretendido por el Gobierno de Javier Milei&#8221;, se agreg\u00f3 en el texto.<\/p>\n<p>Por otro lado, tambi\u00e9n piden un amparo que suspenda provisoriamente los efectos de los art\u00edculos de este DNU y que la Justicia ordene al Estado que &#8220;se abstenga de ejecutar cualquier acto administrativo que implique reubicaciones, cesant\u00edas, pases a disponibilidad, traslados, despidos, rescisiones o no renovaciones contractuales&#8221;.<\/p>\n<p>En ese sentido, solicitan el cese de &#8220;cualquier otra medida de reestructuraci\u00f3n y\/o reorganizaci\u00f3n del personal que implique la reducci\u00f3n de la dotaci\u00f3n del organismo, garantizando la ocupaci\u00f3n efectiva y sus derechos laborales emergentes consagrados en los Convenio Colectivo de Trabajo 214\/06 y 127\/06&#8221;.<img loading=\"lazy\" decoding=\"async\" class=\"aligncenter wp-image-49673 \" src=\"https:\/\/atecordoba.org\/wp-content\/uploads\/2025\/07\/aguiar-apinta-1024x575.webp\" alt=\"\" width=\"593\" height=\"333\" srcset=\"https:\/\/atecordoba.org\/wp-content\/uploads\/2025\/07\/aguiar-apinta-1024x575.webp 1024w, https:\/\/atecordoba.org\/wp-content\/uploads\/2025\/07\/aguiar-apinta-300x169.webp 300w, https:\/\/atecordoba.org\/wp-content\/uploads\/2025\/07\/aguiar-apinta-768x432.webp 768w, https:\/\/atecordoba.org\/wp-content\/uploads\/2025\/07\/aguiar-apinta-750x422.webp 750w, https:\/\/atecordoba.org\/wp-content\/uploads\/2025\/07\/aguiar-apinta-1140x641.webp 1140w, https:\/\/atecordoba.org\/wp-content\/uploads\/2025\/07\/aguiar-apinta.webp 1500w\" sizes=\"auto, (max-width: 593px) 100vw, 593px\" \/><\/p>\n<p><strong>El art\u00edculo 3 de la Ley Bases, uno de los m\u00e1s relevantes<\/strong><\/p>\n<p>Entre los art\u00edculos que ATE y APINTA buscan dejar nulos se encuentra el art\u00edculo 3 de la Ley 27.742, que pretende &#8220;la modificaci\u00f3n o eliminaci\u00f3n de las competencias, funciones o responsabilidades dispuestas legalmente cuyo mantenimiento resulte innecesario&#8221; y la &#8220;reorganizaci\u00f3n, modificaci\u00f3n o transformaci\u00f3n de su estructura jur\u00eddica, centralizaci\u00f3n, fusi\u00f3n, escisi\u00f3n, disoluci\u00f3n total o parcial, o transferencia a las provincias&#8221; de diversos organismos p\u00fablicos, entre ellos el INTA.<\/p>\n<p>&#8220;Art\u00edculo 3\u00b0- Fac\u00faltase al Poder Ejecutivo nacional a disponer, en relaci\u00f3n con los \u00f3rganos u organismos de la administraci\u00f3n central o descentralizada contemplados en el inciso a) del art\u00edculo 8\u00b0 de la ley 24.156 que hayan sido creados por ley o norma con rango equivalente: a) La modificaci\u00f3n o eliminaci\u00f3n de las competencias, funciones o responsabilidades dispuestas legalmente cuyo mantenimiento resulte innecesario; y b) La reorganizaci\u00f3n, modificaci\u00f3n o transformaci\u00f3n de su estructura jur\u00eddica, centralizaci\u00f3n, fusi\u00f3n, escisi\u00f3n, disoluci\u00f3n total o parcial, o transferencia a las provincias o a la Ciudad Aut\u00f3noma de Buenos Aires, previo acuerdo que garantice la debida asignaci\u00f3n de recursos&#8221;, apunta la ley.<\/p>\n","protected":false},"excerpt":{"rendered":"<p>(fuente: El Destapeweb) La Asociaci\u00f3n de Trabajadores del Estado (ATE) y la Asociaci\u00f3n del Personal del Instituto Nacional de Tecnolog\u00eda Agropecuaria (APINTA) presentaron este martes un amparo judicial para declarar inconstitucionales los art\u00edculos de Ley Bases que pretenden ajustar y modificar la estructura y las funciones del Instituto Nacional de Tecnolog\u00eda Agropecuaria (INTA). Tambi\u00e9n piden [&hellip;]<\/p>\n","protected":false},"author":7,"featured_media":49672,"comment_status":"open","ping_status":"open","sticky":false,"template":"","format":"standard","meta":{"_exactmetrics_skip_tracking":false,"_exactmetrics_sitenote_active":false,"_exactmetrics_sitenote_note":"","_exactmetrics_sitenote_category":0,"jnews-multi-image_gallery":[],"jnews_single_post":[],"jnews_primary_category":[],"jnews_social_meta":[],"jnews_review":[],"enable_review":"","type":"","name":"","summary":"","brand":"","sku":"","good":[],"bad":[],"score_override":"","override_value":"","rating":[],"price":[],"jnews_override_counter":[],"jnews_post_split":[],"footnotes":""},"categories":[18],"tags":[],"class_list":["post-49670","post","type-post","status-publish","format-standard","has-post-thumbnail","hentry","category-nacionales"],"jetpack_featured_media_url":"https:\/\/atecordoba.org\/wp-content\/uploads\/2025\/07\/ate-inta-1.png","_links":{"self":[{"href":"https:\/\/atecordoba.org\/index.php?rest_route=\/wp\/v2\/posts\/49670","targetHints":{"allow":["GET"]}}],"collection":[{"href":"https:\/\/atecordoba.org\/index.php?rest_route=\/wp\/v2\/posts"}],"about":[{"href":"https:\/\/atecordoba.org\/index.php?rest_route=\/wp\/v2\/types\/post"}],"author":[{"embeddable":true,"href":"https:\/\/atecordoba.org\/index.php?rest_route=\/wp\/v2\/users\/7"}],"replies":[{"embeddable":true,"href":"https:\/\/atecordoba.org\/index.php?rest_route=%2Fwp%2Fv2%2Fcomments&post=49670"}],"version-history":[{"count":1,"href":"https:\/\/atecordoba.org\/index.php?rest_route=\/wp\/v2\/posts\/49670\/revisions"}],"predecessor-version":[{"id":49674,"href":"https:\/\/atecordoba.org\/index.php?rest_route=\/wp\/v2\/posts\/49670\/revisions\/49674"}],"wp:featuredmedia":[{"embeddable":true,"href":"https:\/\/atecordoba.org\/index.php?rest_route=\/wp\/v2\/media\/49672"}],"wp:attachment":[{"href":"https:\/\/atecordoba.org\/index.php?rest_route=%2Fwp%2Fv2%2Fmedia&parent=49670"}],"wp:term":[{"taxonomy":"category","embeddable":true,"href":"https:\/\/atecordoba.org\/index.php?rest_route=%2Fwp%2Fv2%2Fcategories&post=49670"},{"taxonomy":"post_tag","embeddable":true,"href":"https:\/\/atecordoba.org\/index.php?rest_route=%2Fwp%2Fv2%2Ftags&post=49670"}],"curies":[{"name":"wp","href":"https:\/\/api.w.org\/{rel}","templated":true}]}}