{"id":49666,"date":"2025-07-22T14:21:15","date_gmt":"2025-07-22T17:21:15","guid":{"rendered":"https:\/\/atecordoba.org\/?p=49666"},"modified":"2025-07-22T14:21:15","modified_gmt":"2025-07-22T17:21:15","slug":"salsipuedes-cuarto-dia-de-asambleas-en-el-municipio-por-mejoras-salariales","status":"publish","type":"post","link":"https:\/\/atecordoba.org\/?p=49666","title":{"rendered":"Salsipuedes: cuarto d\u00eda de asambleas en el municipio por mejoras salariales"},"content":{"rendered":"<p><img loading=\"lazy\" decoding=\"async\" class=\"aligncenter wp-image-49667 \" src=\"https:\/\/atecordoba.org\/wp-content\/uploads\/2025\/07\/WhatsApp-Image-2025-07-22-at-12.50.23-1-1024x768.jpeg\" alt=\"\" width=\"613\" height=\"460\" srcset=\"https:\/\/atecordoba.org\/wp-content\/uploads\/2025\/07\/WhatsApp-Image-2025-07-22-at-12.50.23-1-1024x768.jpeg 1024w, https:\/\/atecordoba.org\/wp-content\/uploads\/2025\/07\/WhatsApp-Image-2025-07-22-at-12.50.23-1-300x225.jpeg 300w, https:\/\/atecordoba.org\/wp-content\/uploads\/2025\/07\/WhatsApp-Image-2025-07-22-at-12.50.23-1-768x576.jpeg 768w, https:\/\/atecordoba.org\/wp-content\/uploads\/2025\/07\/WhatsApp-Image-2025-07-22-at-12.50.23-1-750x563.jpeg 750w, https:\/\/atecordoba.org\/wp-content\/uploads\/2025\/07\/WhatsApp-Image-2025-07-22-at-12.50.23-1-1140x855.jpeg 1140w, https:\/\/atecordoba.org\/wp-content\/uploads\/2025\/07\/WhatsApp-Image-2025-07-22-at-12.50.23-1.jpeg 1280w\" sizes=\"auto, (max-width: 613px) 100vw, 613px\" \/>Las y los trabajadores municipales de Salsipuedes, Sierras Chicas, cumplieron hoy con el cuarto d\u00eda h\u00e1bil de asamblea en el marco del plan de lucha por mejoras salariales, que compensen la ca\u00edda del poder adquisitivo de los haberes.<\/p>\n<p>ATE reclama al Departamento Ejecutivo una recomposici\u00f3n de los ingresos municipales que d\u00e9 a los salarios poder de compre, frente a sueldos que en algunos casos rozan la l\u00ednea de la indigencia. Y rechaz\u00f3 por insuficiente el aumento del 1.6% dispuesto por la Municipalidad.<\/p>\n<p>En la asamblea de hoy estuvo presente la secretaria de Prensa de ATE C\u00f3rdoba, Julia Giuliani.<\/p>\n<p>En una nota presentada ante la comuna, ATE remarc\u00f3 la semana pasada la necesidad de elevar el salario b\u00e1sico fijado hoy en 508.000 pesos. La recomposici\u00f3n solicitada por nuestro sindicato es de un 63% y volver a negociar en el mes de noviembre.<\/p>\n<p>Este pedido se contrapone al reciente aumento salarial que implica una suba de 7.000 pesos, totalmente desechada. \u201cComparativamente no alcanza ni siquiera para comprar un kilo de carne molida\u201d, resumi\u00f3 Vladimir Su\u00e1rez, delegado de ATE en el sector.<\/p>\n","protected":false},"excerpt":{"rendered":"<p>Las y los trabajadores municipales de Salsipuedes, Sierras Chicas, cumplieron hoy con el cuarto d\u00eda h\u00e1bil de asamblea en el marco del plan de lucha por mejoras salariales, que compensen la ca\u00edda del poder adquisitivo de los haberes. ATE reclama al Departamento Ejecutivo una recomposici\u00f3n de los ingresos municipales que d\u00e9 a los salarios poder [&hellip;]<\/p>\n","protected":false},"author":7,"featured_media":49667,"comment_status":"open","ping_status":"open","sticky":false,"template":"","format":"standard","meta":{"_exactmetrics_skip_tracking":false,"_exactmetrics_sitenote_active":false,"_exactmetrics_sitenote_note":"","_exactmetrics_sitenote_category":0,"jnews-multi-image_gallery":[],"jnews_single_post":[],"jnews_primary_category":[],"jnews_social_meta":[],"jnews_review":[],"enable_review":"","type":"","name":"","summary":"","brand":"","sku":"","good":[],"bad":[],"score_override":"","override_value":"","rating":[],"price":[],"jnews_override_counter":[],"jnews_post_split":[],"footnotes":""},"categories":[20],"tags":[],"class_list":["post-49666","post","type-post","status-publish","format-standard","has-post-thumbnail","hentry","category-municipales"],"jetpack_featured_media_url":"https:\/\/atecordoba.org\/wp-content\/uploads\/2025\/07\/WhatsApp-Image-2025-07-22-at-12.50.23-1.jpeg","_links":{"self":[{"href":"https:\/\/atecordoba.org\/index.php?rest_route=\/wp\/v2\/posts\/49666","targetHints":{"allow":["GET"]}}],"collection":[{"href":"https:\/\/atecordoba.org\/index.php?rest_route=\/wp\/v2\/posts"}],"about":[{"href":"https:\/\/atecordoba.org\/index.php?rest_route=\/wp\/v2\/types\/post"}],"author":[{"embeddable":true,"href":"https:\/\/atecordoba.org\/index.php?rest_route=\/wp\/v2\/users\/7"}],"replies":[{"embeddable":true,"href":"https:\/\/atecordoba.org\/index.php?rest_route=%2Fwp%2Fv2%2Fcomments&post=49666"}],"version-history":[{"count":1,"href":"https:\/\/atecordoba.org\/index.php?rest_route=\/wp\/v2\/posts\/49666\/revisions"}],"predecessor-version":[{"id":49668,"href":"https:\/\/atecordoba.org\/index.php?rest_route=\/wp\/v2\/posts\/49666\/revisions\/49668"}],"wp:featuredmedia":[{"embeddable":true,"href":"https:\/\/atecordoba.org\/index.php?rest_route=\/wp\/v2\/media\/49667"}],"wp:attachment":[{"href":"https:\/\/atecordoba.org\/index.php?rest_route=%2Fwp%2Fv2%2Fmedia&parent=49666"}],"wp:term":[{"taxonomy":"category","embeddable":true,"href":"https:\/\/atecordoba.org\/index.php?rest_route=%2Fwp%2Fv2%2Fcategories&post=49666"},{"taxonomy":"post_tag","embeddable":true,"href":"https:\/\/atecordoba.org\/index.php?rest_route=%2Fwp%2Fv2%2Ftags&post=49666"}],"curies":[{"name":"wp","href":"https:\/\/api.w.org\/{rel}","templated":true}]}}