{"id":49661,"date":"2025-07-22T12:26:56","date_gmt":"2025-07-22T15:26:56","guid":{"rendered":"https:\/\/atecordoba.org\/?p=49661"},"modified":"2025-07-22T12:26:56","modified_gmt":"2025-07-22T15:26:56","slug":"solidaridad-con-los-petroquimicos-de-rio-tercero-marchamos-el-jueves-24-de-julio","status":"publish","type":"post","link":"https:\/\/atecordoba.org\/?p=49661","title":{"rendered":"Solidaridad con los Petroqu\u00edmicos de R\u00edo Tercero: marchamos el jueves 24 de julio"},"content":{"rendered":"<p><img loading=\"lazy\" decoding=\"async\" class=\"aligncenter wp-image-49662 \" src=\"https:\/\/atecordoba.org\/wp-content\/uploads\/2025\/07\/464867051_2594085830783650_6096800051937303717_n-1536x1152-2-1024x768.jpg\" alt=\"\" width=\"622\" height=\"467\" srcset=\"https:\/\/atecordoba.org\/wp-content\/uploads\/2025\/07\/464867051_2594085830783650_6096800051937303717_n-1536x1152-2-1024x768.jpg 1024w, https:\/\/atecordoba.org\/wp-content\/uploads\/2025\/07\/464867051_2594085830783650_6096800051937303717_n-1536x1152-2-300x225.jpg 300w, https:\/\/atecordoba.org\/wp-content\/uploads\/2025\/07\/464867051_2594085830783650_6096800051937303717_n-1536x1152-2-768x576.jpg 768w, https:\/\/atecordoba.org\/wp-content\/uploads\/2025\/07\/464867051_2594085830783650_6096800051937303717_n-1536x1152-2-750x563.jpg 750w, https:\/\/atecordoba.org\/wp-content\/uploads\/2025\/07\/464867051_2594085830783650_6096800051937303717_n-1536x1152-2-1140x855.jpg 1140w, https:\/\/atecordoba.org\/wp-content\/uploads\/2025\/07\/464867051_2594085830783650_6096800051937303717_n-1536x1152-2.jpg 1536w\" sizes=\"auto, (max-width: 622px) 100vw, 622px\" \/>En apoyo a la lucha de los trabajadores de la f\u00e1brica Petroqu\u00edmica de R\u00edo Tercero, denunciando la masacre laboral que enluta a esa ciudad del interior provincial y denunciando el &#8220;industricidio&#8221; que el Gobierno de Milei impone a la producci\u00f3n nacional, ATE se movilizar\u00e1 este jueves 24 de julio, a las 18 horas, junto a los compa\u00f1eros del Sindicato del Personal de Industrias Qu\u00edmicas y Petroqu\u00edmicas de R\u00edo Tercero (SPIQyP) para exigir la reincorporaci\u00f3n de los despedidos y la continuidad de la actividad de la planta fabril.<\/p>\n<p>&#8220;\u00a1Basta de familias en las calle!&#8221;, reza la convocatoria del SPIQyP, que encabezar\u00e1 la movilizaci\u00f3n desde su sede de Pe\u00f1aloza 78, R\u00edo Tercero.<img loading=\"lazy\" decoding=\"async\" class=\"aligncenter wp-image-49663 \" src=\"https:\/\/atecordoba.org\/wp-content\/uploads\/2025\/07\/WhatsApp-Image-2025-07-22-at-08.56.16-1024x1024.jpeg\" alt=\"\" width=\"628\" height=\"628\" srcset=\"https:\/\/atecordoba.org\/wp-content\/uploads\/2025\/07\/WhatsApp-Image-2025-07-22-at-08.56.16-1024x1024.jpeg 1024w, https:\/\/atecordoba.org\/wp-content\/uploads\/2025\/07\/WhatsApp-Image-2025-07-22-at-08.56.16-300x300.jpeg 300w, https:\/\/atecordoba.org\/wp-content\/uploads\/2025\/07\/WhatsApp-Image-2025-07-22-at-08.56.16-150x150.jpeg 150w, https:\/\/atecordoba.org\/wp-content\/uploads\/2025\/07\/WhatsApp-Image-2025-07-22-at-08.56.16-768x768.jpeg 768w, https:\/\/atecordoba.org\/wp-content\/uploads\/2025\/07\/WhatsApp-Image-2025-07-22-at-08.56.16-1536x1536.jpeg 1536w, https:\/\/atecordoba.org\/wp-content\/uploads\/2025\/07\/WhatsApp-Image-2025-07-22-at-08.56.16-560x560.jpeg 560w, https:\/\/atecordoba.org\/wp-content\/uploads\/2025\/07\/WhatsApp-Image-2025-07-22-at-08.56.16-75x75.jpeg 75w, https:\/\/atecordoba.org\/wp-content\/uploads\/2025\/07\/WhatsApp-Image-2025-07-22-at-08.56.16-350x350.jpeg 350w, https:\/\/atecordoba.org\/wp-content\/uploads\/2025\/07\/WhatsApp-Image-2025-07-22-at-08.56.16-750x750.jpeg 750w, https:\/\/atecordoba.org\/wp-content\/uploads\/2025\/07\/WhatsApp-Image-2025-07-22-at-08.56.16-1140x1140.jpeg 1140w, https:\/\/atecordoba.org\/wp-content\/uploads\/2025\/07\/WhatsApp-Image-2025-07-22-at-08.56.16.jpeg 1600w\" sizes=\"auto, (max-width: 628px) 100vw, 628px\" \/><\/p>\n<p>Hace poco m\u00e1s de una semana Petroqu\u00edmica R\u00edo Tercero anunci\u00f3 el despido de 124 trabajadores y adujo que las condiciones econ\u00f3micas del modelo libertario hacen imposible el funcionamiento de la empresa.<\/p>\n<p>No es casual que se sucedan en los distintos rubros cierres, suspensiones y mudanzas de empresas en la provincia y el pa\u00eds. <a href=\"https:\/\/canalabierto.com.ar\/2025\/05\/15\/el-industricidio-segun-datos-oficiales-con-milei-cada-dia-cierran-31-pymes\/\">Durante el primer a\u00f1o de gobierno de Milei<\/a>, entre noviembre de 2023 y febrero de 2024 ,se perdieron 13.111 peque\u00f1as y medianas empresas. En el mismo periodo, se destruyeron 219.670 puestos de trabajo registrados, siendo construcci\u00f3n, transporte e industria, los rubros m\u00e1s afectados.<\/p>\n<p>Estos n\u00fameros coinciden con los de ca\u00edda del consumo, suba del desempleo y un uso de la capacidad instalada que no pareciera a\u00fan tocar fondo.<\/p>\n<p>De esta forma,\u00a0seg\u00fan datos oficiales: con Milei, cada d\u00eda cierran 31 Pymes.<\/p>\n<p>La lucha de los qu\u00edmicos de R\u00edo Tercero es la lucha de los y las estatales.<\/p>\n<p>&nbsp;<\/p>\n<h5 class=\"s-tagline fw-tagline\"><\/h5>\n","protected":false},"excerpt":{"rendered":"<p>En apoyo a la lucha de los trabajadores de la f\u00e1brica Petroqu\u00edmica de R\u00edo Tercero, denunciando la masacre laboral que enluta a esa ciudad del interior provincial y denunciando el &#8220;industricidio&#8221; que el Gobierno de Milei impone a la producci\u00f3n nacional, ATE se movilizar\u00e1 este jueves 24 de julio, a las 18 horas, junto a [&hellip;]<\/p>\n","protected":false},"author":7,"featured_media":49662,"comment_status":"open","ping_status":"open","sticky":false,"template":"","format":"standard","meta":{"_exactmetrics_skip_tracking":false,"_exactmetrics_sitenote_active":false,"_exactmetrics_sitenote_note":"","_exactmetrics_sitenote_category":0,"jnews-multi-image_gallery":[],"jnews_single_post":[],"jnews_primary_category":[],"jnews_social_meta":[],"jnews_review":[],"enable_review":"","type":"","name":"","summary":"","brand":"","sku":"","good":[],"bad":[],"score_override":"","override_value":"","rating":[],"price":[],"jnews_override_counter":[],"jnews_post_split":[],"footnotes":""},"categories":[10],"tags":[],"class_list":["post-49661","post","type-post","status-publish","format-standard","has-post-thumbnail","hentry","category-accion-politica"],"jetpack_featured_media_url":"https:\/\/atecordoba.org\/wp-content\/uploads\/2025\/07\/464867051_2594085830783650_6096800051937303717_n-1536x1152-2.jpg","_links":{"self":[{"href":"https:\/\/atecordoba.org\/index.php?rest_route=\/wp\/v2\/posts\/49661","targetHints":{"allow":["GET"]}}],"collection":[{"href":"https:\/\/atecordoba.org\/index.php?rest_route=\/wp\/v2\/posts"}],"about":[{"href":"https:\/\/atecordoba.org\/index.php?rest_route=\/wp\/v2\/types\/post"}],"author":[{"embeddable":true,"href":"https:\/\/atecordoba.org\/index.php?rest_route=\/wp\/v2\/users\/7"}],"replies":[{"embeddable":true,"href":"https:\/\/atecordoba.org\/index.php?rest_route=%2Fwp%2Fv2%2Fcomments&post=49661"}],"version-history":[{"count":1,"href":"https:\/\/atecordoba.org\/index.php?rest_route=\/wp\/v2\/posts\/49661\/revisions"}],"predecessor-version":[{"id":49664,"href":"https:\/\/atecordoba.org\/index.php?rest_route=\/wp\/v2\/posts\/49661\/revisions\/49664"}],"wp:featuredmedia":[{"embeddable":true,"href":"https:\/\/atecordoba.org\/index.php?rest_route=\/wp\/v2\/media\/49662"}],"wp:attachment":[{"href":"https:\/\/atecordoba.org\/index.php?rest_route=%2Fwp%2Fv2%2Fmedia&parent=49661"}],"wp:term":[{"taxonomy":"category","embeddable":true,"href":"https:\/\/atecordoba.org\/index.php?rest_route=%2Fwp%2Fv2%2Fcategories&post=49661"},{"taxonomy":"post_tag","embeddable":true,"href":"https:\/\/atecordoba.org\/index.php?rest_route=%2Fwp%2Fv2%2Ftags&post=49661"}],"curies":[{"name":"wp","href":"https:\/\/api.w.org\/{rel}","templated":true}]}}