{"id":4966,"date":"2015-01-05T11:13:23","date_gmt":"2015-01-05T14:13:23","guid":{"rendered":"http:\/\/www.atecordoba.org\/?p=4966"},"modified":"2015-01-05T11:13:23","modified_gmt":"2015-01-05T14:13:23","slug":"ate-rechaza-traslados-en-el-hospital-neuropsiquiatrico","status":"publish","type":"post","link":"https:\/\/atecordoba.org\/?p=4966","title":{"rendered":"ATE rechaza traslados en el Hospital Neuropsiqui\u00e1trico"},"content":{"rendered":"<p><em>Ante la intempestiva resoluci\u00f3n de la Direcci\u00f3n de Salud Mental de la Provincia, ordenando el traslado de dos profesionales del Hospital Neuropsiqui\u00e1trico, ATE rechaza la medida y reclama a las autoridades a respetar las funciones dentro de la instituci\u00f3n, que ambas vienen desempe\u00f1ando desde hace a\u00f1os con idoneidad y compromiso, contando con el aval de toda la comunidad del centro de salud, trabajadores, profesionales y pacientes.<\/em><\/p>\n<p><a href=\"http:\/\/www.atecordoba.org\/wp-content\/uploads\/2015\/01\/neuro_asamblea.jpg\"><img loading=\"lazy\" decoding=\"async\" class=\"aligncenter  wp-image-4967\" src=\"http:\/\/www.atecordoba.org\/wp-content\/uploads\/2015\/01\/neuro_asamblea.jpg\" alt=\"neuro_asamblea\" width=\"533\" height=\"400\" \/><\/a><\/p>\n<p>Durante la asamblea, convocada por los delegados de ATE el viernes pasado, los trabajadores \u00a0resolvieron elevar una nota con la firma de los empleados del nosocomio y de las instituciones que integran la manzana psiqui\u00e1trica, a los fines de que la jefa de secci\u00f3n de Investigaci\u00f3n Sanitaria y Epidemiol\u00f3gica del Hospital, Jaschele Burijovich, y de la psic\u00f3loga\u00a0Cecilia Berra, prosigan en el organismo y se revea el mencionado traslado.<\/p>\n<p><a href=\"http:\/\/www.atecordoba.org\/wp-content\/uploads\/2015\/01\/neuro_protesta.jpg\"><img loading=\"lazy\" decoding=\"async\" class=\"aligncenter wp-image-4968\" src=\"http:\/\/www.atecordoba.org\/wp-content\/uploads\/2015\/01\/neuro_protesta.jpg\" alt=\"neuro_protesta\" width=\"517\" height=\"690\" \/><\/a><\/p>\n<p>En la oportunidad, estuvieron presentes compa\u00f1eros de la IPAD, el Hospital Colonia Santa Mar\u00eda de Punilla y la Casa del Joven, sectores donde ATE cuenta con representaci\u00f3n gremial.<\/p>\n<p>\u201cPara ma\u00f1ana martes 6 de enero, a las 9.30 horas, nos vamos a convocar en una nueva asamblea para evaluar los pasos a seguir porque no vamos a permitir que el gobierno provincial traslade trabajadores de forma arbitraria y sin causa\u201d, dijo el secretario de Prensa de ATE, Daniel Pawluchuzk.<\/p>\n<p><strong>Hospital de Ni\u00f1os<\/strong><\/p>\n<p>Por otro lado, los trabajadores del Hospital de Ni\u00f1os realizar\u00e1n ma\u00f1ana una asamblea, a las 10 horas, en se\u00f1al de rechazo a la judicializaci\u00f3n de los cinco compa\u00f1eros denunciados por el director del centro de salud \u2013dos de ellos delegados de ATE-, tras participar del conflicto gremial del 2013.<\/p>\n<p><a href=\"http:\/\/www.atecordoba.org\/wp-content\/uploads\/2014\/12\/IMG-20141230-WA0001.jpg\"><img loading=\"lazy\" decoding=\"async\" class=\"aligncenter  wp-image-4962\" src=\"http:\/\/www.atecordoba.org\/wp-content\/uploads\/2014\/12\/IMG-20141230-WA0001.jpg\" alt=\"IMG-20141230-WA0001\" width=\"575\" height=\"324\" \/><\/a><\/p>\n<p>&nbsp;<\/p>\n<p>La medida resentir\u00e1 la atenci\u00f3n de los pacientes, al igual que en el Neuropsiqui\u00e1trico. Sin embargo, est\u00e1n garantizadas las guardias m\u00ednimas y la atenci\u00f3n de urgencias y emergencias.<\/p>\n<p>&nbsp;<\/p>\n<p>Mar\u00eda Teresa Romero<\/p>\n<p>Secretaria General<\/p>\n<p>ATE C\u00f3rdoba<\/p>\n<p>&nbsp;<\/p>\n","protected":false},"excerpt":{"rendered":"<p>Ante la intempestiva resoluci\u00f3n de la Direcci\u00f3n de Salud Mental de la Provincia, ordenando el traslado de dos profesionales del Hospital Neuropsiqui\u00e1trico, ATE rechaza la medida y reclama a las autoridades a respetar las funciones dentro de la instituci\u00f3n, que ambas vienen desempe\u00f1ando desde hace a\u00f1os con idoneidad y compromiso, contando con el aval de [&hellip;]<\/p>\n","protected":false},"author":1,"featured_media":19220,"comment_status":"open","ping_status":"open","sticky":false,"template":"","format":"standard","meta":{"_exactmetrics_skip_tracking":false,"_exactmetrics_sitenote_active":false,"_exactmetrics_sitenote_note":"","_exactmetrics_sitenote_category":0,"jnews-multi-image_gallery":[],"jnews_single_post":[],"jnews_primary_category":[],"jnews_social_meta":[],"jnews_review":[],"enable_review":"","type":"","name":"","summary":"","brand":"","sku":"","good":[],"bad":[],"score_override":"","override_value":"","rating":[],"price":[],"jnews_override_counter":[],"jnews_post_split":[],"footnotes":""},"categories":[7,8],"tags":[],"class_list":["post-4966","post","type-post","status-publish","format-standard","has-post-thumbnail","hentry","category-hospitales","category-provinciales"],"jetpack_featured_media_url":"https:\/\/atecordoba.org\/wp-content\/uploads\/2020\/05\/logo-nuevochico-e1561581322808.png","_links":{"self":[{"href":"https:\/\/atecordoba.org\/index.php?rest_route=\/wp\/v2\/posts\/4966","targetHints":{"allow":["GET"]}}],"collection":[{"href":"https:\/\/atecordoba.org\/index.php?rest_route=\/wp\/v2\/posts"}],"about":[{"href":"https:\/\/atecordoba.org\/index.php?rest_route=\/wp\/v2\/types\/post"}],"author":[{"embeddable":true,"href":"https:\/\/atecordoba.org\/index.php?rest_route=\/wp\/v2\/users\/1"}],"replies":[{"embeddable":true,"href":"https:\/\/atecordoba.org\/index.php?rest_route=%2Fwp%2Fv2%2Fcomments&post=4966"}],"version-history":[{"count":0,"href":"https:\/\/atecordoba.org\/index.php?rest_route=\/wp\/v2\/posts\/4966\/revisions"}],"wp:featuredmedia":[{"embeddable":true,"href":"https:\/\/atecordoba.org\/index.php?rest_route=\/wp\/v2\/media\/19220"}],"wp:attachment":[{"href":"https:\/\/atecordoba.org\/index.php?rest_route=%2Fwp%2Fv2%2Fmedia&parent=4966"}],"wp:term":[{"taxonomy":"category","embeddable":true,"href":"https:\/\/atecordoba.org\/index.php?rest_route=%2Fwp%2Fv2%2Fcategories&post=4966"},{"taxonomy":"post_tag","embeddable":true,"href":"https:\/\/atecordoba.org\/index.php?rest_route=%2Fwp%2Fv2%2Ftags&post=4966"}],"curies":[{"name":"wp","href":"https:\/\/api.w.org\/{rel}","templated":true}]}}