{"id":49656,"date":"2025-07-22T10:50:16","date_gmt":"2025-07-22T13:50:16","guid":{"rendered":"https:\/\/atecordoba.org\/?p=49656"},"modified":"2025-07-22T10:50:16","modified_gmt":"2025-07-22T13:50:16","slug":"paritarias-nacionales-ate-solo-acordara-una-recuperacion-real-de-los-salarios-estatales","status":"publish","type":"post","link":"https:\/\/atecordoba.org\/?p=49656","title":{"rendered":"Paritarias Nacionales: ATE solo acordar\u00e1 una recuperaci\u00f3n real de los salarios estatales"},"content":{"rendered":"<p><img loading=\"lazy\" decoding=\"async\" class=\"aligncenter wp-image-49369 \" src=\"https:\/\/atecordoba.org\/wp-content\/uploads\/2025\/06\/aguiar-1-1024x681.jpeg\" alt=\"\" width=\"633\" height=\"421\" srcset=\"https:\/\/atecordoba.org\/wp-content\/uploads\/2025\/06\/aguiar-1-1024x681.jpeg 1024w, https:\/\/atecordoba.org\/wp-content\/uploads\/2025\/06\/aguiar-1-300x200.jpeg 300w, https:\/\/atecordoba.org\/wp-content\/uploads\/2025\/06\/aguiar-1-768x511.jpeg 768w, https:\/\/atecordoba.org\/wp-content\/uploads\/2025\/06\/aguiar-1-750x499.jpeg 750w, https:\/\/atecordoba.org\/wp-content\/uploads\/2025\/06\/aguiar-1-1140x758.jpeg 1140w, https:\/\/atecordoba.org\/wp-content\/uploads\/2025\/06\/aguiar-1.jpeg 1512w\" sizes=\"auto, (max-width: 633px) 100vw, 633px\" \/>En respuesta a las convocatoria a la paritaria 2025 del Estado Nacional, cuya primer audiencia se realizar\u00e1 ma\u00f1ana mi\u00e9rcoles, el Consejo Directivo Nacional de ATE sali\u00f3 a fijar posici\u00f3n afirmando que una recomposici\u00f3n salarial debe necesariamente recuperar el poder adquisitivo perdido durante el Gobierno de Milei.<\/p>\n<p>&#8220;No vamos a firmar ninguna oferta que se ubique por debajo de la inflaci\u00f3n. No aceptamos que nuestros salarios tengan cepo&#8221;, dijo el secretario General de ATE, Rodolfo Aguiar.<\/p>\n<p>El dirigente acus\u00f3 a Milei porque &#8220;en tan solo 19 meses tu Gobierno destruy\u00f3 destruy\u00f3 los ingresos de todos los trabajadores del sector p\u00fablico&#8221;, y asegur\u00f3 que &#8220;si la propuesta no contempla la recuperaci\u00f3n de todo el poder adquisitivo perdido, no habr\u00e1 posibilidad de ning\u00fan acuerdo&#8221;.<\/p>\n<p>En tal sentido ATE estableci\u00f3 que el salario b\u00e1sico inicial debe alcanzar 1.860.000 pesos en toda la Administraci\u00f3n P\u00fablica- &#8220;Es nuestro derecho constitucional a una retribuci\u00f3n justa. Es el sueldo que nos permite cubrir el valor de la canasta familiar&#8221;, agreg\u00f3 Aguiar.<\/p>\n<p>&#8220;Vos aumentaste tu patrimonio en un 500% en el \u00faltimo a\u00f1o y le bajaste los impuestos a los ricos. Espero que no nos sigas ajustando&#8221;, concluy\u00f3 el secretario General de ATE.<\/p>\n<p><img loading=\"lazy\" decoding=\"async\" class=\"aligncenter wp-image-49658 \" src=\"https:\/\/atecordoba.org\/wp-content\/uploads\/2025\/07\/inflacion-salario-estatales.jpeg\" alt=\"\" width=\"631\" height=\"475\" srcset=\"https:\/\/atecordoba.org\/wp-content\/uploads\/2025\/07\/inflacion-salario-estatales.jpeg 1024w, https:\/\/atecordoba.org\/wp-content\/uploads\/2025\/07\/inflacion-salario-estatales-300x226.jpeg 300w, https:\/\/atecordoba.org\/wp-content\/uploads\/2025\/07\/inflacion-salario-estatales-768x579.jpeg 768w, https:\/\/atecordoba.org\/wp-content\/uploads\/2025\/07\/inflacion-salario-estatales-750x565.jpeg 750w\" sizes=\"auto, (max-width: 631px) 100vw, 631px\" \/><\/p>\n<p>Las y los estatales nacionales <a href=\"https:\/\/ate.org.ar\/250716-salarios-nacional\/\">perdimos un 35.9% de poder adquisitivo desde que asumi\u00f3 Milei<\/a>. pero m\u00e1s de 40% si se considera el aumento de los servicios, alquiler y educaci\u00f3n en el consumo familiar.<\/p>\n<p>&#8220;La ca\u00edda de los salarios reales en la Administraci\u00f3n P\u00fablica Nacional arroj\u00f3 a las y los trabajadores a la pobreza, incluso a la indigencia. As\u00ed por ejemplo, la remuneraci\u00f3n bruta correspondiente a una categor\u00eda media del Convenio Colectivo de Trabajo del Sistema Nacional de Empleo P\u00fablico (SINEP), es de 986.798 pesos. Es decir, no alcanza la l\u00ednea de pobreza. A su vez, la remuneraci\u00f3n bruta de una categor\u00eda inicial para el mismo sectorial es de 464.223 pesos, por debajo de la l\u00ednea de indigencia&#8221;, estableci\u00f3 informe elaborado por la Secretar\u00eda de Convenios Colectivos de Trabajo de ATE Nacional.<\/p>\n<p>&nbsp;<\/p>\n<p>&nbsp;<\/p>\n<p>&nbsp;<\/p>\n","protected":false},"excerpt":{"rendered":"<p>En respuesta a las convocatoria a la paritaria 2025 del Estado Nacional, cuya primer audiencia se realizar\u00e1 ma\u00f1ana mi\u00e9rcoles, el Consejo Directivo Nacional de ATE sali\u00f3 a fijar posici\u00f3n afirmando que una recomposici\u00f3n salarial debe necesariamente recuperar el poder adquisitivo perdido durante el Gobierno de Milei. &#8220;No vamos a firmar ninguna oferta que se ubique [&hellip;]<\/p>\n","protected":false},"author":7,"featured_media":49357,"comment_status":"open","ping_status":"open","sticky":false,"template":"","format":"standard","meta":{"_exactmetrics_skip_tracking":false,"_exactmetrics_sitenote_active":false,"_exactmetrics_sitenote_note":"","_exactmetrics_sitenote_category":0,"jnews-multi-image_gallery":[],"jnews_single_post":[],"jnews_primary_category":[],"jnews_social_meta":[],"jnews_review":[],"enable_review":"","type":"","name":"","summary":"","brand":"","sku":"","good":[],"bad":[],"score_override":"","override_value":"","rating":[],"price":[],"jnews_override_counter":[],"jnews_post_split":[],"footnotes":""},"categories":[756],"tags":[],"class_list":["post-49656","post","type-post","status-publish","format-standard","has-post-thumbnail","hentry","category-consejo-directivo-nacional-cdn"],"jetpack_featured_media_url":"https:\/\/atecordoba.org\/wp-content\/uploads\/2025\/06\/WhatsApp-Image-2025-06-26-at-7.21.10-PM-1-1024x683-1.jpeg","_links":{"self":[{"href":"https:\/\/atecordoba.org\/index.php?rest_route=\/wp\/v2\/posts\/49656","targetHints":{"allow":["GET"]}}],"collection":[{"href":"https:\/\/atecordoba.org\/index.php?rest_route=\/wp\/v2\/posts"}],"about":[{"href":"https:\/\/atecordoba.org\/index.php?rest_route=\/wp\/v2\/types\/post"}],"author":[{"embeddable":true,"href":"https:\/\/atecordoba.org\/index.php?rest_route=\/wp\/v2\/users\/7"}],"replies":[{"embeddable":true,"href":"https:\/\/atecordoba.org\/index.php?rest_route=%2Fwp%2Fv2%2Fcomments&post=49656"}],"version-history":[{"count":2,"href":"https:\/\/atecordoba.org\/index.php?rest_route=\/wp\/v2\/posts\/49656\/revisions"}],"predecessor-version":[{"id":49659,"href":"https:\/\/atecordoba.org\/index.php?rest_route=\/wp\/v2\/posts\/49656\/revisions\/49659"}],"wp:featuredmedia":[{"embeddable":true,"href":"https:\/\/atecordoba.org\/index.php?rest_route=\/wp\/v2\/media\/49357"}],"wp:attachment":[{"href":"https:\/\/atecordoba.org\/index.php?rest_route=%2Fwp%2Fv2%2Fmedia&parent=49656"}],"wp:term":[{"taxonomy":"category","embeddable":true,"href":"https:\/\/atecordoba.org\/index.php?rest_route=%2Fwp%2Fv2%2Fcategories&post=49656"},{"taxonomy":"post_tag","embeddable":true,"href":"https:\/\/atecordoba.org\/index.php?rest_route=%2Fwp%2Fv2%2Ftags&post=49656"}],"curies":[{"name":"wp","href":"https:\/\/api.w.org\/{rel}","templated":true}]}}