{"id":49651,"date":"2025-07-21T12:19:53","date_gmt":"2025-07-21T15:19:53","guid":{"rendered":"https:\/\/atecordoba.org\/?p=49651"},"modified":"2025-07-21T12:19:53","modified_gmt":"2025-07-21T15:19:53","slug":"giuliani-participara-de-una-cumbre-del-alba-en-venezuela","status":"publish","type":"post","link":"https:\/\/atecordoba.org\/?p=49651","title":{"rendered":"Giuliani participar\u00e1 de una Cumbre del ALBA en Venezuela"},"content":{"rendered":"<p><img loading=\"lazy\" decoding=\"async\" class=\"aligncenter wp-image-49652 \" src=\"https:\/\/atecordoba.org\/wp-content\/uploads\/2025\/07\/flyer-alba.jpg\" alt=\"\" width=\"614\" height=\"409\" srcset=\"https:\/\/atecordoba.org\/wp-content\/uploads\/2025\/07\/flyer-alba.jpg 748w, https:\/\/atecordoba.org\/wp-content\/uploads\/2025\/07\/flyer-alba-300x200.jpg 300w\" sizes=\"auto, (max-width: 614px) 100vw, 614px\" \/>Invitado por Rander Pe\u00f1a, representante del Partido Socialista Unido de Venezuela (PSUV), el Secretario General de ATE y la CTA Aut\u00f3noma C\u00f3rdoba, Federico Giuliani, participar\u00e1 esta semana en ese pa\u00eds de distintas actividades en el marco de la Alianza Bolivariana para los Pueblos de Nuestra Am\u00e9rica (ALBA).<\/p>\n<p>El primero de ellos es la Cumbre de los Pueblos en Favor de la Paz y Contra la Guerra, que tendr\u00e1 lugar el 25 de julio en Caracas, como expresi\u00f3n del firme compromiso del gobierno Bolivariano con la defensa del multilateralismo, el respeto del derecho internacional y la preservaci\u00f3n de la paz frente a la creciente militarizaci\u00f3n global.<\/p>\n<p>\u201cAsimismo, y en cumplimiento de nuestro calendario electoral, como parte de una tradici\u00f3n democr\u00e1tica s\u00f3lida y participativa, conscientes de la importancia de garantizar procesos electorales transparentes, auditables y con amplia observaci\u00f3n internacional, le extendemos la invitaci\u00f3n a formar parte de la Misi\u00f3n de Acompa\u00f1amiento Internacional a las elecciones de Alcaldesas, Alcaldes y Concejos Municipales, que se celebrar\u00e1n en todo el territorio nacional el d\u00eda 27 de julio del presente a\u00f1o\u201d, reza un p\u00e1rrafo de la nota.<\/p>\n<p>Giuliani, recientemente electo integrante de la Secretar\u00eda de Acci\u00f3n Sindical y Campa\u00f1as de la Confederaci\u00f3n Latinoamericana y del Caribe de Trabajadores Estatales (CLATE) -presidida por el neuquino Julio Fuentes- en el marco del 14\u00ba Congreso Ordinario y Extraordinario que se desarroll\u00f3 el 25 y 26 de junio en la Ciudad Aut\u00f3noma de Buenos Aires, mantendr\u00e1 diversos contactos y compartir\u00e1 actividades con organizaciones sindicales y sociales venezolanas.<img loading=\"lazy\" decoding=\"async\" class=\"aligncenter wp-image-49305 \" src=\"https:\/\/atecordoba.org\/wp-content\/uploads\/2025\/06\/IMG-20250625-WA0017-1024x768.jpg\" alt=\"\" width=\"623\" height=\"467\" srcset=\"https:\/\/atecordoba.org\/wp-content\/uploads\/2025\/06\/IMG-20250625-WA0017-1024x768.jpg 1024w, https:\/\/atecordoba.org\/wp-content\/uploads\/2025\/06\/IMG-20250625-WA0017-300x225.jpg 300w, https:\/\/atecordoba.org\/wp-content\/uploads\/2025\/06\/IMG-20250625-WA0017-768x576.jpg 768w, https:\/\/atecordoba.org\/wp-content\/uploads\/2025\/06\/IMG-20250625-WA0017-1536x1152.jpg 1536w, https:\/\/atecordoba.org\/wp-content\/uploads\/2025\/06\/IMG-20250625-WA0017-750x563.jpg 750w, https:\/\/atecordoba.org\/wp-content\/uploads\/2025\/06\/IMG-20250625-WA0017-1140x855.jpg 1140w, https:\/\/atecordoba.org\/wp-content\/uploads\/2025\/06\/IMG-20250625-WA0017.jpg 1600w\" sizes=\"auto, (max-width: 623px) 100vw, 623px\" \/><\/p>\n<p><span data-huuid=\"8860654140685138419\">En Venezuela, la CLATE cuenta con la participaci\u00f3n de varias organizaciones sindicales.\u00a0<\/span><span data-huuid=\"8860654140685139434\">Entre ellas, se destacan la Uni\u00f3n Nacional de Trabajadores (UNT), la Confederaci\u00f3n de Sindicatos Aut\u00f3nomos de Venezuela (CODESA), la Central Unitaria de Trabajadores de Venezuela (CUTV) y el Movimiento Nacional de Trabajadores para la Liberaci\u00f3n (MONTRAL).\u00a0<\/span><\/p>\n<p><strong>La convocatoria<\/strong><\/p>\n<p>El Secretario Ejecutivo del ALBA-TCP, Rander Pe\u00f1a, se\u00f1al\u00f3 en su cuenta de la red social Telegram que la cita la acordaron 396 l\u00edderes de organizaciones sociales y pol\u00edticas de la Internacional Antifascista, provenientes de 70 pa\u00edses.<\/p>\n<p>\u201cLa violencia en Medio Oriente es solo una muestra de lo que el fascismo es capaz de hacer\u00bb, expuso.<\/p>\n<p>El Secretario Ejecutivo de la Alianza Bolivariana para los Pueblos de Nuestra Am\u00e9rica-Tratado de Comercio de los Pueblos (ALBA-TCP), afirm\u00f3 que \u201c\u00a1no podemos permitir que la humanidad sea arrastrada al abismo!\u201d.<\/p>\n<p>Pe\u00f1a convoc\u00f3 a todos los sectores, partidos pol\u00edticos, movimientos sociales, intelectuales, artistas, juventudes, mujeres y luchadores populares, \u201ca alzar su voz y participar en esta Cumbre de los Pueblos\u201d.<\/p>\n<p>En el audiovisual que acompa\u00f1a el mensaje, el Secretario de la Alianza Bolivariana indic\u00f3 que el encuentro de julio permitir\u00e1 tambi\u00e9n dise\u00f1ar una ruta de trabajo para el segundo semestre del 2025.<\/p>\n<p>Afirm\u00f3 que la Internacional Antifascista ha sido contundente al momento de indicar que \u201cesto no es otra cosa que la readecuaci\u00f3n con nuevos m\u00e9todos del fascismo, que intenta resurgir con procedimientos violentos\u201d, y convoc\u00f3 a pasar a una ofensiva pol\u00edtica para su derrota definitiva.<\/p>\n","protected":false},"excerpt":{"rendered":"<p>Invitado por Rander Pe\u00f1a, representante del Partido Socialista Unido de Venezuela (PSUV), el Secretario General de ATE y la CTA Aut\u00f3noma C\u00f3rdoba, Federico Giuliani, participar\u00e1 esta semana en ese pa\u00eds de distintas actividades en el marco de la Alianza Bolivariana para los Pueblos de Nuestra Am\u00e9rica (ALBA). El primero de ellos es la Cumbre de [&hellip;]<\/p>\n","protected":false},"author":7,"featured_media":49652,"comment_status":"open","ping_status":"open","sticky":false,"template":"","format":"standard","meta":{"_exactmetrics_skip_tracking":false,"_exactmetrics_sitenote_active":false,"_exactmetrics_sitenote_note":"","_exactmetrics_sitenote_category":0,"jnews-multi-image_gallery":[],"jnews_single_post":[],"jnews_primary_category":[],"jnews_social_meta":[],"jnews_review":[],"enable_review":"","type":"","name":"","summary":"","brand":"","sku":"","good":[],"bad":[],"score_override":"","override_value":"","rating":[],"price":[],"jnews_override_counter":[],"jnews_post_split":[],"footnotes":""},"categories":[10],"tags":[],"class_list":["post-49651","post","type-post","status-publish","format-standard","has-post-thumbnail","hentry","category-accion-politica"],"jetpack_featured_media_url":"https:\/\/atecordoba.org\/wp-content\/uploads\/2025\/07\/flyer-alba.jpg","_links":{"self":[{"href":"https:\/\/atecordoba.org\/index.php?rest_route=\/wp\/v2\/posts\/49651","targetHints":{"allow":["GET"]}}],"collection":[{"href":"https:\/\/atecordoba.org\/index.php?rest_route=\/wp\/v2\/posts"}],"about":[{"href":"https:\/\/atecordoba.org\/index.php?rest_route=\/wp\/v2\/types\/post"}],"author":[{"embeddable":true,"href":"https:\/\/atecordoba.org\/index.php?rest_route=\/wp\/v2\/users\/7"}],"replies":[{"embeddable":true,"href":"https:\/\/atecordoba.org\/index.php?rest_route=%2Fwp%2Fv2%2Fcomments&post=49651"}],"version-history":[{"count":1,"href":"https:\/\/atecordoba.org\/index.php?rest_route=\/wp\/v2\/posts\/49651\/revisions"}],"predecessor-version":[{"id":49653,"href":"https:\/\/atecordoba.org\/index.php?rest_route=\/wp\/v2\/posts\/49651\/revisions\/49653"}],"wp:featuredmedia":[{"embeddable":true,"href":"https:\/\/atecordoba.org\/index.php?rest_route=\/wp\/v2\/media\/49652"}],"wp:attachment":[{"href":"https:\/\/atecordoba.org\/index.php?rest_route=%2Fwp%2Fv2%2Fmedia&parent=49651"}],"wp:term":[{"taxonomy":"category","embeddable":true,"href":"https:\/\/atecordoba.org\/index.php?rest_route=%2Fwp%2Fv2%2Fcategories&post=49651"},{"taxonomy":"post_tag","embeddable":true,"href":"https:\/\/atecordoba.org\/index.php?rest_route=%2Fwp%2Fv2%2Ftags&post=49651"}],"curies":[{"name":"wp","href":"https:\/\/api.w.org\/{rel}","templated":true}]}}