{"id":4961,"date":"2014-12-30T17:08:36","date_gmt":"2014-12-30T20:08:36","guid":{"rendered":"http:\/\/www.atecordoba.org\/?p=4961"},"modified":"2014-12-30T17:08:36","modified_gmt":"2014-12-30T20:08:36","slug":"asambleas-en-el-hospital-de-ninos-y-el-transito-caceres-de-allende-trabajadores-repudiaron-el-ajuste-y-la-persecusion-sindical","status":"publish","type":"post","link":"https:\/\/atecordoba.org\/?p=4961","title":{"rendered":"Asambleas en el Hospital de Ni\u00f1os y el Tr\u00e1nsito C\u00e1ceres de Allende, trabajadores repudiaron el ajuste y la persecuci\u00f3n sindical"},"content":{"rendered":"<p><em>Hoy se desarrollaron sendas asambleas en los dos centros de salud provinciales con importante concurrencia de los trabajadores. Dada la \u00e9poca del a\u00f1o, las medidas constituyen una fuerte mensaje a las direcciones de los nosocomios respecto a la defensa que realiza ATE del hospital p\u00fablico.\u00a0<\/em><\/p>\n<figure id=\"attachment_4962\" aria-describedby=\"caption-attachment-4962\" style=\"width: 598px\" class=\"wp-caption aligncenter\"><a href=\"http:\/\/www.atecordoba.org\/wp-content\/uploads\/2014\/12\/IMG-20141230-WA0001.jpg\"><img loading=\"lazy\" decoding=\"async\" class=\"wp-image-4962\" src=\"http:\/\/www.atecordoba.org\/wp-content\/uploads\/2014\/12\/IMG-20141230-WA0001.jpg\" alt=\"IMG-20141230-WA0001\" width=\"598\" height=\"337\" \/><\/a><figcaption id=\"caption-attachment-4962\" class=\"wp-caption-text\">Asamblea en el Hospital de Ni\u00f1os<\/figcaption><\/figure>\n<p>A media ma\u00f1ana se inici\u00f3 la asamblea en el Hospital de Ni\u00f1os,\u00a0en el marco del estado de alerta y movilizaci\u00f3n que ATE estableci\u00f3 para todo el sistema de hospitales p\u00fablicos provinciales. Una importante concurrencia de trabajadores debati\u00f3 la imputaci\u00f3n de cinco compa\u00f1eros del centro de salud, dos de ellos los delegados de ATE Santiago Belizan y Virginia L\u00e1zaro, que realiz\u00f3 la justicia provincial, originada en una denuncia del director del hospital, N\u00e9stor Perotti.<\/p>\n<p>El funcionario acus\u00f3 a los trabajadores del delito de &#8216;turbaci\u00f3n de la posici\u00f3n&#8217; durante el conflicto gremial por reclamos salariales que el hospital realiz\u00f3 en 2013. Los compa\u00f1eros debieron presentarse ante el fiscal provincial \u00a0Pedro Caballero, con frondosos antecedentes de criminalizaci\u00f3n de la actividad sindical, como los casos de dirigentes del Cispren o de delegados de la firma metal\u00fargica Valeo.<\/p>\n<p>El abogado de ATE, Eugenio Biafore, rechaz\u00f3 en un escrito los cargos y asegur\u00f3 que la figura legal no se condice con la actividad desarrollada por los trabajadores, que no turbaron ninguna posici\u00f3n sino que se expresaron conforme los derechos laborales que establece la legislaci\u00f3n vigente.<\/p>\n<p>Durante la asamblea de hoy, los trabajadores recibieron muestras de solidaridad y se ratific\u00f3 el repudio a las autoridades provinciales y a la justicia, que apelado a la judicializaci\u00f3n en vez de resolver los problemas salariales, de falta de personal e insumos que sufre el hospital.<\/p>\n<p><a href=\"http:\/\/www.atecordoba.org\/wp-content\/uploads\/2014\/12\/IMG-20141230-WA0000.jpg\"><img loading=\"lazy\" decoding=\"async\" class=\"aligncenter  wp-image-4963\" src=\"http:\/\/www.atecordoba.org\/wp-content\/uploads\/2014\/12\/IMG-20141230-WA0000.jpg\" alt=\"IMG-20141230-WA0000\" width=\"589\" height=\"332\" \/><\/a><\/p>\n<p>&#8220;El gobierno pretende acallar a los trabajadores, pero ATE , as\u00ed como otras organizaciones, mantendremos la firmeza necesaria para defender los derechos de nuestros representados. Tambi\u00e9n estamos convencidos que la lucha es el camino para mantener en pie los hospitales p\u00fablicos, patrimonio de todos los cordobeses, que el gobierno de C\u00f3rdoba ha dejado librado al abandono&#8221;, asegur\u00f3 el secretario de Prensa de ATE, Daniel Pawluchuzk.<\/p>\n<p>Los trabajadores confirmaron que el pr\u00f3ximo martes 6 de enero se llevar\u00e1 a cabo una nueva asamblea que, al igual que hoy, resentir\u00e1 la atenci\u00f3n al p\u00fablico, aunque, como es habitual, est\u00e1n garantizadas las guardias m\u00ednimas y la atenci\u00f3n de las urgencias.<\/p>\n<h3>Hospital Tr\u00e1nsito C\u00e1ceres de Allende<\/h3>\n<p>Otra asamblea se realiz\u00f3 por la ma\u00f1ana en el hospital Tr\u00e1nsito C\u00e1ceres de Allende, ante la falta de personal que designado para reemplazar a la totalidad de los trabajadores que tomaron licencias por vacaciones. Esto implica que existe el riesgo del\u00a0cierre de servicios, ya que se incorporaron s\u00f3lo 18 contratos (LAR) para los 37 compa\u00f1eros de licencia. Otra posibilidad es que se mantengan los servicios pero con una dr\u00e1stica disminuci\u00f3n de la cantidad de camas.<\/p>\n<p>\u201cDesde ATE entendemos que este es un proceso de ajuste sobre el sistema de hospitales provinciales. Por eso elevamos nuestra protesta: no podemos permitir que el hospital p\u00fablico resienta su atenci\u00f3n por una decisi\u00f3n deliberada del gobierno. Estamos por la defensa del sistema sanitario p\u00fablico y seguiremos llevando adelante acciones gremiales\u201d, dijo el vocal del Consejo Directivo Provincial de ATE y delegado del hospital, Eduardo Pereyra.<\/p>\n<p>El dirigente, que cumple funciones tambi\u00e9n como secretario de Acci\u00f3n Social de la CTA Capital, se\u00f1al\u00f3 que es en este marco que deben interpretarse las persecuciones que est\u00e1n sufriendo otros delegados y trabajadores del hospital de Ni\u00f1os.<\/p>\n<p>ATE viene haciendo una fuerte campa\u00f1a de difusi\u00f3n denunciando el proceso de ajuste que realiza el gobierno provincial. En ese contexto ya denunci\u00f3 la alevosa falta de medicamentos y drogas para las terapias que deben utilizar los pacientes del hospital San Roque.<\/p>\n","protected":false},"excerpt":{"rendered":"<p>Hoy se desarrollaron sendas asambleas en los dos centros de salud provinciales con importante concurrencia de los trabajadores. Dada la \u00e9poca del a\u00f1o, las medidas constituyen una fuerte mensaje a las direcciones de los nosocomios respecto a la defensa que realiza ATE del hospital p\u00fablico.\u00a0 A media ma\u00f1ana se inici\u00f3 la asamblea en el Hospital [&hellip;]<\/p>\n","protected":false},"author":1,"featured_media":19220,"comment_status":"open","ping_status":"open","sticky":false,"template":"","format":"standard","meta":{"_exactmetrics_skip_tracking":false,"_exactmetrics_sitenote_active":false,"_exactmetrics_sitenote_note":"","_exactmetrics_sitenote_category":0,"jnews-multi-image_gallery":[],"jnews_single_post":[],"jnews_primary_category":[],"jnews_social_meta":[],"jnews_review":[],"enable_review":"","type":"","name":"","summary":"","brand":"","sku":"","good":[],"bad":[],"score_override":"","override_value":"","rating":[],"price":[],"jnews_override_counter":[],"jnews_post_split":[],"footnotes":""},"categories":[7,8],"tags":[],"class_list":["post-4961","post","type-post","status-publish","format-standard","has-post-thumbnail","hentry","category-hospitales","category-provinciales"],"jetpack_featured_media_url":"https:\/\/atecordoba.org\/wp-content\/uploads\/2020\/05\/logo-nuevochico-e1561581322808.png","_links":{"self":[{"href":"https:\/\/atecordoba.org\/index.php?rest_route=\/wp\/v2\/posts\/4961","targetHints":{"allow":["GET"]}}],"collection":[{"href":"https:\/\/atecordoba.org\/index.php?rest_route=\/wp\/v2\/posts"}],"about":[{"href":"https:\/\/atecordoba.org\/index.php?rest_route=\/wp\/v2\/types\/post"}],"author":[{"embeddable":true,"href":"https:\/\/atecordoba.org\/index.php?rest_route=\/wp\/v2\/users\/1"}],"replies":[{"embeddable":true,"href":"https:\/\/atecordoba.org\/index.php?rest_route=%2Fwp%2Fv2%2Fcomments&post=4961"}],"version-history":[{"count":0,"href":"https:\/\/atecordoba.org\/index.php?rest_route=\/wp\/v2\/posts\/4961\/revisions"}],"wp:featuredmedia":[{"embeddable":true,"href":"https:\/\/atecordoba.org\/index.php?rest_route=\/wp\/v2\/media\/19220"}],"wp:attachment":[{"href":"https:\/\/atecordoba.org\/index.php?rest_route=%2Fwp%2Fv2%2Fmedia&parent=4961"}],"wp:term":[{"taxonomy":"category","embeddable":true,"href":"https:\/\/atecordoba.org\/index.php?rest_route=%2Fwp%2Fv2%2Fcategories&post=4961"},{"taxonomy":"post_tag","embeddable":true,"href":"https:\/\/atecordoba.org\/index.php?rest_route=%2Fwp%2Fv2%2Ftags&post=4961"}],"curies":[{"name":"wp","href":"https:\/\/api.w.org\/{rel}","templated":true}]}}