{"id":49596,"date":"2025-07-18T16:21:46","date_gmt":"2025-07-18T19:21:46","guid":{"rendered":"https:\/\/atecordoba.org\/?p=49596"},"modified":"2025-07-21T12:21:35","modified_gmt":"2025-07-21T15:21:35","slug":"importante-actividad-de-difusion-y-defensa-del-inti-convoco-a-organizaciones-estatales-de-diversos-organismos-y-un-amplio-arco-politico","status":"publish","type":"post","link":"https:\/\/atecordoba.org\/?p=49596","title":{"rendered":"Importante actividad de difusi\u00f3n y defensa del INTI convoc\u00f3 a organizaciones, estatales de diversos organismos y un amplio arco pol\u00edtico"},"content":{"rendered":"<p><img loading=\"lazy\" decoding=\"async\" class=\"aligncenter wp-image-49598 \" src=\"https:\/\/atecordoba.org\/wp-content\/uploads\/2025\/07\/WhatsApp-Image-2025-07-18-at-14.12.39-1024x769.jpeg\" alt=\"\" width=\"618\" height=\"464\" \/>Hoy se concret\u00f3 una importante actividad de difusi\u00f3n sobre las tareas que se desarrollan en el Centro C\u00f3rdoba del Instituto Nacional de Tecnolog\u00eda Industrial (INTI), en su sede de avenida V\u00e9lez Sarsfield (frente a la Plaza de la Am\u00e9ricas), convocada como una iniciativa en rechazo al Decreto de Necesidad y Urgencia (DNU 462\/25) que con la firma de Milei, pretende cambiar la naturaleza del organismo. El decreto transforma la naturaleza hist\u00f3rica del INTI aut\u00e1rquica y aut\u00f3noma en una &#8216;unidad organizativa&#8217; que quede a tiro de resoluci\u00f3n del gobierno.<\/p>\n<p>Esto puso en crisis a toda la comunidad que gira alrededor del organismo y obtuvo como respuesta hoy que numerosas organizaciones y un amplio arco pol\u00edtico respondiera a la convocatoria que realizaron conjuntamente ATE y UPCN, los gremios con representaci\u00f3n en INTI.<\/p>\n<p><img loading=\"lazy\" decoding=\"async\" class=\"aligncenter wp-image-49647 \" src=\"https:\/\/atecordoba.org\/wp-content\/uploads\/2025\/07\/WhatsApp-Image-2025-07-18-at-13.16.59-2-1024x771.jpeg\" alt=\"\" width=\"608\" height=\"458\" srcset=\"https:\/\/atecordoba.org\/wp-content\/uploads\/2025\/07\/WhatsApp-Image-2025-07-18-at-13.16.59-2-1024x771.jpeg 1024w, https:\/\/atecordoba.org\/wp-content\/uploads\/2025\/07\/WhatsApp-Image-2025-07-18-at-13.16.59-2-300x226.jpeg 300w, https:\/\/atecordoba.org\/wp-content\/uploads\/2025\/07\/WhatsApp-Image-2025-07-18-at-13.16.59-2-768x578.jpeg 768w, https:\/\/atecordoba.org\/wp-content\/uploads\/2025\/07\/WhatsApp-Image-2025-07-18-at-13.16.59-2-1536x1156.jpeg 1536w, https:\/\/atecordoba.org\/wp-content\/uploads\/2025\/07\/WhatsApp-Image-2025-07-18-at-13.16.59-2-750x564.jpeg 750w, https:\/\/atecordoba.org\/wp-content\/uploads\/2025\/07\/WhatsApp-Image-2025-07-18-at-13.16.59-2-1140x858.jpeg 1140w, https:\/\/atecordoba.org\/wp-content\/uploads\/2025\/07\/WhatsApp-Image-2025-07-18-at-13.16.59-2.jpeg 1600w\" sizes=\"auto, (max-width: 608px) 100vw, 608px\" \/>Las diputadas nacionales Gabriela Estevez y Natalia De la Sota, los legisladores Dante Rossi y Luciana Echevarr\u00eda, el viceintendente de la Municipalidad de C\u00f3rdoba Javier Pretto, entre otros, se hicieron presentes dando un fuerte mensaje sobre su apoyo al organismo.<\/p>\n<p>En ese sentido, el secretario Gremial de ATE C\u00f3rdoba, Jorge\u00a0Chalup, evalu\u00f3 como &#8220;altamente positiva la actividad para conocer la importancia de lo que desarrollan los trabajadores en el organismo. Destacamos que se acercaron trabajadores de la Mesa Sindical de Ciencia y T\u00e9cnica, varios diputados nacionales, legisladores y en viceintendente \u00a0en un arco pol\u00edtico amplio en interesante que habla de la legitimidad que ha logrado en INTI en su trabajo por d\u00e9cadas&#8221;.<img loading=\"lazy\" decoding=\"async\" class=\"aligncenter wp-image-49602 \" src=\"https:\/\/atecordoba.org\/wp-content\/uploads\/2025\/07\/WhatsApp-Image-2025-07-18-at-13.16.58-1-e1753099244444-1024x871.jpeg\" alt=\"\" width=\"625\" height=\"532\" srcset=\"https:\/\/atecordoba.org\/wp-content\/uploads\/2025\/07\/WhatsApp-Image-2025-07-18-at-13.16.58-1-e1753099244444-1024x871.jpeg 1024w, https:\/\/atecordoba.org\/wp-content\/uploads\/2025\/07\/WhatsApp-Image-2025-07-18-at-13.16.58-1-e1753099244444-300x255.jpeg 300w, https:\/\/atecordoba.org\/wp-content\/uploads\/2025\/07\/WhatsApp-Image-2025-07-18-at-13.16.58-1-e1753099244444-768x653.jpeg 768w, https:\/\/atecordoba.org\/wp-content\/uploads\/2025\/07\/WhatsApp-Image-2025-07-18-at-13.16.58-1-e1753099244444-750x638.jpeg 750w, https:\/\/atecordoba.org\/wp-content\/uploads\/2025\/07\/WhatsApp-Image-2025-07-18-at-13.16.58-1-e1753099244444-1140x970.jpeg 1140w, https:\/\/atecordoba.org\/wp-content\/uploads\/2025\/07\/WhatsApp-Image-2025-07-18-at-13.16.58-1-e1753099244444.jpeg 1204w\" sizes=\"auto, (max-width: 625px) 100vw, 625px\" \/><\/p>\n<p>El dirigente afirm\u00f3 que &#8220;vamos a seguir construyendo en uno de los frentes abiertos que tenemos en ATE. Esta es una de las actividades para abrir los conflictos a la sociedad, sumado a las acciones legales contra las medidas que tom\u00f3 el gobierno a trav\u00e9s de ATE Nacional. Creemos que los cordobeses deben saber lo que hace INTI en la provincia para que no compren el discurso que los trabajadores son \u00f1oquis&#8221;.<\/p>\n<div id='gallery_1' class='gallery galleryid-49596 gallery-columns-3 gallery-size-thumbnail'><figure class='gallery-item'>\n                <div class='gallery-icon landscape'>\n                    <a href='https:\/\/atecordoba.org\/wp-content\/uploads\/2025\/07\/WhatsApp-Image-2025-07-18-at-13.38.54-scaled.jpeg'><img loading=\"lazy\" decoding=\"async\" width=\"150\" height=\"150\" src=\"\" class=\"attachment-thumbnail size-thumbnail lazyload\" alt=\"\" data-src=\"https:\/\/atecordoba.org\/wp-content\/uploads\/2025\/07\/WhatsApp-Image-2025-07-18-at-13.38.54-150x150.jpeg\" data-sizes=\"auto\" data-srcset=\"https:\/\/atecordoba.org\/wp-content\/uploads\/2025\/07\/WhatsApp-Image-2025-07-18-at-13.38.54-150x150.jpeg 150w, https:\/\/atecordoba.org\/wp-content\/uploads\/2025\/07\/WhatsApp-Image-2025-07-18-at-13.38.54-560x560.jpeg 560w, https:\/\/atecordoba.org\/wp-content\/uploads\/2025\/07\/WhatsApp-Image-2025-07-18-at-13.38.54-75x75.jpeg 75w, https:\/\/atecordoba.org\/wp-content\/uploads\/2025\/07\/WhatsApp-Image-2025-07-18-at-13.38.54-350x350.jpeg 350w\" data-expand=\"700\" \/><\/a>\n                <\/div><\/figure><figure class='gallery-item'>\n                <div class='gallery-icon landscape'>\n                    <a href='https:\/\/atecordoba.org\/wp-content\/uploads\/2025\/07\/WhatsApp-Image-2025-07-18-at-13.38.54-1-scaled.jpeg'><img loading=\"lazy\" decoding=\"async\" width=\"150\" height=\"150\" src=\"\" class=\"attachment-thumbnail size-thumbnail lazyload\" alt=\"\" data-src=\"https:\/\/atecordoba.org\/wp-content\/uploads\/2025\/07\/WhatsApp-Image-2025-07-18-at-13.38.54-1-150x150.jpeg\" data-sizes=\"auto\" data-srcset=\"https:\/\/atecordoba.org\/wp-content\/uploads\/2025\/07\/WhatsApp-Image-2025-07-18-at-13.38.54-1-150x150.jpeg 150w, https:\/\/atecordoba.org\/wp-content\/uploads\/2025\/07\/WhatsApp-Image-2025-07-18-at-13.38.54-1-560x560.jpeg 560w, https:\/\/atecordoba.org\/wp-content\/uploads\/2025\/07\/WhatsApp-Image-2025-07-18-at-13.38.54-1-75x75.jpeg 75w, https:\/\/atecordoba.org\/wp-content\/uploads\/2025\/07\/WhatsApp-Image-2025-07-18-at-13.38.54-1-350x350.jpeg 350w\" data-expand=\"700\" \/><\/a>\n                <\/div><\/figure><figure class='gallery-item'>\n                <div class='gallery-icon landscape'>\n                    <a href='https:\/\/atecordoba.org\/wp-content\/uploads\/2025\/07\/WhatsApp-Image-2025-07-18-at-13.38.55-1.jpeg'><img loading=\"lazy\" decoding=\"async\" width=\"150\" height=\"150\" src=\"\" class=\"attachment-thumbnail size-thumbnail lazyload\" alt=\"\" data-src=\"https:\/\/atecordoba.org\/wp-content\/uploads\/2025\/07\/WhatsApp-Image-2025-07-18-at-13.38.55-1-150x150.jpeg\" data-sizes=\"auto\" data-srcset=\"https:\/\/atecordoba.org\/wp-content\/uploads\/2025\/07\/WhatsApp-Image-2025-07-18-at-13.38.55-1-150x150.jpeg 150w, https:\/\/atecordoba.org\/wp-content\/uploads\/2025\/07\/WhatsApp-Image-2025-07-18-at-13.38.55-1-560x560.jpeg 560w, https:\/\/atecordoba.org\/wp-content\/uploads\/2025\/07\/WhatsApp-Image-2025-07-18-at-13.38.55-1-75x75.jpeg 75w, https:\/\/atecordoba.org\/wp-content\/uploads\/2025\/07\/WhatsApp-Image-2025-07-18-at-13.38.55-1-350x350.jpeg 350w\" data-expand=\"700\" \/><\/a>\n                <\/div><\/figure><br style=\"clear: both\" \/>\n            <\/div>\n\n<p>&#8220;Como sindicato no alcanza y por eso es clave que la comunidad y los distintos actores pol\u00edticos se involucren para ponerle un l\u00edmite a la acci\u00f3n del gobierno de Milei&#8221;, dijo Chalup.<\/p>\n<p>Por su parte, el delegado de UPCN de INTI C\u00f3rdoba, Nicol\u00e1s Godoy, asegur\u00f3 que &#8220;el INTI es complicado por lo que se sabe y lo que no se sabe. Si bien el decreto no est\u00e1 a\u00fan en vigencia degrada el status que ataca la autonom\u00eda, autarqu\u00eda y federalismo, los puntales indispensables para que el INTI cumpla su funci\u00f3n en el desarrollo industrial. Se puede llegar a perder la capacidad de coordinaci\u00f3n con sectores industriales y nos llevar\u00eda a perder la administrar nuestros recursos para poder intervenir de manera simbi\u00f3tica a las necesidades del INTI, a trav\u00e9s del 30% de los recursos que generamos, y as\u00ed decidir los proyectos de inversi\u00f3n&#8221;.<\/p>\n<p>El dirigente fue categ\u00f3rico al se\u00f1alar que &#8220;no hay estudios t\u00e9cnicos que eval\u00faen bien o mal como funcionamos. Que venga el ministro de Desregulaci\u00f3n Sturzenegger a conocer nuestros laboratorios, porque lo cierto si hicieron un estudio no consultaron al INTI, no vinieron a conocerlo. No mandaron gente con un rol meramente administrativo y con el objetivo de ajustar el organismo&#8221;.<\/p>\n<p>Asimismo el secretario General de ATE Cruz del Eje, Juan Pablo Beto Pozzi, explic\u00f3 que se encontraba en el lugar apoyando la lucha de los trabajadores y tambi\u00e9n porque &#8220;tenemos una oficina en Cruz del Eje y un compa\u00f1ero del organismo en la conducci\u00f3n de la seccional. All\u00e1 cerraron la oficina de INTI y los compa\u00f1eros se vinieron a trabajar al sindicato donde les facilitamos espacio, internet, etc para que puedan seguir con sus labores. Los compa\u00f1eros siguen atendiendo a las industrias, ayudando el desarrollo industrial del norte cordob\u00e9s&#8221;.<\/p>\n<p>Y concluy\u00f3: &#8220;el ataque es claro, sobre todo al interior de nuestro pa\u00eds, porque es clave la destrucci\u00f3n del Estado en los territorios&#8221;.<img loading=\"lazy\" decoding=\"async\" class=\"aligncenter wp-image-49607 \" src=\"https:\/\/atecordoba.org\/wp-content\/uploads\/2025\/07\/WhatsApp-Image-2025-07-18-at-13.38.55-905x1024.jpeg\" alt=\"\" width=\"629\" height=\"712\" srcset=\"https:\/\/atecordoba.org\/wp-content\/uploads\/2025\/07\/WhatsApp-Image-2025-07-18-at-13.38.55-905x1024.jpeg 905w, https:\/\/atecordoba.org\/wp-content\/uploads\/2025\/07\/WhatsApp-Image-2025-07-18-at-13.38.55-265x300.jpeg 265w, https:\/\/atecordoba.org\/wp-content\/uploads\/2025\/07\/WhatsApp-Image-2025-07-18-at-13.38.55-768x869.jpeg 768w, https:\/\/atecordoba.org\/wp-content\/uploads\/2025\/07\/WhatsApp-Image-2025-07-18-at-13.38.55-750x849.jpeg 750w, https:\/\/atecordoba.org\/wp-content\/uploads\/2025\/07\/WhatsApp-Image-2025-07-18-at-13.38.55.jpeg 1075w\" sizes=\"auto, (max-width: 629px) 100vw, 629px\" \/><\/p>\n<p>A su turno, Alejandro Dom\u00ednguez, a cargo de la direcci\u00f3n del centro del INTI C\u00f3rdoba desde septiembre del a\u00f1o pasado, dijo que &#8220;el INTI perdi\u00f3 740 personas el \u00faltimo a\u00f1o, en este centro pasamos de 119 a 83 trabajadores, desde agosto al d\u00eda de hoy. Es un problema porque formar un profesional y desarrollar su tarea de manera aut\u00f3noma, que coordine grupos de trabajo y los lidere, lleva muchos a\u00f1os. En buena parte ese era el tipo personal que se fue. Adem\u00e1s, quiero destacar la importancia del personal auxiliar administrativo, sin el cual los t\u00e9cnicos y profesionales no podr\u00edan trabajar&#8221;.<\/p>\n<p>Dom\u00ednguez expres\u00f3 que &#8220;este personal fue desarrollando articulaciones con los sectores productivos. Al retirarse, esos v\u00ednculos a nivel interno y externo, sea el gobierno, la sociedad, los sectores productivos, incluso los de Ciencia y T\u00e9cnica, y por lo tanto desarrollamos redes de relaciones. Estamos en contacto con las asociaciones, las c\u00e1maras, participamos en los clusters de C\u00f3rdoba y eso proviene del esquema de c\u00f3mo se formaron estos centros del INTI. No se formaron por capricho sino que hubo socios promotores que solicitaban la formaci\u00f3n de un centro, el INTI no pon\u00eda delegaciones por capricho sino que respondi\u00f3 a la demanda productiva&#8221;.<img loading=\"lazy\" decoding=\"async\" class=\"aligncenter wp-image-49608 \" src=\"https:\/\/atecordoba.org\/wp-content\/uploads\/2025\/07\/WhatsApp-Image-2025-07-18-at-13.38.56-1-1024x768.jpeg\" alt=\"\" width=\"622\" height=\"467\" srcset=\"https:\/\/atecordoba.org\/wp-content\/uploads\/2025\/07\/WhatsApp-Image-2025-07-18-at-13.38.56-1-1024x768.jpeg 1024w, https:\/\/atecordoba.org\/wp-content\/uploads\/2025\/07\/WhatsApp-Image-2025-07-18-at-13.38.56-1-300x225.jpeg 300w, https:\/\/atecordoba.org\/wp-content\/uploads\/2025\/07\/WhatsApp-Image-2025-07-18-at-13.38.56-1-768x576.jpeg 768w, https:\/\/atecordoba.org\/wp-content\/uploads\/2025\/07\/WhatsApp-Image-2025-07-18-at-13.38.56-1-1536x1152.jpeg 1536w, https:\/\/atecordoba.org\/wp-content\/uploads\/2025\/07\/WhatsApp-Image-2025-07-18-at-13.38.56-1-2048x1536.jpeg 2048w, https:\/\/atecordoba.org\/wp-content\/uploads\/2025\/07\/WhatsApp-Image-2025-07-18-at-13.38.56-1-750x563.jpeg 750w, https:\/\/atecordoba.org\/wp-content\/uploads\/2025\/07\/WhatsApp-Image-2025-07-18-at-13.38.56-1-1140x855.jpeg 1140w\" sizes=\"auto, (max-width: 622px) 100vw, 622px\" \/><\/p>\n<p>&#8220;La p\u00e9rdida de ese personal pone en riesgo esas redes. Muchos de los profesionales del INTI son considerados referentes en su materia. Por ejemplo, perdimos referentes en soldadura y eso nos genera muchos problemas en una provincia como C\u00f3rdoba donde la industria metalmec\u00e1nica es transversal a toda la producci\u00f3n de las empresas&#8221;, finaliz\u00f3.<\/p>\n<p><strong>M\u00e1s testimonios<\/strong><\/p>\n<p>A su vez, Dante Rossi, legislador radical, lament\u00f3\u00a0&#8220;la visi\u00f3n del Gobierno de Milei sobre la destrucci\u00f3n del Estado, sobre estos organismos que defienden a nuestras Pymes a lo largo y ancho del pa\u00eds. Est\u00e1n desguaz\u00e1ndolo sin ning\u00fan tipo de motivo&#8221;.<\/p>\n<p>Y adelant\u00f3 que &#8220;en la Legislatura vamos a presentar un proyecto destinado a acompa\u00f1ar las manifestaciones que est\u00e1n haciendo los trabajadores&#8221;.<\/p>\n<p>&#8220;Hay que cuidar el recurso humano del Estado porque con estas pol\u00edticas dejamos que nuestros cient\u00edficos se terminen siendo por los magros salarios y las condiciones de trabajo, as\u00ed vamos perdiendo capacidad e inteligencia lo que atenta contra el desarrollo de nuestro pa\u00eds&#8221;, dijo.<\/p>\n<div id='gallery_2' class='gallery galleryid-49596 gallery-columns-3 gallery-size-thumbnail'><figure class='gallery-item'>\n                <div class='gallery-icon landscape'>\n                    <a href='https:\/\/atecordoba.org\/wp-content\/uploads\/2025\/07\/WhatsApp-Image-2025-07-18-at-13.38.59-scaled.jpeg'><img loading=\"lazy\" decoding=\"async\" width=\"150\" height=\"150\" src=\"\" class=\"attachment-thumbnail size-thumbnail lazyload\" alt=\"\" data-src=\"https:\/\/atecordoba.org\/wp-content\/uploads\/2025\/07\/WhatsApp-Image-2025-07-18-at-13.38.59-150x150.jpeg\" data-sizes=\"auto\" data-srcset=\"https:\/\/atecordoba.org\/wp-content\/uploads\/2025\/07\/WhatsApp-Image-2025-07-18-at-13.38.59-150x150.jpeg 150w, https:\/\/atecordoba.org\/wp-content\/uploads\/2025\/07\/WhatsApp-Image-2025-07-18-at-13.38.59-560x560.jpeg 560w, https:\/\/atecordoba.org\/wp-content\/uploads\/2025\/07\/WhatsApp-Image-2025-07-18-at-13.38.59-75x75.jpeg 75w, https:\/\/atecordoba.org\/wp-content\/uploads\/2025\/07\/WhatsApp-Image-2025-07-18-at-13.38.59-350x350.jpeg 350w\" data-expand=\"700\" \/><\/a>\n                <\/div><\/figure><figure class='gallery-item'>\n                <div class='gallery-icon landscape'>\n                    <a href='https:\/\/atecordoba.org\/wp-content\/uploads\/2025\/07\/WhatsApp-Image-2025-07-18-at-13.39.00-1-scaled.jpeg'><img loading=\"lazy\" decoding=\"async\" width=\"150\" height=\"150\" src=\"\" class=\"attachment-thumbnail size-thumbnail lazyload\" alt=\"\" data-src=\"https:\/\/atecordoba.org\/wp-content\/uploads\/2025\/07\/WhatsApp-Image-2025-07-18-at-13.39.00-1-150x150.jpeg\" data-sizes=\"auto\" data-srcset=\"https:\/\/atecordoba.org\/wp-content\/uploads\/2025\/07\/WhatsApp-Image-2025-07-18-at-13.39.00-1-150x150.jpeg 150w, https:\/\/atecordoba.org\/wp-content\/uploads\/2025\/07\/WhatsApp-Image-2025-07-18-at-13.39.00-1-560x560.jpeg 560w, https:\/\/atecordoba.org\/wp-content\/uploads\/2025\/07\/WhatsApp-Image-2025-07-18-at-13.39.00-1-75x75.jpeg 75w, https:\/\/atecordoba.org\/wp-content\/uploads\/2025\/07\/WhatsApp-Image-2025-07-18-at-13.39.00-1-350x350.jpeg 350w\" data-expand=\"700\" \/><\/a>\n                <\/div><\/figure><figure class='gallery-item'>\n                <div class='gallery-icon landscape'>\n                    <a href='https:\/\/atecordoba.org\/wp-content\/uploads\/2025\/07\/WhatsApp-Image-2025-07-18-at-13.38.59-3-scaled.jpeg'><img loading=\"lazy\" decoding=\"async\" width=\"150\" height=\"150\" src=\"\" class=\"attachment-thumbnail size-thumbnail lazyload\" alt=\"\" data-src=\"https:\/\/atecordoba.org\/wp-content\/uploads\/2025\/07\/WhatsApp-Image-2025-07-18-at-13.38.59-3-150x150.jpeg\" data-sizes=\"auto\" data-srcset=\"https:\/\/atecordoba.org\/wp-content\/uploads\/2025\/07\/WhatsApp-Image-2025-07-18-at-13.38.59-3-150x150.jpeg 150w, https:\/\/atecordoba.org\/wp-content\/uploads\/2025\/07\/WhatsApp-Image-2025-07-18-at-13.38.59-3-560x560.jpeg 560w, https:\/\/atecordoba.org\/wp-content\/uploads\/2025\/07\/WhatsApp-Image-2025-07-18-at-13.38.59-3-75x75.jpeg 75w, https:\/\/atecordoba.org\/wp-content\/uploads\/2025\/07\/WhatsApp-Image-2025-07-18-at-13.38.59-3-350x350.jpeg 350w\" data-expand=\"700\" \/><\/a>\n                <\/div><\/figure><br style=\"clear: both\" \/>\n            <\/div>\n\n<p>&#8220;La actividad industrial en C\u00f3rdoba ha ca\u00eddo y se est\u00e1 aplicando un ajuste salvaje que afecta a los trabajadores, jubilados, la educaci\u00f3n p\u00fablica. El Gobierno de Milei detesta todo lo que sea p\u00fablica, endiosa el mercado y le est\u00e1 haciendo mucho da\u00f1o a C\u00f3rdoba, que siempre tuvo un perfil industrial. Los informes de la UIC muestran esa ca\u00edda de la actividad, seguramente el control de la inflaci\u00f3n es un signo positivo pero no hay un crecimiento econ\u00f3mico ni generaci\u00f3n de empleo genuino y de calidad, no hay mejoramiento de salarios, se pierden puestos de trabajo por lo que todo el cuadro tiende a agravarse&#8221;, agreg\u00f3.<\/p>\n<p>La diputada nacional Gabriela Estevez expres\u00f3 su preocupaci\u00f3n\u00a0por la situaci\u00f3n del INTI &#8220;sobre todo por el rol central que tiene el organismo en el desarrollo de nuestra industria y en los procesos de control que lleva adelante para cuidar a los y las argentinas. Estamos preocupados tambi\u00e9n por las declaraciones de diputados y diputadas que ahora dicen defender al INTI pero cuando hubo que votar la ley bases 15 de los 18 diputados y diputadas nacionales de la provincia dieron su apoyo a Milei, le votaron la delegaci\u00f3n de facultades que hoy le permite avanzar con el desguace del INTI, al igual que al INTA, dos instituciones centrales para la econom\u00eda cordobesa&#8221;.<\/p>\n<div id='gallery_3' class='gallery galleryid-49596 gallery-columns-3 gallery-size-thumbnail'><figure class='gallery-item'>\n                <div class='gallery-icon portrait'>\n                    <a href='https:\/\/atecordoba.org\/wp-content\/uploads\/2025\/07\/WhatsApp-Image-2025-07-18-at-13.38.58-scaled.jpeg'><img loading=\"lazy\" decoding=\"async\" width=\"150\" height=\"150\" src=\"\" class=\"attachment-thumbnail size-thumbnail lazyload\" alt=\"\" data-src=\"https:\/\/atecordoba.org\/wp-content\/uploads\/2025\/07\/WhatsApp-Image-2025-07-18-at-13.38.58-150x150.jpeg\" data-sizes=\"auto\" data-srcset=\"https:\/\/atecordoba.org\/wp-content\/uploads\/2025\/07\/WhatsApp-Image-2025-07-18-at-13.38.58-150x150.jpeg 150w, https:\/\/atecordoba.org\/wp-content\/uploads\/2025\/07\/WhatsApp-Image-2025-07-18-at-13.38.58-560x560.jpeg 560w, https:\/\/atecordoba.org\/wp-content\/uploads\/2025\/07\/WhatsApp-Image-2025-07-18-at-13.38.58-75x75.jpeg 75w, https:\/\/atecordoba.org\/wp-content\/uploads\/2025\/07\/WhatsApp-Image-2025-07-18-at-13.38.58-350x350.jpeg 350w\" data-expand=\"700\" \/><\/a>\n                <\/div><\/figure><figure class='gallery-item'>\n                <div class='gallery-icon portrait'>\n                    <a href='https:\/\/atecordoba.org\/wp-content\/uploads\/2025\/07\/WhatsApp-Image-2025-07-18-at-13.38.59-1-scaled.jpeg'><img loading=\"lazy\" decoding=\"async\" width=\"150\" height=\"150\" src=\"\" class=\"attachment-thumbnail size-thumbnail lazyload\" alt=\"\" data-src=\"https:\/\/atecordoba.org\/wp-content\/uploads\/2025\/07\/WhatsApp-Image-2025-07-18-at-13.38.59-1-150x150.jpeg\" data-sizes=\"auto\" data-srcset=\"https:\/\/atecordoba.org\/wp-content\/uploads\/2025\/07\/WhatsApp-Image-2025-07-18-at-13.38.59-1-150x150.jpeg 150w, https:\/\/atecordoba.org\/wp-content\/uploads\/2025\/07\/WhatsApp-Image-2025-07-18-at-13.38.59-1-560x560.jpeg 560w, https:\/\/atecordoba.org\/wp-content\/uploads\/2025\/07\/WhatsApp-Image-2025-07-18-at-13.38.59-1-75x75.jpeg 75w, https:\/\/atecordoba.org\/wp-content\/uploads\/2025\/07\/WhatsApp-Image-2025-07-18-at-13.38.59-1-350x350.jpeg 350w\" data-expand=\"700\" \/><\/a>\n                <\/div><\/figure><figure class='gallery-item'>\n                <div class='gallery-icon portrait'>\n                    <a href='https:\/\/atecordoba.org\/wp-content\/uploads\/2025\/07\/WhatsApp-Image-2025-07-18-at-13.38.59-2-scaled.jpeg'><img loading=\"lazy\" decoding=\"async\" width=\"150\" height=\"150\" src=\"\" class=\"attachment-thumbnail size-thumbnail lazyload\" alt=\"\" data-src=\"https:\/\/atecordoba.org\/wp-content\/uploads\/2025\/07\/WhatsApp-Image-2025-07-18-at-13.38.59-2-150x150.jpeg\" data-sizes=\"auto\" data-srcset=\"https:\/\/atecordoba.org\/wp-content\/uploads\/2025\/07\/WhatsApp-Image-2025-07-18-at-13.38.59-2-150x150.jpeg 150w, https:\/\/atecordoba.org\/wp-content\/uploads\/2025\/07\/WhatsApp-Image-2025-07-18-at-13.38.59-2-560x560.jpeg 560w, https:\/\/atecordoba.org\/wp-content\/uploads\/2025\/07\/WhatsApp-Image-2025-07-18-at-13.38.59-2-75x75.jpeg 75w, https:\/\/atecordoba.org\/wp-content\/uploads\/2025\/07\/WhatsApp-Image-2025-07-18-at-13.38.59-2-350x350.jpeg 350w\" data-expand=\"700\" \/><\/a>\n                <\/div><\/figure><br style=\"clear: both\" \/>\n            <\/div>\n\n<p>La dirigente peronista afirm\u00f3 que &#8220;no es un casualidad que el Presidente hay resuelvo modificarlos por medio de un decreto a partir de la delegaci\u00f3n de facultades. El gobernador dice que hay que defender estos organismos pero cuando hubo que hacerlo en el Congreso no lo hicieron&#8221;.<\/p>\n<p>Asegur\u00f3 tambi\u00e9n que &#8220;no hay evaluaciones sobre el desempe\u00f1o del INTI sino que se trata de una cuesti\u00f3n profundamente ideol\u00f3gica. Tambi\u00e9n fue ideol\u00f3gico cuando se cre\u00f3, relacionado con hacer crecer el pa\u00eds y tener un modelo de producci\u00f3n y desarrollo nacional que permitiera generar trabajo con una perspectiva federal y tambi\u00e9n exportar, que es una de las enormes potencialidades que cuenta nuestro pa\u00eds&#8221;.<\/p>\n<p>&#8220;El INTI tiene personal fuertemente capacitado, en su mayor\u00eda con cargos logrados por concurso. Por eso les decimos a los trabajadores que hay que pelear, trabajar sobre la conciencia de qu\u00e9 significa ser trabajador del Estado. La instalaci\u00f3n de la idea de \u2018\u00f1oquis\u2019 en los medios de comunicaci\u00f3n lleva a creer que a los trabajadores no les va a tocar, justamente porque no se perciben \u00f1oquis, cuando en realidad es una construcci\u00f3n que se realiza para poner a todos los estatales en la parrilla ya que en cualquier momento les puede tocar a ellos. Los trabajadores deben afiliarse a los sindicatos porque de esta manera defienden el Estado y el futuro de todos los argentinos&#8221;, alent\u00f3 la diputada.<img loading=\"lazy\" decoding=\"async\" class=\"aligncenter wp-image-49630 \" src=\"https:\/\/atecordoba.org\/wp-content\/uploads\/2025\/07\/WhatsApp-Image-2025-07-18-at-13.16.56-1024x771.jpeg\" alt=\"\" width=\"627\" height=\"472\" srcset=\"https:\/\/atecordoba.org\/wp-content\/uploads\/2025\/07\/WhatsApp-Image-2025-07-18-at-13.16.56-1024x771.jpeg 1024w, https:\/\/atecordoba.org\/wp-content\/uploads\/2025\/07\/WhatsApp-Image-2025-07-18-at-13.16.56-300x226.jpeg 300w, https:\/\/atecordoba.org\/wp-content\/uploads\/2025\/07\/WhatsApp-Image-2025-07-18-at-13.16.56-768x578.jpeg 768w, https:\/\/atecordoba.org\/wp-content\/uploads\/2025\/07\/WhatsApp-Image-2025-07-18-at-13.16.56-1536x1156.jpeg 1536w, https:\/\/atecordoba.org\/wp-content\/uploads\/2025\/07\/WhatsApp-Image-2025-07-18-at-13.16.56-750x564.jpeg 750w, https:\/\/atecordoba.org\/wp-content\/uploads\/2025\/07\/WhatsApp-Image-2025-07-18-at-13.16.56-1140x858.jpeg 1140w, https:\/\/atecordoba.org\/wp-content\/uploads\/2025\/07\/WhatsApp-Image-2025-07-18-at-13.16.56.jpeg 1600w\" sizes=\"auto, (max-width: 627px) 100vw, 627px\" \/><\/p>\n<p>Tambi\u00e9n fue de la partida el viceintendente de las Municipalidad de C\u00f3rdoba, Javier Pretto, quien dijo que &#8220;recibimos la noticia con preocupaci\u00f3n. Tenemos entendido que el INTI funciona muy bien como organismo t\u00e9cnico que arbitra entre productores y consumidores en muchos productos, estableciendo par\u00e1metros t\u00e9cnicos que el Estado debe controlar para cuidar la fidelidad de lo que se ofrece y se consume. Su aporte es muy importante y nos sorprende que el Gobierno le quite esa autonom\u00eda y autarqu\u00eda que distingue al instituto y lo hace trabajar bien&#8221;.<\/p>\n<p>Y asegur\u00f3 que *&#8221;desde la Municipalidad y el Gobierno de C\u00f3rdoba estamos empe\u00f1ados en que la actividad industrial siga en la provincia&#8221;.<\/p>\n<div id='gallery_4' class='gallery galleryid-49596 gallery-columns-3 gallery-size-thumbnail'><figure class='gallery-item'>\n                <div class='gallery-icon landscape'>\n                    <a href='https:\/\/atecordoba.org\/wp-content\/uploads\/2025\/07\/WhatsApp-Image-2025-07-18-at-13.39.00-2-scaled.jpeg'><img loading=\"lazy\" decoding=\"async\" width=\"150\" height=\"150\" src=\"\" class=\"attachment-thumbnail size-thumbnail lazyload\" alt=\"\" data-src=\"https:\/\/atecordoba.org\/wp-content\/uploads\/2025\/07\/WhatsApp-Image-2025-07-18-at-13.39.00-2-150x150.jpeg\" data-sizes=\"auto\" data-srcset=\"https:\/\/atecordoba.org\/wp-content\/uploads\/2025\/07\/WhatsApp-Image-2025-07-18-at-13.39.00-2-150x150.jpeg 150w, https:\/\/atecordoba.org\/wp-content\/uploads\/2025\/07\/WhatsApp-Image-2025-07-18-at-13.39.00-2-560x560.jpeg 560w, https:\/\/atecordoba.org\/wp-content\/uploads\/2025\/07\/WhatsApp-Image-2025-07-18-at-13.39.00-2-75x75.jpeg 75w, https:\/\/atecordoba.org\/wp-content\/uploads\/2025\/07\/WhatsApp-Image-2025-07-18-at-13.39.00-2-350x350.jpeg 350w\" data-expand=\"700\" \/><\/a>\n                <\/div><\/figure><figure class='gallery-item'>\n                <div class='gallery-icon landscape'>\n                    <a href='https:\/\/atecordoba.org\/wp-content\/uploads\/2025\/07\/WhatsApp-Image-2025-07-18-at-13.39.00-3-scaled.jpeg'><img loading=\"lazy\" decoding=\"async\" width=\"150\" height=\"150\" src=\"\" class=\"attachment-thumbnail size-thumbnail lazyload\" alt=\"\" data-src=\"https:\/\/atecordoba.org\/wp-content\/uploads\/2025\/07\/WhatsApp-Image-2025-07-18-at-13.39.00-3-150x150.jpeg\" data-sizes=\"auto\" data-srcset=\"https:\/\/atecordoba.org\/wp-content\/uploads\/2025\/07\/WhatsApp-Image-2025-07-18-at-13.39.00-3-150x150.jpeg 150w, https:\/\/atecordoba.org\/wp-content\/uploads\/2025\/07\/WhatsApp-Image-2025-07-18-at-13.39.00-3-560x560.jpeg 560w, https:\/\/atecordoba.org\/wp-content\/uploads\/2025\/07\/WhatsApp-Image-2025-07-18-at-13.39.00-3-75x75.jpeg 75w, https:\/\/atecordoba.org\/wp-content\/uploads\/2025\/07\/WhatsApp-Image-2025-07-18-at-13.39.00-3-350x350.jpeg 350w\" data-expand=\"700\" \/><\/a>\n                <\/div><\/figure><figure class='gallery-item'>\n                <div class='gallery-icon portrait'>\n                    <a href='https:\/\/atecordoba.org\/wp-content\/uploads\/2025\/07\/WhatsApp-Image-2025-07-18-at-13.39.00-scaled.jpeg'><img loading=\"lazy\" decoding=\"async\" width=\"150\" height=\"150\" src=\"\" class=\"attachment-thumbnail size-thumbnail lazyload\" alt=\"\" data-src=\"https:\/\/atecordoba.org\/wp-content\/uploads\/2025\/07\/WhatsApp-Image-2025-07-18-at-13.39.00-150x150.jpeg\" data-sizes=\"auto\" data-srcset=\"https:\/\/atecordoba.org\/wp-content\/uploads\/2025\/07\/WhatsApp-Image-2025-07-18-at-13.39.00-150x150.jpeg 150w, https:\/\/atecordoba.org\/wp-content\/uploads\/2025\/07\/WhatsApp-Image-2025-07-18-at-13.39.00-560x560.jpeg 560w, https:\/\/atecordoba.org\/wp-content\/uploads\/2025\/07\/WhatsApp-Image-2025-07-18-at-13.39.00-75x75.jpeg 75w, https:\/\/atecordoba.org\/wp-content\/uploads\/2025\/07\/WhatsApp-Image-2025-07-18-at-13.39.00-350x350.jpeg 350w\" data-expand=\"700\" \/><\/a>\n                <\/div><\/figure><br style=\"clear: both\" \/>\n            <\/div>\n\n<p><strong>-Milei dijo que la mejor pol\u00edtica industrial es no tener pol\u00edtica.<\/strong><\/p>\n<p>Pretto: Milei dice muchas cosas pero el mundo funciona de otra manera, generando ingenieros y t\u00e9cnicos, invirtiendo en investigaci\u00f3n y desarrollo, en ciencia y tecnolog\u00eda. El mundo va por ah\u00ed. No es el mejor ejemplo que solo el mercado va a regular todo, eso no es as\u00ed. En muchas ocasiones, lo digo a pesar de ser pro mercado, \u00e9ste no regula sobre lo que necesita la sociedad. El Estado precisamente debe equilibrar y promover lo que no est\u00e1 desarrollado, poniendo l\u00edmites cuando el mercado se excede.<\/p>\n<p>&nbsp;<\/p>\n<p>&nbsp;<\/p>\n","protected":false},"excerpt":{"rendered":"<p>Hoy se concret\u00f3 una importante actividad de difusi\u00f3n sobre las tareas que se desarrollan en el Centro C\u00f3rdoba del Instituto Nacional de Tecnolog\u00eda Industrial (INTI), en su sede de avenida V\u00e9lez Sarsfield (frente a la Plaza de la Am\u00e9ricas), convocada como una iniciativa en rechazo al Decreto de Necesidad y Urgencia (DNU 462\/25) que con [&hellip;]<\/p>\n","protected":false},"author":7,"featured_media":49598,"comment_status":"open","ping_status":"open","sticky":false,"template":"","format":"standard","meta":{"_exactmetrics_skip_tracking":false,"_exactmetrics_sitenote_active":false,"_exactmetrics_sitenote_note":"","_exactmetrics_sitenote_category":0,"jnews-multi-image_gallery":[],"jnews_single_post":{"format":"standard","override":[{"template":"1","parallax":"1","fullscreen":"1","layout":"no-sidebar-narrow","sidebar":"default-sidebar","second_sidebar":"default-sidebar","sticky_sidebar":"1","share_position":"bottom","share_float_style":"share-monocrhome","show_share_counter":"1","show_view_counter":"1","show_post_meta":"1","show_post_author_image":"1","show_post_date":"1","post_date_format":"default","post_date_format_custom":"Y\/m\/d","show_post_category":"1","show_post_reading_time":"0","post_reading_time_wpm":"300","post_calculate_word_method":"str_word_count","show_zoom_button":"0","zoom_button_out_step":"2","zoom_button_in_step":"3","show_post_tag":"1","number_popup_post":"1","show_post_related":"1","show_inline_post_related":"0"}],"image_override":[{"single_post_thumbnail_size":"crop-500","single_post_gallery_size":"crop-500"}],"trending_post_position":"meta","trending_post_label":"Trending","sponsored_post_label":"Sponsored by","disable_ad":"0"},"jnews_primary_category":[],"jnews_social_meta":[],"jnews_review":[],"enable_review":"","type":"percentage","name":"","summary":"","brand":"","sku":"","good":[],"bad":[],"score_override":"","override_value":"","rating":[],"price":[],"jnews_override_counter":{"view_counter_number":"0","share_counter_number":"0","like_counter_number":"0","dislike_counter_number":"0"},"jnews_post_split":{"post_split":[{"template":"1","tag":"h2","numbering":"asc","mode":"normal","first":"0","enable_toc":"0","toc_type":"normal"}]},"footnotes":""},"categories":[18],"tags":[],"class_list":["post-49596","post","type-post","status-publish","format-standard","has-post-thumbnail","hentry","category-nacionales"],"jetpack_featured_media_url":"https:\/\/atecordoba.org\/wp-content\/uploads\/2025\/07\/WhatsApp-Image-2025-07-18-at-14.12.39-scaled-e1752866498129.jpeg","_links":{"self":[{"href":"https:\/\/atecordoba.org\/index.php?rest_route=\/wp\/v2\/posts\/49596","targetHints":{"allow":["GET"]}}],"collection":[{"href":"https:\/\/atecordoba.org\/index.php?rest_route=\/wp\/v2\/posts"}],"about":[{"href":"https:\/\/atecordoba.org\/index.php?rest_route=\/wp\/v2\/types\/post"}],"author":[{"embeddable":true,"href":"https:\/\/atecordoba.org\/index.php?rest_route=\/wp\/v2\/users\/7"}],"replies":[{"embeddable":true,"href":"https:\/\/atecordoba.org\/index.php?rest_route=%2Fwp%2Fv2%2Fcomments&post=49596"}],"version-history":[{"count":7,"href":"https:\/\/atecordoba.org\/index.php?rest_route=\/wp\/v2\/posts\/49596\/revisions"}],"predecessor-version":[{"id":49654,"href":"https:\/\/atecordoba.org\/index.php?rest_route=\/wp\/v2\/posts\/49596\/revisions\/49654"}],"wp:featuredmedia":[{"embeddable":true,"href":"https:\/\/atecordoba.org\/index.php?rest_route=\/wp\/v2\/media\/49598"}],"wp:attachment":[{"href":"https:\/\/atecordoba.org\/index.php?rest_route=%2Fwp%2Fv2%2Fmedia&parent=49596"}],"wp:term":[{"taxonomy":"category","embeddable":true,"href":"https:\/\/atecordoba.org\/index.php?rest_route=%2Fwp%2Fv2%2Fcategories&post=49596"},{"taxonomy":"post_tag","embeddable":true,"href":"https:\/\/atecordoba.org\/index.php?rest_route=%2Fwp%2Fv2%2Ftags&post=49596"}],"curies":[{"name":"wp","href":"https:\/\/api.w.org\/{rel}","templated":true}]}}