{"id":49588,"date":"2025-07-18T14:32:59","date_gmt":"2025-07-18T17:32:59","guid":{"rendered":"https:\/\/atecordoba.org\/?p=49588"},"modified":"2025-07-18T14:32:59","modified_gmt":"2025-07-18T17:32:59","slug":"asamblea-publica-en-rio-cuarto-en-defensa-del-garrahan-y-la-salud-publica","status":"publish","type":"post","link":"https:\/\/atecordoba.org\/?p=49588","title":{"rendered":"Asamblea p\u00fablica en R\u00edo Cuarto en defensa del Garrahan y la salud p\u00fablica"},"content":{"rendered":"<p><img loading=\"lazy\" decoding=\"async\" class=\"aligncenter wp-image-49589 \" src=\"https:\/\/atecordoba.org\/wp-content\/uploads\/2025\/07\/WhatsApp-Image-2025-07-18-at-14.20.08-771x1024.jpeg\" alt=\"\" width=\"608\" height=\"807\" srcset=\"https:\/\/atecordoba.org\/wp-content\/uploads\/2025\/07\/WhatsApp-Image-2025-07-18-at-14.20.08-771x1024.jpeg 771w, https:\/\/atecordoba.org\/wp-content\/uploads\/2025\/07\/WhatsApp-Image-2025-07-18-at-14.20.08-226x300.jpeg 226w, https:\/\/atecordoba.org\/wp-content\/uploads\/2025\/07\/WhatsApp-Image-2025-07-18-at-14.20.08-768x1020.jpeg 768w, https:\/\/atecordoba.org\/wp-content\/uploads\/2025\/07\/WhatsApp-Image-2025-07-18-at-14.20.08-750x996.jpeg 750w, https:\/\/atecordoba.org\/wp-content\/uploads\/2025\/07\/WhatsApp-Image-2025-07-18-at-14.20.08.jpeg 1141w\" sizes=\"auto, (max-width: 608px) 100vw, 608px\" \/>Ayer por la tarde se realiz\u00f3 una concentraci\u00f3n en la Plaza Central de R\u00edo Cuarto, convocada por ATE y organizaciones gremiales, pol\u00edticas, sociales y culturales para dar respaldo y apoyo a las y los trabajadores del Hospital Garrahan, en le marco de la Marcha Federal por la Salud P\u00fablica que se realiz\u00f3 en todo el pa\u00eds.<\/p>\n<p>ATE R\u00edo Cuarto estuvo presente con compa\u00f1eros y compa\u00f1eras afiliadas y dirigentes de la seccional que fijaron posici\u00f3n de irrestricta defensa de la salud p\u00fablica.<\/p>\n<p>En esa l\u00ednea, la dirigente estatal Andrea Ferreira explic\u00f3 a medios locales que frente a los reclamos del hospital por el vaciamiento que le impone el Gobierno de Milei &#8220;es una mala se\u00f1al que el gobierno no d\u00e9 respuestas a los reclamos de Garrahan para los trabajadores y quienes se vinculan con los espacios de la salud y la poblaci\u00f3n en general. Ese hospital de referencia en pediatr\u00eda para toda la Argentina y Latinoam\u00e9rica, por su calidad y un espacio sin miramientos sobre la procedencia social, econ\u00f3mica o de qu\u00e9 lugar vienen los pacientes, poniendo a disposici\u00f3n todos los recursos tecnol\u00f3gicos y humanos para brindar la atenci\u00f3n de calidad en salud&#8221;.<\/p>\n<div id='gallery_1' class='gallery galleryid-49588 gallery-columns-2 gallery-size-thumbnail'><figure class='gallery-item'>\n                <div class='gallery-icon landscape'>\n                    <a href='https:\/\/atecordoba.org\/wp-content\/uploads\/2025\/07\/WhatsApp-Image-2025-07-18-at-14.19.34-1.jpeg'><img loading=\"lazy\" decoding=\"async\" width=\"150\" height=\"150\" src=\"\" class=\"attachment-thumbnail size-thumbnail lazyload\" alt=\"\" aria-describedby=\"gallery_1-49590\" data-src=\"https:\/\/atecordoba.org\/wp-content\/uploads\/2025\/07\/WhatsApp-Image-2025-07-18-at-14.19.34-1-150x150.jpeg\" data-sizes=\"auto\" data-srcset=\"https:\/\/atecordoba.org\/wp-content\/uploads\/2025\/07\/WhatsApp-Image-2025-07-18-at-14.19.34-1-150x150.jpeg 150w, https:\/\/atecordoba.org\/wp-content\/uploads\/2025\/07\/WhatsApp-Image-2025-07-18-at-14.19.34-1-560x560.jpeg 560w, https:\/\/atecordoba.org\/wp-content\/uploads\/2025\/07\/WhatsApp-Image-2025-07-18-at-14.19.34-1-75x75.jpeg 75w, https:\/\/atecordoba.org\/wp-content\/uploads\/2025\/07\/WhatsApp-Image-2025-07-18-at-14.19.34-1-350x350.jpeg 350w\" data-expand=\"700\" \/><\/a>\n                <\/div>\n                    <figcaption class='wp-caption-text gallery-caption' id='gallery_1-49590'>\n                    foto Adri Moyetta\n                    <\/figcaption><\/figure><figure class='gallery-item'>\n                <div class='gallery-icon landscape'>\n                    <a href='https:\/\/atecordoba.org\/wp-content\/uploads\/2025\/07\/WhatsApp-Image-2025-07-18-at-14.19.34-e1752859969765.jpeg'><img loading=\"lazy\" decoding=\"async\" width=\"150\" height=\"150\" src=\"\" class=\"attachment-thumbnail size-thumbnail lazyload\" alt=\"\" aria-describedby=\"gallery_1-49591\" data-src=\"https:\/\/atecordoba.org\/wp-content\/uploads\/2025\/07\/WhatsApp-Image-2025-07-18-at-14.19.34-150x150.jpeg\" data-sizes=\"auto\" data-srcset=\"https:\/\/atecordoba.org\/wp-content\/uploads\/2025\/07\/WhatsApp-Image-2025-07-18-at-14.19.34-150x150.jpeg 150w, https:\/\/atecordoba.org\/wp-content\/uploads\/2025\/07\/WhatsApp-Image-2025-07-18-at-14.19.34-560x560.jpeg 560w, https:\/\/atecordoba.org\/wp-content\/uploads\/2025\/07\/WhatsApp-Image-2025-07-18-at-14.19.34-75x75.jpeg 75w, https:\/\/atecordoba.org\/wp-content\/uploads\/2025\/07\/WhatsApp-Image-2025-07-18-at-14.19.34-350x350.jpeg 350w\" data-expand=\"700\" \/><\/a>\n                <\/div>\n                    <figcaption class='wp-caption-text gallery-caption' id='gallery_1-49591'>\n                    foto Adri Moyetta\n                    <\/figcaption><\/figure><br style=\"clear: both\" \/>\n            <\/div>\n\n<p>Ferreira se\u00f1al\u00f3 que &#8220;trabajamos en la plaza en formato de asamblea, recuperando para la memoria de los asistentes la importancia de la salud p\u00fablica y las distintas prestaciones que se realizan para la poblaci\u00f3n en su conjunto, para que no se privatice ni se tercerice ni se ponga en manos de corporaciones que tienen intereses econ\u00f3micos y no sociales por sobre la salud de la poblaci\u00f3n&#8221;.<\/p>\n<p>&#8220;Vemos con preocupaci\u00f3n que estos intereses avanzan en el pa\u00eds, incluida nuestra provincia. Por eso, m\u00e1s all\u00e1 del apoyo al Garrahan, realizamos una convocatoria tendiente a encender las alertas para la salud p\u00fablica, gratuita y de calidad, siga existiendo&#8221;, concluy\u00f3.<\/p>\n","protected":false},"excerpt":{"rendered":"<p>Ayer por la tarde se realiz\u00f3 una concentraci\u00f3n en la Plaza Central de R\u00edo Cuarto, convocada por ATE y organizaciones gremiales, pol\u00edticas, sociales y culturales para dar respaldo y apoyo a las y los trabajadores del Hospital Garrahan, en le marco de la Marcha Federal por la Salud P\u00fablica que se realiz\u00f3 en todo el [&hellip;]<\/p>\n","protected":false},"author":7,"featured_media":49591,"comment_status":"open","ping_status":"open","sticky":false,"template":"","format":"standard","meta":{"_exactmetrics_skip_tracking":false,"_exactmetrics_sitenote_active":false,"_exactmetrics_sitenote_note":"","_exactmetrics_sitenote_category":0,"jnews-multi-image_gallery":[],"jnews_single_post":[],"jnews_primary_category":[],"jnews_social_meta":[],"jnews_review":[],"enable_review":"","type":"","name":"","summary":"","brand":"","sku":"","good":[],"bad":[],"score_override":"","override_value":"","rating":[],"price":[],"jnews_override_counter":[],"jnews_post_split":[],"footnotes":""},"categories":[957],"tags":[],"class_list":["post-49588","post","type-post","status-publish","format-standard","has-post-thumbnail","hentry","category-salud"],"jetpack_featured_media_url":"https:\/\/atecordoba.org\/wp-content\/uploads\/2025\/07\/WhatsApp-Image-2025-07-18-at-14.19.34-e1752859969765.jpeg","_links":{"self":[{"href":"https:\/\/atecordoba.org\/index.php?rest_route=\/wp\/v2\/posts\/49588","targetHints":{"allow":["GET"]}}],"collection":[{"href":"https:\/\/atecordoba.org\/index.php?rest_route=\/wp\/v2\/posts"}],"about":[{"href":"https:\/\/atecordoba.org\/index.php?rest_route=\/wp\/v2\/types\/post"}],"author":[{"embeddable":true,"href":"https:\/\/atecordoba.org\/index.php?rest_route=\/wp\/v2\/users\/7"}],"replies":[{"embeddable":true,"href":"https:\/\/atecordoba.org\/index.php?rest_route=%2Fwp%2Fv2%2Fcomments&post=49588"}],"version-history":[{"count":1,"href":"https:\/\/atecordoba.org\/index.php?rest_route=\/wp\/v2\/posts\/49588\/revisions"}],"predecessor-version":[{"id":49592,"href":"https:\/\/atecordoba.org\/index.php?rest_route=\/wp\/v2\/posts\/49588\/revisions\/49592"}],"wp:featuredmedia":[{"embeddable":true,"href":"https:\/\/atecordoba.org\/index.php?rest_route=\/wp\/v2\/media\/49591"}],"wp:attachment":[{"href":"https:\/\/atecordoba.org\/index.php?rest_route=%2Fwp%2Fv2%2Fmedia&parent=49588"}],"wp:term":[{"taxonomy":"category","embeddable":true,"href":"https:\/\/atecordoba.org\/index.php?rest_route=%2Fwp%2Fv2%2Fcategories&post=49588"},{"taxonomy":"post_tag","embeddable":true,"href":"https:\/\/atecordoba.org\/index.php?rest_route=%2Fwp%2Fv2%2Ftags&post=49588"}],"curies":[{"name":"wp","href":"https:\/\/api.w.org\/{rel}","templated":true}]}}