{"id":49584,"date":"2025-07-17T10:58:17","date_gmt":"2025-07-17T13:58:17","guid":{"rendered":"https:\/\/atecordoba.org\/?p=49584"},"modified":"2025-07-17T10:58:17","modified_gmt":"2025-07-17T13:58:17","slug":"rio-primero-audiencia-paritaria-pasa-a-cuarto-intermedio","status":"publish","type":"post","link":"https:\/\/atecordoba.org\/?p=49584","title":{"rendered":"R\u00edo Primero: audiencia paritaria pasa a cuarto intermedio"},"content":{"rendered":"<p><img loading=\"lazy\" decoding=\"async\" class=\"aligncenter wp-image-49585 \" src=\"https:\/\/atecordoba.org\/wp-content\/uploads\/2025\/07\/ate-rio-primero-bandera-1024x576.jpg\" alt=\"\" width=\"627\" height=\"353\" srcset=\"https:\/\/atecordoba.org\/wp-content\/uploads\/2025\/07\/ate-rio-primero-bandera-1024x576.jpg 1024w, https:\/\/atecordoba.org\/wp-content\/uploads\/2025\/07\/ate-rio-primero-bandera-300x169.jpg 300w, https:\/\/atecordoba.org\/wp-content\/uploads\/2025\/07\/ate-rio-primero-bandera-768x432.jpg 768w, https:\/\/atecordoba.org\/wp-content\/uploads\/2025\/07\/ate-rio-primero-bandera-1536x864.jpg 1536w, https:\/\/atecordoba.org\/wp-content\/uploads\/2025\/07\/ate-rio-primero-bandera-750x422.jpg 750w, https:\/\/atecordoba.org\/wp-content\/uploads\/2025\/07\/ate-rio-primero-bandera-1140x641.jpg 1140w, https:\/\/atecordoba.org\/wp-content\/uploads\/2025\/07\/ate-rio-primero-bandera.jpg 1599w\" sizes=\"auto, (max-width: 627px) 100vw, 627px\" \/>Hoy se desarroll\u00f3 una audiencia paritaria en la Municipalidad de R\u00edo Primero donde ATE plante\u00f3 el reclamo de recomposici\u00f3n salarial del 40% por tres meses, a los fines de aumentar poder adquisitivo de los ingresos de las y los municipales de la localidad.<\/p>\n<p>En contrapartida, la Municipalidad ofreci\u00f3 un aumento no remunerativo para el semestre julio-diciembre en base al \u00cdndice de Precios al Consumidor (IPC) que fija el INDEC. Adem\u00e1s, propuso el paso al b\u00e1sico del \u00edtem no remunerativo del 8%, que se est\u00e1 pagando en cuotas del 2%, de julio a octubre.<\/p>\n<p>En la oportunidad, el Departamento Ejecutivo Municipal estuvo representado por la secretaria de Gobierno Romina Villagr\u00e1n, en tanto por ATE participaron de la audiencia el secretario Gremial de ATE C\u00f3rdoba, Jorge Chalup, y el delegado del sector e integrante del Consejo Directivo Provincial, Jos\u00e9 Baigorria.<\/p>\n<p>Planteadas las propuestas ATE propuso pasar a un cuarto intermedio a los fines que la asamblea de trabajadoras eval\u00fae los pasos a seguir. Acordadas las partes en este punto, la pr\u00f3xima audiencia se llevar\u00e1 a cabo el lunes 21 de julio del corriente.<\/p>\n<p>&nbsp;<\/p>\n","protected":false},"excerpt":{"rendered":"<p>Hoy se desarroll\u00f3 una audiencia paritaria en la Municipalidad de R\u00edo Primero donde ATE plante\u00f3 el reclamo de recomposici\u00f3n salarial del 40% por tres meses, a los fines de aumentar poder adquisitivo de los ingresos de las y los municipales de la localidad. En contrapartida, la Municipalidad ofreci\u00f3 un aumento no remunerativo para el semestre [&hellip;]<\/p>\n","protected":false},"author":7,"featured_media":49585,"comment_status":"open","ping_status":"open","sticky":false,"template":"","format":"standard","meta":{"_exactmetrics_skip_tracking":false,"_exactmetrics_sitenote_active":false,"_exactmetrics_sitenote_note":"","_exactmetrics_sitenote_category":0,"jnews-multi-image_gallery":[],"jnews_single_post":[],"jnews_primary_category":[],"jnews_social_meta":[],"jnews_review":[],"enable_review":"","type":"","name":"","summary":"","brand":"","sku":"","good":[],"bad":[],"score_override":"","override_value":"","rating":[],"price":[],"jnews_override_counter":[],"jnews_post_split":[],"footnotes":""},"categories":[20],"tags":[],"class_list":["post-49584","post","type-post","status-publish","format-standard","has-post-thumbnail","hentry","category-municipales"],"jetpack_featured_media_url":"https:\/\/atecordoba.org\/wp-content\/uploads\/2025\/07\/ate-rio-primero-bandera.jpg","_links":{"self":[{"href":"https:\/\/atecordoba.org\/index.php?rest_route=\/wp\/v2\/posts\/49584","targetHints":{"allow":["GET"]}}],"collection":[{"href":"https:\/\/atecordoba.org\/index.php?rest_route=\/wp\/v2\/posts"}],"about":[{"href":"https:\/\/atecordoba.org\/index.php?rest_route=\/wp\/v2\/types\/post"}],"author":[{"embeddable":true,"href":"https:\/\/atecordoba.org\/index.php?rest_route=\/wp\/v2\/users\/7"}],"replies":[{"embeddable":true,"href":"https:\/\/atecordoba.org\/index.php?rest_route=%2Fwp%2Fv2%2Fcomments&post=49584"}],"version-history":[{"count":1,"href":"https:\/\/atecordoba.org\/index.php?rest_route=\/wp\/v2\/posts\/49584\/revisions"}],"predecessor-version":[{"id":49586,"href":"https:\/\/atecordoba.org\/index.php?rest_route=\/wp\/v2\/posts\/49584\/revisions\/49586"}],"wp:featuredmedia":[{"embeddable":true,"href":"https:\/\/atecordoba.org\/index.php?rest_route=\/wp\/v2\/media\/49585"}],"wp:attachment":[{"href":"https:\/\/atecordoba.org\/index.php?rest_route=%2Fwp%2Fv2%2Fmedia&parent=49584"}],"wp:term":[{"taxonomy":"category","embeddable":true,"href":"https:\/\/atecordoba.org\/index.php?rest_route=%2Fwp%2Fv2%2Fcategories&post=49584"},{"taxonomy":"post_tag","embeddable":true,"href":"https:\/\/atecordoba.org\/index.php?rest_route=%2Fwp%2Fv2%2Ftags&post=49584"}],"curies":[{"name":"wp","href":"https:\/\/api.w.org\/{rel}","templated":true}]}}