{"id":49581,"date":"2025-07-17T09:47:15","date_gmt":"2025-07-17T12:47:15","guid":{"rendered":"https:\/\/atecordoba.org\/?p=49581"},"modified":"2025-07-17T09:47:15","modified_gmt":"2025-07-17T12:47:15","slug":"salud-ate-rechaza-la-asignacion-estimulo-otro-pago-en-negro-de-la-provincia","status":"publish","type":"post","link":"https:\/\/atecordoba.org\/?p=49581","title":{"rendered":"Salud: ATE rechaza la Asignaci\u00f3n Est\u00edmulo, otro pago en negro de la Provincia"},"content":{"rendered":"<p><img loading=\"lazy\" decoding=\"async\" class=\"aligncenter wp-image-49389 \" src=\"https:\/\/atecordoba.org\/wp-content\/uploads\/2025\/07\/12_08_Paro_Salud_San_Francisco_14-1024x768.jpg\" alt=\"\" width=\"633\" height=\"475\" srcset=\"https:\/\/atecordoba.org\/wp-content\/uploads\/2025\/07\/12_08_Paro_Salud_San_Francisco_14-1024x768.jpg 1024w, https:\/\/atecordoba.org\/wp-content\/uploads\/2025\/07\/12_08_Paro_Salud_San_Francisco_14-300x225.jpg 300w, https:\/\/atecordoba.org\/wp-content\/uploads\/2025\/07\/12_08_Paro_Salud_San_Francisco_14-768x576.jpg 768w, https:\/\/atecordoba.org\/wp-content\/uploads\/2025\/07\/12_08_Paro_Salud_San_Francisco_14-750x563.jpg 750w, https:\/\/atecordoba.org\/wp-content\/uploads\/2025\/07\/12_08_Paro_Salud_San_Francisco_14.jpg 1032w\" sizes=\"auto, (max-width: 633px) 100vw, 633px\" \/>El Consejo Directivo Provincial de ATE C\u00f3rdoba rechaza la Asignaci\u00f3n Est\u00edmulo dispuesta por el Gobierno de C\u00f3rdoba para el personal del sector salud, verdadero pago en negro de un tramo salarial.<\/p>\n<p>&#8220;No resuelve de ning\u00fan modo la problem\u00e1tica salarial del sector. Es arbitraria e inconsulta. Es inequitativa y exacerba brechas salariales entre trabajadores&#8221;, dijo el secretario General de ATE C\u00f3rdoba, Federico Giuliani.<\/p>\n<p>Se trata de un pago no remunerativo que no garantiza continuidad en la percepci\u00f3n ni en los montos, no resuelve de fondo la depreciaci\u00f3n salarial y por ser no remunerativa no impacta en jubilaciones, aguinaldo, etc.<\/p>\n<p>De esta manera, el Gobierno no para de desfinanciar la Caja de Jubilaciones de la Provincia, como viene sucediendo hace m\u00e1s de dos d\u00e9cadas.<\/p>\n<p>&#8220;Las y los trabajadores de Salud continuamos exigiendo Inmediata recomposici\u00f3n salarial verdadera. Salario B\u00e1sico igual a Canasta B\u00e1sica Familiar&#8221;, concluy\u00f3 Giuliani.<\/p>\n","protected":false},"excerpt":{"rendered":"<p>El Consejo Directivo Provincial de ATE C\u00f3rdoba rechaza la Asignaci\u00f3n Est\u00edmulo dispuesta por el Gobierno de C\u00f3rdoba para el personal del sector salud, verdadero pago en negro de un tramo salarial. &#8220;No resuelve de ning\u00fan modo la problem\u00e1tica salarial del sector. Es arbitraria e inconsulta. Es inequitativa y exacerba brechas salariales entre trabajadores&#8221;, dijo el [&hellip;]<\/p>\n","protected":false},"author":7,"featured_media":49389,"comment_status":"open","ping_status":"open","sticky":false,"template":"","format":"standard","meta":{"_exactmetrics_skip_tracking":false,"_exactmetrics_sitenote_active":false,"_exactmetrics_sitenote_note":"","_exactmetrics_sitenote_category":0,"jnews-multi-image_gallery":[],"jnews_single_post":[],"jnews_primary_category":[],"jnews_social_meta":[],"jnews_review":[],"enable_review":"","type":"","name":"","summary":"","brand":"","sku":"","good":[],"bad":[],"score_override":"","override_value":"","rating":[],"price":[],"jnews_override_counter":[],"jnews_post_split":[],"footnotes":""},"categories":[8],"tags":[],"class_list":["post-49581","post","type-post","status-publish","format-standard","has-post-thumbnail","hentry","category-provinciales"],"jetpack_featured_media_url":"https:\/\/atecordoba.org\/wp-content\/uploads\/2025\/07\/12_08_Paro_Salud_San_Francisco_14.jpg","_links":{"self":[{"href":"https:\/\/atecordoba.org\/index.php?rest_route=\/wp\/v2\/posts\/49581","targetHints":{"allow":["GET"]}}],"collection":[{"href":"https:\/\/atecordoba.org\/index.php?rest_route=\/wp\/v2\/posts"}],"about":[{"href":"https:\/\/atecordoba.org\/index.php?rest_route=\/wp\/v2\/types\/post"}],"author":[{"embeddable":true,"href":"https:\/\/atecordoba.org\/index.php?rest_route=\/wp\/v2\/users\/7"}],"replies":[{"embeddable":true,"href":"https:\/\/atecordoba.org\/index.php?rest_route=%2Fwp%2Fv2%2Fcomments&post=49581"}],"version-history":[{"count":1,"href":"https:\/\/atecordoba.org\/index.php?rest_route=\/wp\/v2\/posts\/49581\/revisions"}],"predecessor-version":[{"id":49582,"href":"https:\/\/atecordoba.org\/index.php?rest_route=\/wp\/v2\/posts\/49581\/revisions\/49582"}],"wp:featuredmedia":[{"embeddable":true,"href":"https:\/\/atecordoba.org\/index.php?rest_route=\/wp\/v2\/media\/49389"}],"wp:attachment":[{"href":"https:\/\/atecordoba.org\/index.php?rest_route=%2Fwp%2Fv2%2Fmedia&parent=49581"}],"wp:term":[{"taxonomy":"category","embeddable":true,"href":"https:\/\/atecordoba.org\/index.php?rest_route=%2Fwp%2Fv2%2Fcategories&post=49581"},{"taxonomy":"post_tag","embeddable":true,"href":"https:\/\/atecordoba.org\/index.php?rest_route=%2Fwp%2Fv2%2Ftags&post=49581"}],"curies":[{"name":"wp","href":"https:\/\/api.w.org\/{rel}","templated":true}]}}