{"id":49570,"date":"2025-07-16T15:37:24","date_gmt":"2025-07-16T18:37:24","guid":{"rendered":"https:\/\/atecordoba.org\/?p=49570"},"modified":"2025-07-18T14:36:07","modified_gmt":"2025-07-18T17:36:07","slug":"la-mesa-sindical-de-ciencia-y-tecnica-mantuvo-reuniones-con-diputados-as-nacionales-para-explicar-el-alcance-del-desguace-de-milei","status":"publish","type":"post","link":"https:\/\/atecordoba.org\/?p=49570","title":{"rendered":"La Mesa Sindical de Ciencia y T\u00e9cnica mantuvo reuniones con diputados\/as nacionales para explicar el alcance del desguace de Milei"},"content":{"rendered":"<p><img loading=\"lazy\" decoding=\"async\" class=\"aligncenter wp-image-49458 size-full\" src=\"https:\/\/atecordoba.org\/wp-content\/uploads\/2025\/07\/mesa-ciencia-y-tecnica.jpeg\" alt=\"\" width=\"576\" height=\"302\" srcset=\"https:\/\/atecordoba.org\/wp-content\/uploads\/2025\/07\/mesa-ciencia-y-tecnica.jpeg 576w, https:\/\/atecordoba.org\/wp-content\/uploads\/2025\/07\/mesa-ciencia-y-tecnica-300x157.jpeg 300w\" sizes=\"auto, (max-width: 576px) 100vw, 576px\" \/>En el marco de la campa\u00f1a de difusi\u00f3n y articulaci\u00f3n con actores institucionales para alertar sobre la destrucci\u00f3n del complejo cient\u00edfico-t\u00e9cnico estatal que viene llevando adelante con brutalidad el gobierno de Milei, la Mesa Sindical de Ciencia y T\u00e9cnica mantuvo reuniones con cuatro diputados nacionales por C\u00f3rdoba para exponer el\u00a0 diagn\u00f3stico de los y las trabajadoras sobre la situaci\u00f3n del sector.<\/p>\n<p>La diputada del peronismo de C\u00f3rdoba, Alejandra Torres, y el radical Luis Picat, y sus pares Juan Br\u00fcgge y Carlos Guti\u00e9rrez, recibieron en una encuentro virtual a representantes de Apinta, Adiuc, Facduc, de ATE INTI, ATE CONICET, ATE CONAE y VENG. Por ATE C\u00f3rdoba estuvieron presentes la secretaria de Prensa Julia Giuliani, el referente de CONAE Emiliano Baum, y Leo Rueda, por INTI.<\/p>\n<p>En esa l\u00ednea, el ente sindical tiene previsto mantener nuevas reuniones con las diputadas Gabriela Est\u00e9vez, Natalia de La Sota y su par Pablo Carro.<\/p>\n<p>En el balance de lo actuado hasta el momento, Baum explic\u00f3 que &#8220;planteamos las particularidades de los organismos, haciendo hincapi\u00e9 en INTI por ser lo m\u00e1s novedoso, pero tambi\u00e9n abordando la situaci\u00f3n de las universidades con presupuestos y salarios a la baja, docentes que se est\u00e1n yendo del pa\u00eds, sobre todo en ciencias duras. O pasan al sector privado pero dejan de formar gente para el sistema cient\u00edfico t\u00e9cnico, que adem\u00e1s est\u00e1 golpeado por el desfinanciamiento que impone este gobierno&#8221;.<\/p>\n<div id='gallery_1' class='gallery galleryid-49570 gallery-columns-3 gallery-size-thumbnail'><figure class='gallery-item'>\n                <div class='gallery-icon portrait'>\n                    <a href='https:\/\/atecordoba.org\/wp-content\/uploads\/2025\/07\/WhatsApp-Image-2025-07-16-at-15.39.50-1.jpeg'><img loading=\"lazy\" decoding=\"async\" width=\"150\" height=\"150\" src=\"\" class=\"attachment-thumbnail size-thumbnail lazyload\" alt=\"\" data-src=\"https:\/\/atecordoba.org\/wp-content\/uploads\/2025\/07\/WhatsApp-Image-2025-07-16-at-15.39.50-1-150x150.jpeg\" data-sizes=\"auto\" data-srcset=\"https:\/\/atecordoba.org\/wp-content\/uploads\/2025\/07\/WhatsApp-Image-2025-07-16-at-15.39.50-1-150x150.jpeg 150w, https:\/\/atecordoba.org\/wp-content\/uploads\/2025\/07\/WhatsApp-Image-2025-07-16-at-15.39.50-1-560x560.jpeg 560w, https:\/\/atecordoba.org\/wp-content\/uploads\/2025\/07\/WhatsApp-Image-2025-07-16-at-15.39.50-1-75x75.jpeg 75w, https:\/\/atecordoba.org\/wp-content\/uploads\/2025\/07\/WhatsApp-Image-2025-07-16-at-15.39.50-1-350x350.jpeg 350w\" data-expand=\"700\" \/><\/a>\n                <\/div><\/figure><figure class='gallery-item'>\n                <div class='gallery-icon portrait'>\n                    <a href='https:\/\/atecordoba.org\/wp-content\/uploads\/2025\/07\/WhatsApp-Image-2025-07-16-at-13.47.38.jpeg'><img loading=\"lazy\" decoding=\"async\" width=\"150\" height=\"150\" src=\"\" class=\"attachment-thumbnail size-thumbnail lazyload\" alt=\"\" data-src=\"https:\/\/atecordoba.org\/wp-content\/uploads\/2025\/07\/WhatsApp-Image-2025-07-16-at-13.47.38-150x150.jpeg\" data-sizes=\"auto\" data-srcset=\"https:\/\/atecordoba.org\/wp-content\/uploads\/2025\/07\/WhatsApp-Image-2025-07-16-at-13.47.38-150x150.jpeg 150w, https:\/\/atecordoba.org\/wp-content\/uploads\/2025\/07\/WhatsApp-Image-2025-07-16-at-13.47.38-560x560.jpeg 560w, https:\/\/atecordoba.org\/wp-content\/uploads\/2025\/07\/WhatsApp-Image-2025-07-16-at-13.47.38-75x75.jpeg 75w, https:\/\/atecordoba.org\/wp-content\/uploads\/2025\/07\/WhatsApp-Image-2025-07-16-at-13.47.38-350x350.jpeg 350w\" data-expand=\"700\" \/><\/a>\n                <\/div><\/figure><figure class='gallery-item'>\n                <div class='gallery-icon portrait'>\n                    <a href='https:\/\/atecordoba.org\/wp-content\/uploads\/2025\/07\/WhatsApp-Image-2025-07-16-at-13.47.39.jpeg'><img loading=\"lazy\" decoding=\"async\" width=\"150\" height=\"150\" src=\"\" class=\"attachment-thumbnail size-thumbnail lazyload\" alt=\"\" data-src=\"https:\/\/atecordoba.org\/wp-content\/uploads\/2025\/07\/WhatsApp-Image-2025-07-16-at-13.47.39-150x150.jpeg\" data-sizes=\"auto\" data-srcset=\"https:\/\/atecordoba.org\/wp-content\/uploads\/2025\/07\/WhatsApp-Image-2025-07-16-at-13.47.39-150x150.jpeg 150w, https:\/\/atecordoba.org\/wp-content\/uploads\/2025\/07\/WhatsApp-Image-2025-07-16-at-13.47.39-560x560.jpeg 560w, https:\/\/atecordoba.org\/wp-content\/uploads\/2025\/07\/WhatsApp-Image-2025-07-16-at-13.47.39-75x75.jpeg 75w, https:\/\/atecordoba.org\/wp-content\/uploads\/2025\/07\/WhatsApp-Image-2025-07-16-at-13.47.39-350x350.jpeg 350w\" data-expand=\"700\" \/><\/a>\n                <\/div><\/figure><br style=\"clear: both\" \/>\n            <\/div>\n\n<p>&#8220;Ya lo hab\u00eda sido durante el gobierno de Macri, aunque no a este punto ni con esta brutalidad. Durante el gobierno del Frente de todos la situaci\u00f3n mejor\u00f3 pero no alcanz\u00f3 para revertir la gesti\u00f3n previa y lo que estamos viendo directamente ahora es un exterminio. Con ca\u00eddas del presupuesto del 40%, debacle salarial del 30%, con despidos, bajas de contratos y salida de personal de los diferentes organismos, en CONAE y VENG est\u00e1 en torno al 15% y 20% respectivamente&#8221;, denunci\u00f3 Baum, que ma\u00f1ana estar\u00e1 participando de una audiencia en la Comisi\u00f3n de Ciencia y Tecnolog\u00eda de la C\u00e1mara de Diputados de la Naci\u00f3n, para plantear la situaci\u00f3n de CONAE y de los diferentes organismos en C\u00f3rdoba.<\/p>\n<p>&#8220;Lo mismo sucede con el congelamiento de las becas de CONICET, la destrucci\u00f3n de la Agencia de Investigaci\u00f3n y Desarrollo, que ejecutaba los diferentes fondos de financiamiento de organismos internacionales. Se puede sumar el Instituto de Vitivinicultura, el Instituto Nacional de Semillas, en general se est\u00e1 viviendo una situaci\u00f3n de destrucci\u00f3n planificada del sistema cient\u00edfico-t\u00e9cnico nacional&#8221;, agreg\u00f3.<\/p>\n<p>El dirigente dijo que ambos diputados &#8220;fueron receptivos antes nuestros planteos, algo m\u00e1s Torres. Queda la sensaci\u00f3n que hay poco conocimiento del sistema cient\u00edfico-t\u00e9cnico y que no se dimensiona lo que significa. No es solo investigaci\u00f3n o papers, sino que estos organismos derraman conocimiento m\u00e1s o menos articulado cuya desaparici\u00f3n afecta a toda la estructura productiva argentina&#8221;.<\/p>\n<p>Finalmente Baum afirm\u00f3 que &#8220;el balance es positivo&#8221;.<\/p>\n","protected":false},"excerpt":{"rendered":"<p>En el marco de la campa\u00f1a de difusi\u00f3n y articulaci\u00f3n con actores institucionales para alertar sobre la destrucci\u00f3n del complejo cient\u00edfico-t\u00e9cnico estatal que viene llevando adelante con brutalidad el gobierno de Milei, la Mesa Sindical de Ciencia y T\u00e9cnica mantuvo reuniones con cuatro diputados nacionales por C\u00f3rdoba para exponer el\u00a0 diagn\u00f3stico de los y las [&hellip;]<\/p>\n","protected":false},"author":7,"featured_media":49458,"comment_status":"open","ping_status":"open","sticky":false,"template":"","format":"standard","meta":{"_exactmetrics_skip_tracking":false,"_exactmetrics_sitenote_active":false,"_exactmetrics_sitenote_note":"","_exactmetrics_sitenote_category":0,"jnews-multi-image_gallery":[],"jnews_single_post":{"format":"standard","override":[{"template":"1","parallax":"1","fullscreen":"1","layout":"no-sidebar-narrow","sidebar":"default-sidebar","second_sidebar":"default-sidebar","sticky_sidebar":"1","share_position":"bottom","share_float_style":"share-monocrhome","show_share_counter":"1","show_view_counter":"1","show_post_meta":"1","show_post_author_image":"1","show_post_date":"1","post_date_format":"default","post_date_format_custom":"Y\/m\/d","show_post_category":"1","show_post_reading_time":"0","post_reading_time_wpm":"300","post_calculate_word_method":"str_word_count","show_zoom_button":"0","zoom_button_out_step":"2","zoom_button_in_step":"3","show_post_tag":"1","number_popup_post":"1","show_post_related":"1","show_inline_post_related":"0"}],"image_override":[{"single_post_thumbnail_size":"crop-500","single_post_gallery_size":"crop-500"}],"trending_post_position":"meta","trending_post_label":"Trending","sponsored_post_label":"Sponsored by","disable_ad":"0"},"jnews_primary_category":[],"jnews_social_meta":[],"jnews_review":[],"enable_review":"","type":"percentage","name":"","summary":"","brand":"","sku":"","good":[],"bad":[],"score_override":"","override_value":"","rating":[],"price":[],"jnews_override_counter":{"view_counter_number":"0","share_counter_number":"0","like_counter_number":"0","dislike_counter_number":"0"},"jnews_post_split":{"post_split":[{"template":"1","tag":"h2","numbering":"asc","mode":"normal","first":"0","enable_toc":"0","toc_type":"normal"}]},"footnotes":""},"categories":[18],"tags":[],"class_list":["post-49570","post","type-post","status-publish","format-standard","has-post-thumbnail","hentry","category-nacionales"],"jetpack_featured_media_url":"https:\/\/atecordoba.org\/wp-content\/uploads\/2025\/07\/mesa-ciencia-y-tecnica.jpeg","_links":{"self":[{"href":"https:\/\/atecordoba.org\/index.php?rest_route=\/wp\/v2\/posts\/49570","targetHints":{"allow":["GET"]}}],"collection":[{"href":"https:\/\/atecordoba.org\/index.php?rest_route=\/wp\/v2\/posts"}],"about":[{"href":"https:\/\/atecordoba.org\/index.php?rest_route=\/wp\/v2\/types\/post"}],"author":[{"embeddable":true,"href":"https:\/\/atecordoba.org\/index.php?rest_route=\/wp\/v2\/users\/7"}],"replies":[{"embeddable":true,"href":"https:\/\/atecordoba.org\/index.php?rest_route=%2Fwp%2Fv2%2Fcomments&post=49570"}],"version-history":[{"count":6,"href":"https:\/\/atecordoba.org\/index.php?rest_route=\/wp\/v2\/posts\/49570\/revisions"}],"predecessor-version":[{"id":49594,"href":"https:\/\/atecordoba.org\/index.php?rest_route=\/wp\/v2\/posts\/49570\/revisions\/49594"}],"wp:featuredmedia":[{"embeddable":true,"href":"https:\/\/atecordoba.org\/index.php?rest_route=\/wp\/v2\/media\/49458"}],"wp:attachment":[{"href":"https:\/\/atecordoba.org\/index.php?rest_route=%2Fwp%2Fv2%2Fmedia&parent=49570"}],"wp:term":[{"taxonomy":"category","embeddable":true,"href":"https:\/\/atecordoba.org\/index.php?rest_route=%2Fwp%2Fv2%2Fcategories&post=49570"},{"taxonomy":"post_tag","embeddable":true,"href":"https:\/\/atecordoba.org\/index.php?rest_route=%2Fwp%2Fv2%2Ftags&post=49570"}],"curies":[{"name":"wp","href":"https:\/\/api.w.org\/{rel}","templated":true}]}}