{"id":49566,"date":"2025-07-16T12:44:30","date_gmt":"2025-07-16T15:44:30","guid":{"rendered":"https:\/\/atecordoba.org\/?p=49566"},"modified":"2025-07-16T12:44:30","modified_gmt":"2025-07-16T15:44:30","slug":"formacion-para-el-sector-salud-en-violencia-laboral-e-higiene-y-seguridad-con-certificado-2","status":"publish","type":"post","link":"https:\/\/atecordoba.org\/?p=49566","title":{"rendered":"Formaci\u00f3n para el sector salud en violencia laboral e higiene y seguridad con certificado"},"content":{"rendered":"<p><img loading=\"lazy\" decoding=\"async\" class=\"aligncenter wp-image-49556 \" src=\"https:\/\/atecordoba.org\/wp-content\/uploads\/2025\/07\/WhatsApp-Image-2025-07-16-at-11.52.45-819x1024.jpeg\" alt=\"\" width=\"636\" height=\"795\" srcset=\"https:\/\/atecordoba.org\/wp-content\/uploads\/2025\/07\/WhatsApp-Image-2025-07-16-at-11.52.45-819x1024.jpeg 819w, https:\/\/atecordoba.org\/wp-content\/uploads\/2025\/07\/WhatsApp-Image-2025-07-16-at-11.52.45-240x300.jpeg 240w, https:\/\/atecordoba.org\/wp-content\/uploads\/2025\/07\/WhatsApp-Image-2025-07-16-at-11.52.45-768x960.jpeg 768w, https:\/\/atecordoba.org\/wp-content\/uploads\/2025\/07\/WhatsApp-Image-2025-07-16-at-11.52.45-750x938.jpeg 750w, https:\/\/atecordoba.org\/wp-content\/uploads\/2025\/07\/WhatsApp-Image-2025-07-16-at-11.52.45.jpeg 1080w\" sizes=\"auto, (max-width: 636px) 100vw, 636px\" \/>El Consejo Directivo Provincial (CDP) lanza una propuesta de formaci\u00f3n y debate para fortalecer los derechos en los lugares de trabajo, dirigido al personal del sector salud provincial. Porque las y los trabajadores nos informamos, nos capacitamos y debatimos colectivamente<\/p>\n<p>Ser\u00e1n dos encuentros a realizarse v\u00eda virtual los d\u00edas 21 y 22 de julio del corriente, destinados a abordar en dos m\u00f3dulos las problem\u00e1ticas de \u201cViolencia laboral en nuestros trabajos\u201d en primer t\u00e9rmino y \u201cCondiciones b\u00e1sicas de higiene y seguridad laboral en hospitales\u201d, en segunda instancia.<img loading=\"lazy\" decoding=\"async\" class=\"alignright wp-image-49557 size-medium\" src=\"https:\/\/atecordoba.org\/wp-content\/uploads\/2025\/07\/WhatsApp-Image-2025-07-16-at-11.52.45-1-240x300.jpeg\" alt=\"\" width=\"240\" height=\"300\" srcset=\"https:\/\/atecordoba.org\/wp-content\/uploads\/2025\/07\/WhatsApp-Image-2025-07-16-at-11.52.45-1-240x300.jpeg 240w, https:\/\/atecordoba.org\/wp-content\/uploads\/2025\/07\/WhatsApp-Image-2025-07-16-at-11.52.45-1-819x1024.jpeg 819w, https:\/\/atecordoba.org\/wp-content\/uploads\/2025\/07\/WhatsApp-Image-2025-07-16-at-11.52.45-1-768x960.jpeg 768w, https:\/\/atecordoba.org\/wp-content\/uploads\/2025\/07\/WhatsApp-Image-2025-07-16-at-11.52.45-1-750x938.jpeg 750w, https:\/\/atecordoba.org\/wp-content\/uploads\/2025\/07\/WhatsApp-Image-2025-07-16-at-11.52.45-1.jpeg 1080w\" sizes=\"auto, (max-width: 240px) 100vw, 240px\" \/><\/p>\n<p>Ambas capacitaciones tendr\u00e1n una duraci\u00f3n de 2 horas, de 16 a 18, y son de acceso libre y gratuito para los y las afiliados de ATE, que al finalizar los talleres obtendr\u00e1n certificaci\u00f3n oficial.<\/p>\n<p>Los interesados deben ingresar v\u00eda meet<a href=\"http:\/\/meet.google.com\/dou-ihxj-xep\"> aqu\u00ed<\/a>.<\/p>\n<p>\u00a1Sumate a esta instancia para cuidarnos y organizarnos mejor en cada lugar de trabajo!<\/p>\n<p>Organiza la Coordinaci\u00f3n Provincial de Salud e Higiene Laboral.<\/p>\n<p><strong>Municipales en Mendiolaza<\/strong><\/p>\n<p>En esa l\u00ednea, el CDP realizar\u00e1 un curso de capacitaci\u00f3n para las y los trabajadores del municipio donde se dictar\u00e1 formaci\u00f3n en g\u00e9nero y derechos laborales. La modalidad ser\u00e1 presencial y est\u00e1 dirigido a las y los municipales afiliados a ATE.<\/p>\n<p>El mismo se llevar\u00e1 a cabo el pr\u00f3ximo 22 de julio, a las 12 horas.<\/p>\n<p>Los ejes ser\u00e1n:<\/p>\n<p>*Qu\u00e9 pasa con nuestros salarios.<\/p>\n<p>*Qu\u00e9 violencias padecemos<\/p>\n<p>*C\u00f3mo nos organizamos.<\/p>\n","protected":false},"excerpt":{"rendered":"<p>El Consejo Directivo Provincial (CDP) lanza una propuesta de formaci\u00f3n y debate para fortalecer los derechos en los lugares de trabajo, dirigido al personal del sector salud provincial. Porque las y los trabajadores nos informamos, nos capacitamos y debatimos colectivamente Ser\u00e1n dos encuentros a realizarse v\u00eda virtual los d\u00edas 21 y 22 de julio del [&hellip;]<\/p>\n","protected":false},"author":7,"featured_media":49564,"comment_status":"open","ping_status":"open","sticky":false,"template":"","format":"standard","meta":{"_exactmetrics_skip_tracking":false,"_exactmetrics_sitenote_active":false,"_exactmetrics_sitenote_note":"","_exactmetrics_sitenote_category":0,"jnews-multi-image_gallery":[],"jnews_single_post":[],"jnews_primary_category":[],"jnews_social_meta":[],"jnews_review":[],"enable_review":"","type":"","name":"","summary":"","brand":"","sku":"","good":[],"bad":[],"score_override":"","override_value":"","rating":[],"price":[],"jnews_override_counter":[],"jnews_post_split":[],"footnotes":""},"categories":[88],"tags":[],"class_list":["post-49566","post","type-post","status-publish","format-standard","has-post-thumbnail","hentry","category-formacion"],"jetpack_featured_media_url":"https:\/\/atecordoba.org\/wp-content\/uploads\/2025\/07\/capacitacion.jpeg","_links":{"self":[{"href":"https:\/\/atecordoba.org\/index.php?rest_route=\/wp\/v2\/posts\/49566","targetHints":{"allow":["GET"]}}],"collection":[{"href":"https:\/\/atecordoba.org\/index.php?rest_route=\/wp\/v2\/posts"}],"about":[{"href":"https:\/\/atecordoba.org\/index.php?rest_route=\/wp\/v2\/types\/post"}],"author":[{"embeddable":true,"href":"https:\/\/atecordoba.org\/index.php?rest_route=\/wp\/v2\/users\/7"}],"replies":[{"embeddable":true,"href":"https:\/\/atecordoba.org\/index.php?rest_route=%2Fwp%2Fv2%2Fcomments&post=49566"}],"version-history":[{"count":1,"href":"https:\/\/atecordoba.org\/index.php?rest_route=\/wp\/v2\/posts\/49566\/revisions"}],"predecessor-version":[{"id":49567,"href":"https:\/\/atecordoba.org\/index.php?rest_route=\/wp\/v2\/posts\/49566\/revisions\/49567"}],"wp:featuredmedia":[{"embeddable":true,"href":"https:\/\/atecordoba.org\/index.php?rest_route=\/wp\/v2\/media\/49564"}],"wp:attachment":[{"href":"https:\/\/atecordoba.org\/index.php?rest_route=%2Fwp%2Fv2%2Fmedia&parent=49566"}],"wp:term":[{"taxonomy":"category","embeddable":true,"href":"https:\/\/atecordoba.org\/index.php?rest_route=%2Fwp%2Fv2%2Fcategories&post=49566"},{"taxonomy":"post_tag","embeddable":true,"href":"https:\/\/atecordoba.org\/index.php?rest_route=%2Fwp%2Fv2%2Ftags&post=49566"}],"curies":[{"name":"wp","href":"https:\/\/api.w.org\/{rel}","templated":true}]}}