{"id":4956,"date":"2014-12-23T17:28:23","date_gmt":"2014-12-23T20:28:23","guid":{"rendered":"http:\/\/www.atecordoba.org\/?p=4956"},"modified":"2014-12-23T17:28:23","modified_gmt":"2014-12-23T20:28:23","slug":"desarrollo-social-de-la-nacion-eligio-sus-delegados-en-la-regional-cordoba","status":"publish","type":"post","link":"https:\/\/atecordoba.org\/?p=4956","title":{"rendered":"Desarrollo Social de la naci\u00f3n eligi\u00f3 sus delegados en la Regional C\u00f3rdoba"},"content":{"rendered":"<p><em>El jueves 18 de diciembre se realizaron las elecciones de delegados en el Centro de Referencia C\u00f3rdoba, organismo dependiente del Ministerio de Desarrollo Social de la Naci\u00f3n.\u00a0<\/em><\/p>\n<figure id=\"attachment_4957\" aria-describedby=\"caption-attachment-4957\" style=\"width: 450px\" class=\"wp-caption aligncenter\"><a href=\"http:\/\/www.atecordoba.org\/wp-content\/uploads\/2014\/12\/P1050169-e1419366366482.jpg\"><img loading=\"lazy\" decoding=\"async\" class=\"wp-image-4957 size-full\" src=\"http:\/\/www.atecordoba.org\/wp-content\/uploads\/2014\/12\/P1050169-e1419366366482.jpg\" alt=\"P1050169\" width=\"450\" height=\"600\" \/><\/a><figcaption id=\"caption-attachment-4957\" class=\"wp-caption-text\">Delegados electos.<\/figcaption><\/figure>\n<p>La elecci\u00f3n se desarroll\u00f3 durante toda la jornada laboral y \u00a0resultaron electos \u00a0como delegados los compa\u00f1eros: Mar\u00eda del Milagro Spaventa y Ricardo Cesar Reyna, que cumplir\u00e1n mandato hasta diciembre de 2016.<\/p>\n<p>Los delegados agradecieron a los 54 compa\u00f1eros que participaron del acto comicial y redoblan el compromiso y el deber de lucha por los derechos de los trabajadores del sector<\/p>\n","protected":false},"excerpt":{"rendered":"<p>El jueves 18 de diciembre se realizaron las elecciones de delegados en el Centro de Referencia C\u00f3rdoba, organismo dependiente del Ministerio de Desarrollo Social de la Naci\u00f3n.\u00a0 La elecci\u00f3n se desarroll\u00f3 durante toda la jornada laboral y \u00a0resultaron electos \u00a0como delegados los compa\u00f1eros: Mar\u00eda del Milagro Spaventa y Ricardo Cesar Reyna, que cumplir\u00e1n mandato hasta [&hellip;]<\/p>\n","protected":false},"author":1,"featured_media":19220,"comment_status":"open","ping_status":"open","sticky":false,"template":"","format":"standard","meta":{"_exactmetrics_skip_tracking":false,"_exactmetrics_sitenote_active":false,"_exactmetrics_sitenote_note":"","_exactmetrics_sitenote_category":0,"jnews-multi-image_gallery":[],"jnews_single_post":[],"jnews_primary_category":[],"jnews_social_meta":[],"jnews_review":[],"enable_review":"","type":"","name":"","summary":"","brand":"","sku":"","good":[],"bad":[],"score_override":"","override_value":"","rating":[],"price":[],"jnews_override_counter":[],"jnews_post_split":[],"footnotes":""},"categories":[18],"tags":[],"class_list":["post-4956","post","type-post","status-publish","format-standard","has-post-thumbnail","hentry","category-nacionales"],"jetpack_featured_media_url":"https:\/\/atecordoba.org\/wp-content\/uploads\/2020\/05\/logo-nuevochico-e1561581322808.png","_links":{"self":[{"href":"https:\/\/atecordoba.org\/index.php?rest_route=\/wp\/v2\/posts\/4956","targetHints":{"allow":["GET"]}}],"collection":[{"href":"https:\/\/atecordoba.org\/index.php?rest_route=\/wp\/v2\/posts"}],"about":[{"href":"https:\/\/atecordoba.org\/index.php?rest_route=\/wp\/v2\/types\/post"}],"author":[{"embeddable":true,"href":"https:\/\/atecordoba.org\/index.php?rest_route=\/wp\/v2\/users\/1"}],"replies":[{"embeddable":true,"href":"https:\/\/atecordoba.org\/index.php?rest_route=%2Fwp%2Fv2%2Fcomments&post=4956"}],"version-history":[{"count":0,"href":"https:\/\/atecordoba.org\/index.php?rest_route=\/wp\/v2\/posts\/4956\/revisions"}],"wp:featuredmedia":[{"embeddable":true,"href":"https:\/\/atecordoba.org\/index.php?rest_route=\/wp\/v2\/media\/19220"}],"wp:attachment":[{"href":"https:\/\/atecordoba.org\/index.php?rest_route=%2Fwp%2Fv2%2Fmedia&parent=4956"}],"wp:term":[{"taxonomy":"category","embeddable":true,"href":"https:\/\/atecordoba.org\/index.php?rest_route=%2Fwp%2Fv2%2Fcategories&post=4956"},{"taxonomy":"post_tag","embeddable":true,"href":"https:\/\/atecordoba.org\/index.php?rest_route=%2Fwp%2Fv2%2Ftags&post=4956"}],"curies":[{"name":"wp","href":"https:\/\/api.w.org\/{rel}","templated":true}]}}