{"id":49547,"date":"2025-07-15T12:04:19","date_gmt":"2025-07-15T15:04:19","guid":{"rendered":"https:\/\/atecordoba.org\/?p=49547"},"modified":"2025-07-15T13:03:58","modified_gmt":"2025-07-15T16:03:58","slug":"jornada-de-lucha-en-el-inti","status":"publish","type":"post","link":"https:\/\/atecordoba.org\/?p=49547","title":{"rendered":"Jornada de Lucha en el INTI"},"content":{"rendered":"<p><img loading=\"lazy\" decoding=\"async\" class=\"aligncenter wp-image-49549 size-full\" src=\"https:\/\/atecordoba.org\/wp-content\/uploads\/2025\/07\/inti-flyer-18-7.png\" alt=\"\" width=\"481\" height=\"599\" srcset=\"https:\/\/atecordoba.org\/wp-content\/uploads\/2025\/07\/inti-flyer-18-7.png 481w, https:\/\/atecordoba.org\/wp-content\/uploads\/2025\/07\/inti-flyer-18-7-241x300.png 241w\" sizes=\"auto, (max-width: 481px) 100vw, 481px\" \/>El pr\u00f3ximo viernes 18 de julio ATE llevar\u00e1 a cabo una jornada de lucha en el Instituto Nacional de Tecnolog\u00eda Industrial (INTI) para repudiar y contrarrestar el proceso de vaciamiento y destrucci\u00f3n del organismo clave del desarrollo industrial en el pa\u00eds.<\/p>\n<p>La medida de fuerza en la Delegaci\u00f3n C\u00f3rdoba del INTI comenzar\u00e1 a las 10 horas y se extender\u00e1 hasta las 14, en el marco de un plan de lucha que vienen cumpliendo las y los trabajadores en la sede central y las distintas provincial, frente a la pol\u00edtica de desguace y vaciamiento que impone el gobierno de Milei.<\/p>\n<p>La semana pasada circul\u00f3 la versi\u00f3n que el ministro Federico Sturzenegger aplicar\u00eda 700 despidos en el marco de la fusi\u00f3n del INTI, con INTA y CONAE, en una estrategia de impulsar el miedo entre las y los trabajadores que paralice la respuesta frente al ajuste.<\/p>\n<p>Ayer en una reuni\u00f3n de la Coordinaci\u00f3n de Ciencia y T\u00e9cnica diversos organismos del sector se comprometieron a participar de la Jornada de Lucha.<\/p>\n<p>Adem\u00e1s del riesgo para los puestos de trabajo, el proyecto de Sturzenegger socaba fuertemente la capacidad del Estado de intervenir en la pol\u00edtica industrial.\u00a0El INTI no es un ente m\u00e1s, sino el organismo p\u00fablico que, con d\u00e9cadas de trayectoria, se dedica a la asistencia t\u00e9cnica, la innovaci\u00f3n aplicada y la transferencia de conocimiento a todo el entramado productivo nacional, con especial atenci\u00f3n a las PyMES, que generan la mayor parte del empleo en la Argentina. Nuestra labor t\u00e9cnica cotidiana impacta de forma concreta en el desarrollo industrial, la calidad de los productos, la competitividad, el acceso a nuevos mercados, la seguridad y el bienestar de toda la sociedad.<\/p>\n<p>La p\u00e9rdida de autonom\u00eda del Instituto tendr\u00eda consecuencias graves e inmediatas: el debilitamiento de su capacidad para gestionar recursos, firmar convenios estrat\u00e9gicos y definir prioridades t\u00e9cnicas de forma \u00e1gil; la desarticulaci\u00f3n de l\u00edneas de trabajo consolidadas con sectores productivos de todo el pa\u00eds; el riesgo de desfinanciamiento de \u00e1reas t\u00e9cnicas y cient\u00edficas clave; la amenaza de p\u00e9rdida de puestos de trabajo altamente calificados; y un golpe directo a cientos de familias que dependen del INTI para sostenerse. Pero adem\u00e1s, el impacto ser\u00eda profundo sobre todo el ecosistema industrial, que se ver\u00eda privado de un aliado fundamental para su fortalecimiento y expansi\u00f3n.<\/p>\n<p>Tal como <a href=\"https:\/\/atecordoba.org\/?p=49537\">anunci\u00f3 Leo Rueda<\/a>, referente de ATE en el sector, la del viernes es la actividad en la sede frente a Plaza de las Am\u00e9ricas a desarrollarse tanto dentro del organismo como de forma callejera &#8220;para potenciar la visibilizaci\u00f3n, el contacto con medios y con la sociedad en general\u201d.<\/p>\n","protected":false},"excerpt":{"rendered":"<p>El pr\u00f3ximo viernes 18 de julio ATE llevar\u00e1 a cabo una jornada de lucha en el Instituto Nacional de Tecnolog\u00eda Industrial (INTI) para repudiar y contrarrestar el proceso de vaciamiento y destrucci\u00f3n del organismo clave del desarrollo industrial en el pa\u00eds. La medida de fuerza en la Delegaci\u00f3n C\u00f3rdoba del INTI comenzar\u00e1 a las 10 [&hellip;]<\/p>\n","protected":false},"author":7,"featured_media":49550,"comment_status":"open","ping_status":"open","sticky":false,"template":"","format":"standard","meta":{"_exactmetrics_skip_tracking":false,"_exactmetrics_sitenote_active":false,"_exactmetrics_sitenote_note":"","_exactmetrics_sitenote_category":0,"jnews-multi-image_gallery":[],"jnews_single_post":{"format":"standard","override":[{"template":"1","parallax":"1","fullscreen":"1","layout":"no-sidebar-narrow","sidebar":"default-sidebar","second_sidebar":"default-sidebar","sticky_sidebar":"1","share_position":"bottom","share_float_style":"share-monocrhome","show_share_counter":"1","show_view_counter":"1","show_post_meta":"1","show_post_author_image":"1","show_post_date":"1","post_date_format":"default","post_date_format_custom":"Y\/m\/d","show_post_category":"1","show_post_reading_time":"0","post_reading_time_wpm":"300","post_calculate_word_method":"str_word_count","show_zoom_button":"0","zoom_button_out_step":"2","zoom_button_in_step":"3","show_post_tag":"1","number_popup_post":"1","show_post_related":"1","show_inline_post_related":"0"}],"image_override":[{"single_post_thumbnail_size":"crop-500","single_post_gallery_size":"crop-500"}],"trending_post_position":"meta","trending_post_label":"Trending","sponsored_post_label":"Sponsored by","disable_ad":"0"},"jnews_primary_category":[],"jnews_social_meta":[],"jnews_review":[],"enable_review":"","type":"percentage","name":"","summary":"","brand":"","sku":"","good":[],"bad":[],"score_override":"","override_value":"","rating":[],"price":[],"jnews_override_counter":{"view_counter_number":"0","share_counter_number":"0","like_counter_number":"0","dislike_counter_number":"0"},"jnews_post_split":{"post_split":[{"template":"1","tag":"h2","numbering":"asc","mode":"normal","first":"0","enable_toc":"0","toc_type":"normal"}]},"footnotes":""},"categories":[18],"tags":[],"class_list":["post-49547","post","type-post","status-publish","format-standard","has-post-thumbnail","hentry","category-nacionales"],"jetpack_featured_media_url":"https:\/\/atecordoba.org\/wp-content\/uploads\/2025\/07\/inti-flyer-18-7-p.png","_links":{"self":[{"href":"https:\/\/atecordoba.org\/index.php?rest_route=\/wp\/v2\/posts\/49547","targetHints":{"allow":["GET"]}}],"collection":[{"href":"https:\/\/atecordoba.org\/index.php?rest_route=\/wp\/v2\/posts"}],"about":[{"href":"https:\/\/atecordoba.org\/index.php?rest_route=\/wp\/v2\/types\/post"}],"author":[{"embeddable":true,"href":"https:\/\/atecordoba.org\/index.php?rest_route=\/wp\/v2\/users\/7"}],"replies":[{"embeddable":true,"href":"https:\/\/atecordoba.org\/index.php?rest_route=%2Fwp%2Fv2%2Fcomments&post=49547"}],"version-history":[{"count":2,"href":"https:\/\/atecordoba.org\/index.php?rest_route=\/wp\/v2\/posts\/49547\/revisions"}],"predecessor-version":[{"id":49553,"href":"https:\/\/atecordoba.org\/index.php?rest_route=\/wp\/v2\/posts\/49547\/revisions\/49553"}],"wp:featuredmedia":[{"embeddable":true,"href":"https:\/\/atecordoba.org\/index.php?rest_route=\/wp\/v2\/media\/49550"}],"wp:attachment":[{"href":"https:\/\/atecordoba.org\/index.php?rest_route=%2Fwp%2Fv2%2Fmedia&parent=49547"}],"wp:term":[{"taxonomy":"category","embeddable":true,"href":"https:\/\/atecordoba.org\/index.php?rest_route=%2Fwp%2Fv2%2Fcategories&post=49547"},{"taxonomy":"post_tag","embeddable":true,"href":"https:\/\/atecordoba.org\/index.php?rest_route=%2Fwp%2Fv2%2Ftags&post=49547"}],"curies":[{"name":"wp","href":"https:\/\/api.w.org\/{rel}","templated":true}]}}