{"id":49537,"date":"2025-07-14T15:48:26","date_gmt":"2025-07-14T18:48:26","guid":{"rendered":"https:\/\/atecordoba.org\/?p=49537"},"modified":"2025-07-14T15:48:26","modified_gmt":"2025-07-14T18:48:26","slug":"reunion-de-sector-de-ciencia-y-tecnologia-avanza-en-la-organizacion-de-la-resistencia-al-vaciamiento-de-milei","status":"publish","type":"post","link":"https:\/\/atecordoba.org\/?p=49537","title":{"rendered":"Reuni\u00f3n de sector de Ciencia y Tecnolog\u00eda avanza en la organizaci\u00f3n de la resistencia al vaciamiento de Milei"},"content":{"rendered":"<p><img loading=\"lazy\" decoding=\"async\" class=\"aligncenter wp-image-49538 \" src=\"https:\/\/atecordoba.org\/wp-content\/uploads\/2025\/07\/IMG_20250714_140003001_MFNR-1024x771.jpg\" alt=\"\" width=\"611\" height=\"460\" \/>Hoy se realiz\u00f3 una reuni\u00f3n con representantes sindicales de ATE en organismos de Ciencia y Tecnolog\u00eda a los fines de organizar la lucha del sector frente al proyecto de destrucci\u00f3n que enarbola el gobierno de Milei. La actividad cont\u00f3 con la presencia de compa\u00f1eras y compa\u00f1eros de INTA, INTI, CONICET y CONAE, y estuvo coordinada por el delegado de ATE Emiliano Baum de CONAE, sumado a la participaci\u00f3n de los secretarios del Consejo Directivo Provincial Jorge Chalup, Gremial, C\u00e9sar Theaux, DDHH, y Javier Bracamonte, Organizaci\u00f3n.<\/p>\n<p>En la oportunidad se abord\u00f3 el estado situaci\u00f3n de cada sector. &#8220;En primer instancia vamos a salir a repudiar y hacer acciones concretas contra el decreto que destruy\u00f3 el INTA, el INTI y otros organismos m\u00e1s peque\u00f1os pero no menos importantes&#8221;, explic\u00f3 Baum.<\/p>\n<p>Est\u00e1 previsto que los distintos organismos participen de una actividad que se realizar\u00e1 en el INTI el viernes 18 del corriente a partir de las 10 horas, en tanto se evalu\u00f3 la participaci\u00f3n en la movilizaci\u00f3n y el paro de las universidades nacionales, los d\u00edas 6 y 7 de agosto, donde el CONICET tiene participaci\u00f3n directa.<\/p>\n<p>&#8220;Analizamos las acciones que cada uno llevar\u00e1 adelante para coordinarlo y llevar cohesi\u00f3n a las medidas que estamos realizando, para enfrentar uno de los ajuste m\u00e1s importantes del sector de Ciencia y Tecnolog\u00eda desde el menemismo a la fecha. \u00a0No es casual que muchos actores se repiten como es el caso del jefe de gabinete. La idea central es plantarle cara a un gobierno que viene a destruir el sector&#8221;, agreg\u00f3 el delegado de ATE CONAE.<\/p>\n<p>Finalizada la reuni\u00f3n sum\u00f3 su mirada la compa\u00f1era\u00a0F\u00e1tima Varela, ingeniera agr\u00f3noma del INTA Manfredi, quien describi\u00f3 que &#8220;en el organismo perdimos la autarqu\u00eda, el presidente del INTA hoy es una persona ajena a la estructura del organismo y proveniente de Aapresid, de las empresas agrupadas de siembra directa. De forma que hoy carecemos de director nacional que sea un profesional que acceda a su cargo por medio de un concurso, id\u00f3neo que maneje los presupuestos y programas de desarrollo cient\u00edfico t\u00e9cnico del INTA&#8221;.<\/p>\n<p>Valera se\u00f1al\u00f3 que a la perdida de autarqu\u00eda hay que sumarle el intento de vender 40 mil hect\u00e1reas del INTA que el gobierno aduce que est\u00e1n subutilizadas, lo cual es falso, un 30% de total. &#8220;A la vez se ven desmantelados los equipos de trabajo por el retiro voluntario de cientos de profesionales especializados&#8221;, lament\u00f3.<\/p>\n<p>Seguidamente, el secretario General de la Junta Interna de ATE CONICET,\u00a0Santiago Benitez, explic\u00f3 que &#8220;todos coincidimos que el gobierno puso como enemigo al sector de Ciencia y T\u00e9cnica, al que hay que agregarle la educaci\u00f3n p\u00fablica, las universidades, etc&#8221;.<\/p>\n<p>&#8220;Somos uno de los sectores que tiene mucho para aportar a un proyecto de pa\u00eds, es la base para tener un pa\u00eds soberano que se piense desde su independencia. Tanto en las ciencias sociales como los sectores m\u00e1s dirigidos a la producci\u00f3n. Por eso tenemos que juntarnos los distintos porque organismos porque el ataque es conjunto. Debemos responder con uno solo&#8221;, alent\u00f3.<\/p>\n<p>Por \u00faltimo, Leo Rueda, representante del INTI y parte de la conducci\u00f3n de ATE Cruz del Eje, destac\u00f3 que &#8220;la reuni\u00f3n estuvo muy buena, hoy pudimos escucharnos e intercambiar experiencias de cada sector, tambi\u00e9n focalizando en el v\u00ednculo que construimos con cada compa\u00f1ero y compa\u00f1era dentro de los distintos organismos&#8221;.<\/p>\n<p>Y concluy\u00f3: &#8220;Pudimos armar esa radiograf\u00eda clara y completa con la p\u00e9rdida de puestos de trabajo a trav\u00e9s de los despidos y lo retiros voluntarios que est\u00e1n vaciando las estructuras del complejo Cient\u00edfico T\u00e9cnico. Vamos a conjugar distintas actividades donde participemos todos. El viernes hacemos la actividad en la Delegaci\u00f3n C\u00f3rdoba del INTI, frente a Plaza de las Am\u00e9ricas, tanto dentro de la sede como de forma callejera con el resto de los compa\u00f1eros. para potenciar la visibilizaci\u00f3n, el contacto con medios y con la sociedad en general&#8221;.<\/p>\n","protected":false},"excerpt":{"rendered":"<p>Hoy se realiz\u00f3 una reuni\u00f3n con representantes sindicales de ATE en organismos de Ciencia y Tecnolog\u00eda a los fines de organizar la lucha del sector frente al proyecto de destrucci\u00f3n que enarbola el gobierno de Milei. La actividad cont\u00f3 con la presencia de compa\u00f1eras y compa\u00f1eros de INTA, INTI, CONICET y CONAE, y estuvo coordinada [&hellip;]<\/p>\n","protected":false},"author":7,"featured_media":49538,"comment_status":"open","ping_status":"open","sticky":false,"template":"","format":"standard","meta":{"_exactmetrics_skip_tracking":false,"_exactmetrics_sitenote_active":false,"_exactmetrics_sitenote_note":"","_exactmetrics_sitenote_category":0,"jnews-multi-image_gallery":[],"jnews_single_post":{"format":"standard","override":[{"template":"1","parallax":"1","fullscreen":"1","layout":"no-sidebar-narrow","sidebar":"default-sidebar","second_sidebar":"default-sidebar","sticky_sidebar":"1","share_position":"bottom","share_float_style":"share-monocrhome","show_share_counter":"1","show_view_counter":"1","show_post_meta":"1","show_post_author_image":"1","show_post_date":"1","post_date_format":"default","post_date_format_custom":"Y\/m\/d","show_post_category":"1","show_post_reading_time":"0","post_reading_time_wpm":"300","post_calculate_word_method":"str_word_count","show_zoom_button":"0","zoom_button_out_step":"2","zoom_button_in_step":"3","show_post_tag":"1","number_popup_post":"1","show_post_related":"1","show_inline_post_related":"0"}],"image_override":[{"single_post_thumbnail_size":"crop-500","single_post_gallery_size":"crop-500"}],"trending_post_position":"meta","trending_post_label":"Trending","sponsored_post_label":"Sponsored by","disable_ad":"0"},"jnews_primary_category":[],"jnews_social_meta":[],"jnews_review":[],"enable_review":"","type":"percentage","name":"","summary":"","brand":"","sku":"","good":[],"bad":[],"score_override":"","override_value":"","rating":[],"price":[],"jnews_override_counter":{"view_counter_number":"0","share_counter_number":"0","like_counter_number":"0","dislike_counter_number":"0"},"jnews_post_split":{"post_split":[{"template":"1","tag":"h2","numbering":"asc","mode":"normal","first":"0","enable_toc":"0","toc_type":"normal"}]},"footnotes":""},"categories":[18],"tags":[],"class_list":["post-49537","post","type-post","status-publish","format-standard","has-post-thumbnail","hentry","category-nacionales"],"jetpack_featured_media_url":"https:\/\/atecordoba.org\/wp-content\/uploads\/2025\/07\/IMG_20250714_140003001_MFNR-scaled-e1752518894126.jpg","_links":{"self":[{"href":"https:\/\/atecordoba.org\/index.php?rest_route=\/wp\/v2\/posts\/49537","targetHints":{"allow":["GET"]}}],"collection":[{"href":"https:\/\/atecordoba.org\/index.php?rest_route=\/wp\/v2\/posts"}],"about":[{"href":"https:\/\/atecordoba.org\/index.php?rest_route=\/wp\/v2\/types\/post"}],"author":[{"embeddable":true,"href":"https:\/\/atecordoba.org\/index.php?rest_route=\/wp\/v2\/users\/7"}],"replies":[{"embeddable":true,"href":"https:\/\/atecordoba.org\/index.php?rest_route=%2Fwp%2Fv2%2Fcomments&post=49537"}],"version-history":[{"count":1,"href":"https:\/\/atecordoba.org\/index.php?rest_route=\/wp\/v2\/posts\/49537\/revisions"}],"predecessor-version":[{"id":49539,"href":"https:\/\/atecordoba.org\/index.php?rest_route=\/wp\/v2\/posts\/49537\/revisions\/49539"}],"wp:featuredmedia":[{"embeddable":true,"href":"https:\/\/atecordoba.org\/index.php?rest_route=\/wp\/v2\/media\/49538"}],"wp:attachment":[{"href":"https:\/\/atecordoba.org\/index.php?rest_route=%2Fwp%2Fv2%2Fmedia&parent=49537"}],"wp:term":[{"taxonomy":"category","embeddable":true,"href":"https:\/\/atecordoba.org\/index.php?rest_route=%2Fwp%2Fv2%2Fcategories&post=49537"},{"taxonomy":"post_tag","embeddable":true,"href":"https:\/\/atecordoba.org\/index.php?rest_route=%2Fwp%2Fv2%2Ftags&post=49537"}],"curies":[{"name":"wp","href":"https:\/\/api.w.org\/{rel}","templated":true}]}}