{"id":49525,"date":"2025-07-14T10:42:37","date_gmt":"2025-07-14T13:42:37","guid":{"rendered":"https:\/\/atecordoba.org\/?p=49525"},"modified":"2025-07-14T10:44:11","modified_gmt":"2025-07-14T13:44:11","slug":"solidaridad-con-los-trabajadores-de-petroquimica-rio-tercero-y-repudio-a-los-despidos","status":"publish","type":"post","link":"https:\/\/atecordoba.org\/?p=49525","title":{"rendered":"Solidaridad con los trabajadores de Petroqu\u00edmica R\u00edo Tercero y repudio a los despidos"},"content":{"rendered":"<p><img loading=\"lazy\" decoding=\"async\" class=\"aligncenter wp-image-49526 \" src=\"https:\/\/atecordoba.org\/wp-content\/uploads\/2025\/07\/quimicos-1024x768.jpg\" alt=\"\" width=\"631\" height=\"474\" srcset=\"https:\/\/atecordoba.org\/wp-content\/uploads\/2025\/07\/quimicos-1024x768.jpg 1024w, https:\/\/atecordoba.org\/wp-content\/uploads\/2025\/07\/quimicos-300x225.jpg 300w, https:\/\/atecordoba.org\/wp-content\/uploads\/2025\/07\/quimicos-768x576.jpg 768w, https:\/\/atecordoba.org\/wp-content\/uploads\/2025\/07\/quimicos-750x563.jpg 750w, https:\/\/atecordoba.org\/wp-content\/uploads\/2025\/07\/quimicos-1140x855.jpg 1140w, https:\/\/atecordoba.org\/wp-content\/uploads\/2025\/07\/quimicos.jpg 1536w\" sizes=\"auto, (max-width: 631px) 100vw, 631px\" \/>El Consejo Directivo Provincial de ATE C\u00f3rdoba expresa su solidaridad con los trabajadores en lucha de Petroqu\u00edmica R\u00edo Tercero y su organizaci\u00f3n sindical, el Sindicato del Personal de Industrias Qu\u00edmicas y Petroqu\u00edmicas (Spiqyp), y repudia los despidos que impuso la patronal en la hist\u00f3rica f\u00e1brica.<\/p>\n<p>En tal sentido, expresamos nuestro apoyo al paro dispuesto por los compa\u00f1eros del Spiqyp y hacemos nuestras sus palabras, cuando expresaron que &#8220;defenderemos hasta las \u00faltimas consecuencias a las familias petroqu\u00edmicas, convocando a la solidaridad de todo el arco obrero y social de toda la provincia&#8221;.<img loading=\"lazy\" decoding=\"async\" class=\"aligncenter wp-image-49527 \" src=\"https:\/\/atecordoba.org\/wp-content\/uploads\/2025\/07\/464867051_2594085830783650_6096800051937303717_n-1536x1152-1-1024x768.jpg\" alt=\"\" width=\"606\" height=\"455\" \/><\/p>\n<p>Hasta ahora no se conoce con precisi\u00f3n la cantidad de despidos, algunos trascendidos en medio locales indican indica que ser\u00edan m\u00e1s de cien, lo que da cuenta de la gravedad de la situaci\u00f3n, evidente resultado de la pol\u00edtica de ajuste e industricidio que aplica el gobierno de Javier Milei al entramado productivo, con claro impacto en loa provincia.<\/p>\n<p>La solidaridad con los trabajadores en lucha se manifiesta tambi\u00e9n acompa\u00f1ando las movilizaciones y protestas callejeras que convoca el sindicato de la actividad, por lo que ATE insta al gobierno provincial a respetar el derecho a la protesta y reclama una intervenci\u00f3n urgente del gobernador de Llaryora para proteger la industria en C\u00f3rdoba.<\/p>\n<p>Frente al ajuste y la hambre del pueblo ATE levanta la hist\u00f3rica bandera de la solidad de clase y acompa\u00f1a la lucha de los compa\u00f1eros qu\u00edmicos de R\u00edo Tercero.<\/p>\n","protected":false},"excerpt":{"rendered":"<p>El Consejo Directivo Provincial de ATE C\u00f3rdoba expresa su solidaridad con los trabajadores en lucha de Petroqu\u00edmica R\u00edo Tercero y su organizaci\u00f3n sindical, el Sindicato del Personal de Industrias Qu\u00edmicas y Petroqu\u00edmicas (Spiqyp), y repudia los despidos que impuso la patronal en la hist\u00f3rica f\u00e1brica. En tal sentido, expresamos nuestro apoyo al paro dispuesto por [&hellip;]<\/p>\n","protected":false},"author":7,"featured_media":49527,"comment_status":"open","ping_status":"open","sticky":false,"template":"","format":"standard","meta":{"_exactmetrics_skip_tracking":false,"_exactmetrics_sitenote_active":false,"_exactmetrics_sitenote_note":"","_exactmetrics_sitenote_category":0,"jnews-multi-image_gallery":[],"jnews_single_post":{"format":"standard","override":[{"template":"1","parallax":"1","fullscreen":"1","layout":"no-sidebar-narrow","sidebar":"default-sidebar","second_sidebar":"default-sidebar","sticky_sidebar":"1","share_position":"bottom","share_float_style":"share-monocrhome","show_share_counter":"1","show_view_counter":"1","show_post_meta":"1","show_post_author_image":"1","show_post_date":"1","post_date_format":"default","post_date_format_custom":"Y\/m\/d","show_post_category":"1","show_post_reading_time":"0","post_reading_time_wpm":"300","post_calculate_word_method":"str_word_count","show_zoom_button":"0","zoom_button_out_step":"2","zoom_button_in_step":"3","show_post_tag":"1","number_popup_post":"1","show_post_related":"1","show_inline_post_related":"0"}],"image_override":[{"single_post_thumbnail_size":"crop-500","single_post_gallery_size":"crop-500"}],"trending_post_position":"meta","trending_post_label":"Trending","sponsored_post_label":"Sponsored by","disable_ad":"0"},"jnews_primary_category":[],"jnews_social_meta":[],"jnews_review":[],"enable_review":"","type":"percentage","name":"","summary":"","brand":"","sku":"","good":[],"bad":[],"score_override":"","override_value":"","rating":[],"price":[],"jnews_override_counter":{"view_counter_number":"0","share_counter_number":"0","like_counter_number":"0","dislike_counter_number":"0"},"jnews_post_split":{"post_split":[{"template":"1","tag":"h2","numbering":"asc","mode":"normal","first":"0","enable_toc":"0","toc_type":"normal"}]},"footnotes":""},"categories":[10],"tags":[],"class_list":["post-49525","post","type-post","status-publish","format-standard","has-post-thumbnail","hentry","category-accion-politica"],"jetpack_featured_media_url":"https:\/\/atecordoba.org\/wp-content\/uploads\/2025\/07\/464867051_2594085830783650_6096800051937303717_n-1536x1152-1-e1752500550534.jpg","_links":{"self":[{"href":"https:\/\/atecordoba.org\/index.php?rest_route=\/wp\/v2\/posts\/49525","targetHints":{"allow":["GET"]}}],"collection":[{"href":"https:\/\/atecordoba.org\/index.php?rest_route=\/wp\/v2\/posts"}],"about":[{"href":"https:\/\/atecordoba.org\/index.php?rest_route=\/wp\/v2\/types\/post"}],"author":[{"embeddable":true,"href":"https:\/\/atecordoba.org\/index.php?rest_route=\/wp\/v2\/users\/7"}],"replies":[{"embeddable":true,"href":"https:\/\/atecordoba.org\/index.php?rest_route=%2Fwp%2Fv2%2Fcomments&post=49525"}],"version-history":[{"count":2,"href":"https:\/\/atecordoba.org\/index.php?rest_route=\/wp\/v2\/posts\/49525\/revisions"}],"predecessor-version":[{"id":49530,"href":"https:\/\/atecordoba.org\/index.php?rest_route=\/wp\/v2\/posts\/49525\/revisions\/49530"}],"wp:featuredmedia":[{"embeddable":true,"href":"https:\/\/atecordoba.org\/index.php?rest_route=\/wp\/v2\/media\/49527"}],"wp:attachment":[{"href":"https:\/\/atecordoba.org\/index.php?rest_route=%2Fwp%2Fv2%2Fmedia&parent=49525"}],"wp:term":[{"taxonomy":"category","embeddable":true,"href":"https:\/\/atecordoba.org\/index.php?rest_route=%2Fwp%2Fv2%2Fcategories&post=49525"},{"taxonomy":"post_tag","embeddable":true,"href":"https:\/\/atecordoba.org\/index.php?rest_route=%2Fwp%2Fv2%2Ftags&post=49525"}],"curies":[{"name":"wp","href":"https:\/\/api.w.org\/{rel}","templated":true}]}}