{"id":49512,"date":"2025-07-11T13:25:47","date_gmt":"2025-07-11T16:25:47","guid":{"rendered":"https:\/\/atecordoba.org\/?p=49512"},"modified":"2025-07-11T22:17:14","modified_gmt":"2025-07-12T01:17:14","slug":"asamblea-en-inti-amplio-respaldo-en-cordoba-a-su-continuidad-y-jornada-de-lucha-el-viernes-18-de-julio","status":"publish","type":"post","link":"https:\/\/atecordoba.org\/?p=49512","title":{"rendered":"Asamblea en INTI: amplio respaldo en C\u00f3rdoba a su continuidad y Jornada de Lucha el viernes 18 de julio"},"content":{"rendered":"<p><img loading=\"lazy\" decoding=\"async\" class=\"aligncenter wp-image-49519 \" src=\"https:\/\/atecordoba.org\/wp-content\/uploads\/2025\/07\/Imagen-de-WhatsApp-2025-07-11-a-las-12.45.24_68f33edb-1024x768.jpg\" alt=\"\" width=\"607\" height=\"456\" \/>Hoy se llev\u00f3 adelante una asamblea en la Delegaci\u00f3n C\u00f3rdoba del Instituto Nacional de Tecnolog\u00eda Industrial (INTI), convocada de manera conjunta entre ATE y UPCN, que resolvi\u00f3 realizar una Jornada de Lucha el pr\u00f3ximo viernes 18 de julio, de 10 a 13 horas.<\/p>\n<p>En la ocasi\u00f3n estuvo presente una delegaci\u00f3n de dirigentes del Consejo Directivo Provincial y delegados de organismos de Ciencia y T\u00e9cnica, integrada por el secretario de DDHH, C\u00e9sar Theaux, Irina Silberman, y Emiliano Baum.<\/p>\n<p>Durante la asamblea se resalt\u00f3 el amplio apoyo recabado de instituciones de la sociedad civil, territoriales e intendentes, que apoyan la existencia del INTI, personas e instituciones del \u00e1mbito acad\u00e9mico, cient\u00edfico, industrial y social que manifestaron su respaldo a al instituto y a su estatus actual como organismo aut\u00f3nomo, aut\u00e1rquico y federal, frente al brutal desguace que impone el gobierno de Milei, que es contrario a toda pol\u00edtica industrial en el pa\u00eds.<\/p>\n<p>Fueron 120 apoyos en la provincia que reafirman el reconocimiento a la tarea que el INTI desarrolla desde C\u00f3rdoba, en di\u00e1logo permanente con las necesidades del entramado productivo regional, pero tambi\u00e9n como parte de una red nacional de trabajo t\u00e9cnico y cient\u00edfico que, con presencia en todo el pa\u00eds, impulsa la industria, la innovaci\u00f3n y el desarrollo con soberan\u00eda.<\/p>\n<p>Las adhesiones expresadas valoran la presencia territorial del INTI, su capacidad t\u00e9cnica y humana, y su rol estrat\u00e9gico en el fortalecimiento de la ciencia, la tecnolog\u00eda y la producci\u00f3n, especialmente para las peque\u00f1as y medianas empresas.<img loading=\"lazy\" decoding=\"async\" class=\"aligncenter wp-image-49520 \" src=\"https:\/\/atecordoba.org\/wp-content\/uploads\/2025\/07\/Imagen-de-WhatsApp-2025-07-11-a-las-12.45.26_739f155f-1024x768.jpg\" alt=\"\" width=\"614\" height=\"461\" srcset=\"https:\/\/atecordoba.org\/wp-content\/uploads\/2025\/07\/Imagen-de-WhatsApp-2025-07-11-a-las-12.45.26_739f155f-1024x768.jpg 1024w, https:\/\/atecordoba.org\/wp-content\/uploads\/2025\/07\/Imagen-de-WhatsApp-2025-07-11-a-las-12.45.26_739f155f-300x225.jpg 300w, https:\/\/atecordoba.org\/wp-content\/uploads\/2025\/07\/Imagen-de-WhatsApp-2025-07-11-a-las-12.45.26_739f155f-768x576.jpg 768w, https:\/\/atecordoba.org\/wp-content\/uploads\/2025\/07\/Imagen-de-WhatsApp-2025-07-11-a-las-12.45.26_739f155f-1536x1152.jpg 1536w, https:\/\/atecordoba.org\/wp-content\/uploads\/2025\/07\/Imagen-de-WhatsApp-2025-07-11-a-las-12.45.26_739f155f-750x563.jpg 750w, https:\/\/atecordoba.org\/wp-content\/uploads\/2025\/07\/Imagen-de-WhatsApp-2025-07-11-a-las-12.45.26_739f155f-1140x855.jpg 1140w, https:\/\/atecordoba.org\/wp-content\/uploads\/2025\/07\/Imagen-de-WhatsApp-2025-07-11-a-las-12.45.26_739f155f.jpg 1600w\" sizes=\"auto, (max-width: 614px) 100vw, 614px\" \/><\/p>\n<p>Los trabajadores y trabajadoras del INTI C\u00f3rdoba expresaron su profunda preocupaci\u00f3n ante la inminente posibilidad de que, a trav\u00e9s de un decreto, se intente avanzar en la centralizaci\u00f3n del organismo, poniendo en serio riesgo su car\u00e1cter descentralizado, aut\u00e1rquico y federal.<\/p>\n<p>El INTI no es un ente m\u00e1s del Estado. Es el organismo p\u00fablico que, con d\u00e9cadas de trayectoria, se dedica a la asistencia t\u00e9cnica, la innovaci\u00f3n aplicada y la transferencia de conocimiento a todo el entramado productivo nacional, con especial atenci\u00f3n a las PyMES, que generan la mayor parte del empleo en la Argentina. Nuestra labor t\u00e9cnica cotidiana impacta de forma concreta en el desarrollo industrial, la calidad de los productos, la competitividad, el acceso a nuevos mercados, la seguridad y el bienestar de toda la sociedad.<\/p>\n<p>La p\u00e9rdida de autonom\u00eda del Instituto tendr\u00eda consecuencias graves e inmediatas: el debilitamiento de su capacidad para gestionar recursos, firmar convenios estrat\u00e9gicos y definir prioridades t\u00e9cnicas de forma \u00e1gil; la desarticulaci\u00f3n de l\u00edneas de trabajo consolidadas con sectores productivos de todo el pa\u00eds; el riesgo de desfinanciamiento de \u00e1reas t\u00e9cnicas y cient\u00edficas clave; la amenaza de p\u00e9rdida de puestos de trabajo altamente calificados; y un golpe directo a cientos de familias que dependen del INTI para sostenerse. Pero adem\u00e1s, el impacto ser\u00eda profundo sobre todo el ecosistema industrial, que se ver\u00eda privado de un aliado fundamental para su fortalecimiento y expansi\u00f3n.<\/p>\n<p>Apoyos:<\/p>\n<div id='gallery_1' class='gallery galleryid-49512 gallery-columns-3 gallery-size-thumbnail'><figure class='gallery-item'>\n                <div class='gallery-icon landscape'>\n                    <a href='https:\/\/atecordoba.org\/wp-content\/uploads\/2025\/07\/2.jpg'><img loading=\"lazy\" decoding=\"async\" width=\"150\" height=\"150\" src=\"\" class=\"attachment-thumbnail size-thumbnail lazyload\" alt=\"\" data-src=\"https:\/\/atecordoba.org\/wp-content\/uploads\/2025\/07\/2-150x150.jpg\" data-sizes=\"auto\" data-srcset=\"https:\/\/atecordoba.org\/wp-content\/uploads\/2025\/07\/2-150x150.jpg 150w, https:\/\/atecordoba.org\/wp-content\/uploads\/2025\/07\/2-560x558.jpg 560w, https:\/\/atecordoba.org\/wp-content\/uploads\/2025\/07\/2-75x75.jpg 75w, https:\/\/atecordoba.org\/wp-content\/uploads\/2025\/07\/2-350x350.jpg 350w\" data-expand=\"700\" \/><\/a>\n                <\/div><\/figure><figure class='gallery-item'>\n                <div class='gallery-icon landscape'>\n                    <a href='https:\/\/atecordoba.org\/wp-content\/uploads\/2025\/07\/3.jpg'><img loading=\"lazy\" decoding=\"async\" width=\"150\" height=\"150\" src=\"\" class=\"attachment-thumbnail size-thumbnail lazyload\" alt=\"\" data-src=\"https:\/\/atecordoba.org\/wp-content\/uploads\/2025\/07\/3-150x150.jpg\" data-sizes=\"auto\" data-srcset=\"https:\/\/atecordoba.org\/wp-content\/uploads\/2025\/07\/3-150x150.jpg 150w, https:\/\/atecordoba.org\/wp-content\/uploads\/2025\/07\/3-560x560.jpg 560w, https:\/\/atecordoba.org\/wp-content\/uploads\/2025\/07\/3-75x75.jpg 75w, https:\/\/atecordoba.org\/wp-content\/uploads\/2025\/07\/3-350x350.jpg 350w\" data-expand=\"700\" \/><\/a>\n                <\/div><\/figure><figure class='gallery-item'>\n                <div class='gallery-icon landscape'>\n                    <a href='https:\/\/atecordoba.org\/wp-content\/uploads\/2025\/07\/4.jpg'><img loading=\"lazy\" decoding=\"async\" width=\"150\" height=\"150\" src=\"\" class=\"attachment-thumbnail size-thumbnail lazyload\" alt=\"\" data-src=\"https:\/\/atecordoba.org\/wp-content\/uploads\/2025\/07\/4-150x150.jpg\" data-sizes=\"auto\" data-srcset=\"https:\/\/atecordoba.org\/wp-content\/uploads\/2025\/07\/4-150x150.jpg 150w, https:\/\/atecordoba.org\/wp-content\/uploads\/2025\/07\/4-560x560.jpg 560w, https:\/\/atecordoba.org\/wp-content\/uploads\/2025\/07\/4-75x75.jpg 75w, https:\/\/atecordoba.org\/wp-content\/uploads\/2025\/07\/4-350x350.jpg 350w\" data-expand=\"700\" \/><\/a>\n                <\/div><\/figure><br style=\"clear: both\" \/><figure class='gallery-item'>\n                <div class='gallery-icon landscape'>\n                    <a href='https:\/\/atecordoba.org\/wp-content\/uploads\/2025\/07\/5.jpg'><img loading=\"lazy\" decoding=\"async\" width=\"150\" height=\"150\" src=\"\" class=\"attachment-thumbnail size-thumbnail lazyload\" alt=\"\" data-src=\"https:\/\/atecordoba.org\/wp-content\/uploads\/2025\/07\/5-150x150.jpg\" data-sizes=\"auto\" data-srcset=\"https:\/\/atecordoba.org\/wp-content\/uploads\/2025\/07\/5-150x150.jpg 150w, https:\/\/atecordoba.org\/wp-content\/uploads\/2025\/07\/5-560x560.jpg 560w, https:\/\/atecordoba.org\/wp-content\/uploads\/2025\/07\/5-75x75.jpg 75w, https:\/\/atecordoba.org\/wp-content\/uploads\/2025\/07\/5-350x350.jpg 350w\" data-expand=\"700\" \/><\/a>\n                <\/div><\/figure><figure class='gallery-item'>\n                <div class='gallery-icon landscape'>\n                    <a href='https:\/\/atecordoba.org\/wp-content\/uploads\/2025\/07\/6.jpg'><img loading=\"lazy\" decoding=\"async\" width=\"150\" height=\"150\" src=\"\" class=\"attachment-thumbnail size-thumbnail lazyload\" alt=\"\" data-src=\"https:\/\/atecordoba.org\/wp-content\/uploads\/2025\/07\/6-150x150.jpg\" data-sizes=\"auto\" data-srcset=\"https:\/\/atecordoba.org\/wp-content\/uploads\/2025\/07\/6-150x150.jpg 150w, https:\/\/atecordoba.org\/wp-content\/uploads\/2025\/07\/6-560x560.jpg 560w, https:\/\/atecordoba.org\/wp-content\/uploads\/2025\/07\/6-75x75.jpg 75w, https:\/\/atecordoba.org\/wp-content\/uploads\/2025\/07\/6-350x350.jpg 350w\" data-expand=\"700\" \/><\/a>\n                <\/div><\/figure><figure class='gallery-item'>\n                <div class='gallery-icon landscape'>\n                    <a href='https:\/\/atecordoba.org\/wp-content\/uploads\/2025\/07\/1.jpg'><img loading=\"lazy\" decoding=\"async\" width=\"150\" height=\"150\" src=\"\" class=\"attachment-thumbnail size-thumbnail lazyload\" alt=\"\" data-src=\"https:\/\/atecordoba.org\/wp-content\/uploads\/2025\/07\/1-150x150.jpg\" data-sizes=\"auto\" data-srcset=\"https:\/\/atecordoba.org\/wp-content\/uploads\/2025\/07\/1-150x150.jpg 150w, https:\/\/atecordoba.org\/wp-content\/uploads\/2025\/07\/1-560x560.jpg 560w, https:\/\/atecordoba.org\/wp-content\/uploads\/2025\/07\/1-75x75.jpg 75w, https:\/\/atecordoba.org\/wp-content\/uploads\/2025\/07\/1-350x350.jpg 350w\" data-expand=\"700\" \/><\/a>\n                <\/div><\/figure><br style=\"clear: both\" \/>\n            <\/div>\n\n<p><strong>Plenario<\/strong><\/p>\n<p>En esa l\u00ednea ATE C\u00f3rdoba realizar\u00e1 el lunes 14 de julio, a las 12 horas, una reuni\u00f3n de coordinaci\u00f3n para analizar estado, perspectivas, estrategia para resistir y pensar el futuro del sector.<\/p>\n<p>Estar\u00e1n presentes delegados, delegadas de INTI, APN, INAFCI, INTA, CONAE, CONICET, CNEA, DIOXITEC, VENG, SMN y SEGEMAR.<\/p>\n<p>El plenario se realizar\u00e1 en la sede de ATE, Entre R\u00edos 450, C\u00f3rdoba Capital.<\/p>\n","protected":false},"excerpt":{"rendered":"<p>Hoy se llev\u00f3 adelante una asamblea en la Delegaci\u00f3n C\u00f3rdoba del Instituto Nacional de Tecnolog\u00eda Industrial (INTI), convocada de manera conjunta entre ATE y UPCN, que resolvi\u00f3 realizar una Jornada de Lucha el pr\u00f3ximo viernes 18 de julio, de 10 a 13 horas. En la ocasi\u00f3n estuvo presente una delegaci\u00f3n de dirigentes del Consejo Directivo [&hellip;]<\/p>\n","protected":false},"author":7,"featured_media":49519,"comment_status":"open","ping_status":"open","sticky":false,"template":"","format":"standard","meta":{"_exactmetrics_skip_tracking":false,"_exactmetrics_sitenote_active":false,"_exactmetrics_sitenote_note":"","_exactmetrics_sitenote_category":0,"jnews-multi-image_gallery":[],"jnews_single_post":{"format":"standard","override":[{"template":"1","parallax":"1","fullscreen":"1","layout":"no-sidebar-narrow","sidebar":"default-sidebar","second_sidebar":"default-sidebar","sticky_sidebar":"1","share_position":"bottom","share_float_style":"share-monocrhome","show_share_counter":"1","show_view_counter":"1","show_post_meta":"1","show_post_author_image":"1","show_post_date":"1","post_date_format":"default","post_date_format_custom":"Y\/m\/d","show_post_category":"1","show_post_reading_time":"0","post_reading_time_wpm":"300","post_calculate_word_method":"str_word_count","show_zoom_button":"0","zoom_button_out_step":"2","zoom_button_in_step":"3","show_post_tag":"1","number_popup_post":"1","show_post_related":"1","show_inline_post_related":"0"}],"image_override":[{"single_post_thumbnail_size":"crop-500","single_post_gallery_size":"crop-500"}],"trending_post_position":"meta","trending_post_label":"Trending","sponsored_post_label":"Sponsored by","disable_ad":"0"},"jnews_primary_category":[],"jnews_social_meta":[],"jnews_review":[],"enable_review":"","type":"percentage","name":"","summary":"","brand":"","sku":"","good":[],"bad":[],"score_override":"","override_value":"","rating":[],"price":[],"jnews_override_counter":{"view_counter_number":"0","share_counter_number":"0","like_counter_number":"0","dislike_counter_number":"0"},"jnews_post_split":{"post_split":[{"template":"1","tag":"h2","numbering":"asc","mode":"normal","first":"0","enable_toc":"0","toc_type":"normal"}]},"footnotes":""},"categories":[18],"tags":[],"class_list":["post-49512","post","type-post","status-publish","format-standard","has-post-thumbnail","hentry","category-nacionales"],"jetpack_featured_media_url":"https:\/\/atecordoba.org\/wp-content\/uploads\/2025\/07\/Imagen-de-WhatsApp-2025-07-11-a-las-12.45.24_68f33edb-e1752251134656.jpg","_links":{"self":[{"href":"https:\/\/atecordoba.org\/index.php?rest_route=\/wp\/v2\/posts\/49512","targetHints":{"allow":["GET"]}}],"collection":[{"href":"https:\/\/atecordoba.org\/index.php?rest_route=\/wp\/v2\/posts"}],"about":[{"href":"https:\/\/atecordoba.org\/index.php?rest_route=\/wp\/v2\/types\/post"}],"author":[{"embeddable":true,"href":"https:\/\/atecordoba.org\/index.php?rest_route=\/wp\/v2\/users\/7"}],"replies":[{"embeddable":true,"href":"https:\/\/atecordoba.org\/index.php?rest_route=%2Fwp%2Fv2%2Fcomments&post=49512"}],"version-history":[{"count":3,"href":"https:\/\/atecordoba.org\/index.php?rest_route=\/wp\/v2\/posts\/49512\/revisions"}],"predecessor-version":[{"id":49523,"href":"https:\/\/atecordoba.org\/index.php?rest_route=\/wp\/v2\/posts\/49512\/revisions\/49523"}],"wp:featuredmedia":[{"embeddable":true,"href":"https:\/\/atecordoba.org\/index.php?rest_route=\/wp\/v2\/media\/49519"}],"wp:attachment":[{"href":"https:\/\/atecordoba.org\/index.php?rest_route=%2Fwp%2Fv2%2Fmedia&parent=49512"}],"wp:term":[{"taxonomy":"category","embeddable":true,"href":"https:\/\/atecordoba.org\/index.php?rest_route=%2Fwp%2Fv2%2Fcategories&post=49512"},{"taxonomy":"post_tag","embeddable":true,"href":"https:\/\/atecordoba.org\/index.php?rest_route=%2Fwp%2Fv2%2Ftags&post=49512"}],"curies":[{"name":"wp","href":"https:\/\/api.w.org\/{rel}","templated":true}]}}