{"id":49507,"date":"2025-07-11T12:49:52","date_gmt":"2025-07-11T15:49:52","guid":{"rendered":"https:\/\/atecordoba.org\/?p=49507"},"modified":"2025-07-11T12:49:52","modified_gmt":"2025-07-11T15:49:52","slug":"por-la-reapertura-del-ente-de-agricultura-familiar-y-la-reincorporacion-del-personal-violentamente-despedido","status":"publish","type":"post","link":"https:\/\/atecordoba.org\/?p=49507","title":{"rendered":"Por la reapertura del ente de Agricultura Familiar y la reincorporaci\u00f3n del personal violentamente despedido"},"content":{"rendered":"<p><img loading=\"lazy\" decoding=\"async\" class=\"aligncenter wp-image-49508 \" src=\"https:\/\/atecordoba.org\/wp-content\/uploads\/2025\/07\/agricultura-campesina-1024x683.jpg\" alt=\"\" width=\"612\" height=\"408\" srcset=\"https:\/\/atecordoba.org\/wp-content\/uploads\/2025\/07\/agricultura-campesina-1024x683.jpg 1024w, https:\/\/atecordoba.org\/wp-content\/uploads\/2025\/07\/agricultura-campesina-300x200.jpg 300w, https:\/\/atecordoba.org\/wp-content\/uploads\/2025\/07\/agricultura-campesina-768x512.jpg 768w, https:\/\/atecordoba.org\/wp-content\/uploads\/2025\/07\/agricultura-campesina-750x500.jpg 750w, https:\/\/atecordoba.org\/wp-content\/uploads\/2025\/07\/agricultura-campesina-1140x760.jpg 1140w, https:\/\/atecordoba.org\/wp-content\/uploads\/2025\/07\/agricultura-campesina.jpg 1200w\" sizes=\"auto, (max-width: 612px) 100vw, 612px\" \/>Desde hace m\u00e1s de un a\u00f1o ATE viene denunciando y reclamando por la reapertura del Instituto Nacional de Agricultura Familiar Campesina e Ind\u00edgena (INAFCI), \u00fanico organismo que impulsaba una pol\u00edtica p\u00fablica nacional, con presencia en las 23 provincias, destinada a mejorar las condiciones de vida y producci\u00f3n del sector de la agricultura familiar campesina e Ind\u00edgena de nuestro pa\u00eds.<\/p>\n<p>El INAFCI es responsable de la aplicaci\u00f3n de la ley 27118 de reparaci\u00f3n hist\u00f3rica de la Agricultura Familiar para la construcci\u00f3n de una nueva ruralidad en Argentina. Se trata de un sistema clave en un pa\u00eds es tan diverso que cumpli\u00f3 un rol esencial para asistir a decenas de miles de familias arraigadas al territorio, que viven y producen en el campo, formando parte de la cultura local y aportando alimentos sanos y de calidad, pilares de la soberan\u00eda alimentaria y la protecci\u00f3n de la biodiversidad de nuestra tierra.<\/p>\n<p>Su desafecci\u00f3n implic\u00f3 el despido en marzo del 2024, de forma violenta, injusta e ilegalmente, de 900 profesionales e id\u00f3neos de diversas disciplinas con m\u00e1s de 30 a\u00f1os de trabajo con el sector campesino e ind\u00edgena hasta los parajes m\u00e1s lejanos, con un enfoque integral, socio-territorial e interdisciplinario, con perspectiva de g\u00e9nero, generacional, \u00e9tnica y ambiental.<\/p>\n<p>Tras d\u00e9cadas de precarizaci\u00f3n y lucha por nuestro derecho a la estabilidad laboral ante cada gobierno de turno, hoy ATE contin\u00faa repudiando un nuevo intento del gobierno nacional por concretar el desmantelamiento definitivo, extremando la vulnerabilidad de los pueblos, la soberan\u00eda alimentaria y la defensa de los territorios y el agua para la vida.<img loading=\"lazy\" decoding=\"async\" class=\"aligncenter wp-image-49509 \" src=\"https:\/\/atecordoba.org\/wp-content\/uploads\/2025\/07\/Agricultura-familiar-1024x768.jpg\" alt=\"\" width=\"609\" height=\"457\" srcset=\"https:\/\/atecordoba.org\/wp-content\/uploads\/2025\/07\/Agricultura-familiar-1024x768.jpg 1024w, https:\/\/atecordoba.org\/wp-content\/uploads\/2025\/07\/Agricultura-familiar-300x225.jpg 300w, https:\/\/atecordoba.org\/wp-content\/uploads\/2025\/07\/Agricultura-familiar-768x576.jpg 768w, https:\/\/atecordoba.org\/wp-content\/uploads\/2025\/07\/Agricultura-familiar-750x563.jpg 750w, https:\/\/atecordoba.org\/wp-content\/uploads\/2025\/07\/Agricultura-familiar-1140x855.jpg 1140w, https:\/\/atecordoba.org\/wp-content\/uploads\/2025\/07\/Agricultura-familiar.jpg 1280w\" sizes=\"auto, (max-width: 609px) 100vw, 609px\" \/><\/p>\n<p>Desde <strong>ATE INAFCI AGRICULTURA FAMILIAR<\/strong> seguimos firmes en nuestra lucha por la reincorporaci\u00f3n de todos y todas.<\/p>\n<p>En ese marco, los reconocidos documentalistas Miguel Mirra y Susana Moreira realizaron un trabajo documental titulado \u201cCon nuestra gente\u201d, con el apoyo de ATE Nacional, que recorri\u00f3 distintos puntos del pa\u00eds reflejando el trabajo de productores y t\u00e9cnicos, que explica y fundamenta las razones de la lucha incesante en el territorio, que se estrenar\u00e1 el pr\u00f3ximo martes 15 de julio del, en el auditorio de ATE Nacional, en Capital Federal.<\/p>\n<p>La actividad ser\u00e1 pre\u00e1mbulo para desarrollar una nueva etapa del plan de lucha de los y las estatales, que tendr\u00e1 continuidad el mi\u00e9rcoles 16 de julio, cuando a las 10.30 horas, se realice la apertura de una radio abierta en las puertas de la Secretar\u00eda de Agricultura de la Naci\u00f3n, para luego unirnos a la lucha de las y los jubilados<\/p>\n","protected":false},"excerpt":{"rendered":"<p>Desde hace m\u00e1s de un a\u00f1o ATE viene denunciando y reclamando por la reapertura del Instituto Nacional de Agricultura Familiar Campesina e Ind\u00edgena (INAFCI), \u00fanico organismo que impulsaba una pol\u00edtica p\u00fablica nacional, con presencia en las 23 provincias, destinada a mejorar las condiciones de vida y producci\u00f3n del sector de la agricultura familiar campesina e [&hellip;]<\/p>\n","protected":false},"author":7,"featured_media":49508,"comment_status":"open","ping_status":"open","sticky":false,"template":"","format":"standard","meta":{"_exactmetrics_skip_tracking":false,"_exactmetrics_sitenote_active":false,"_exactmetrics_sitenote_note":"","_exactmetrics_sitenote_category":0,"jnews-multi-image_gallery":[],"jnews_single_post":{"format":"standard","override":[{"template":"1","parallax":"1","fullscreen":"1","layout":"no-sidebar-narrow","sidebar":"default-sidebar","second_sidebar":"default-sidebar","sticky_sidebar":"1","share_position":"bottom","share_float_style":"share-monocrhome","show_share_counter":"1","show_view_counter":"1","show_post_meta":"1","show_post_author_image":"1","show_post_date":"1","post_date_format":"default","post_date_format_custom":"Y\/m\/d","show_post_category":"1","show_post_reading_time":"0","post_reading_time_wpm":"300","post_calculate_word_method":"str_word_count","show_zoom_button":"0","zoom_button_out_step":"2","zoom_button_in_step":"3","show_post_tag":"1","number_popup_post":"1","show_post_related":"1","show_inline_post_related":"0"}],"image_override":[{"single_post_thumbnail_size":"crop-500","single_post_gallery_size":"crop-500"}],"trending_post_position":"meta","trending_post_label":"Trending","sponsored_post_label":"Sponsored by","disable_ad":"0"},"jnews_primary_category":[],"jnews_social_meta":[],"jnews_review":[],"enable_review":"","type":"percentage","name":"","summary":"","brand":"","sku":"","good":[],"bad":[],"score_override":"","override_value":"","rating":[],"price":[],"jnews_override_counter":{"view_counter_number":"0","share_counter_number":"0","like_counter_number":"0","dislike_counter_number":"0"},"jnews_post_split":{"post_split":[{"template":"1","tag":"h2","numbering":"asc","mode":"normal","first":"0","enable_toc":"0","toc_type":"normal"}]},"footnotes":""},"categories":[18],"tags":[],"class_list":["post-49507","post","type-post","status-publish","format-standard","has-post-thumbnail","hentry","category-nacionales"],"jetpack_featured_media_url":"https:\/\/atecordoba.org\/wp-content\/uploads\/2025\/07\/agricultura-campesina.jpg","_links":{"self":[{"href":"https:\/\/atecordoba.org\/index.php?rest_route=\/wp\/v2\/posts\/49507","targetHints":{"allow":["GET"]}}],"collection":[{"href":"https:\/\/atecordoba.org\/index.php?rest_route=\/wp\/v2\/posts"}],"about":[{"href":"https:\/\/atecordoba.org\/index.php?rest_route=\/wp\/v2\/types\/post"}],"author":[{"embeddable":true,"href":"https:\/\/atecordoba.org\/index.php?rest_route=\/wp\/v2\/users\/7"}],"replies":[{"embeddable":true,"href":"https:\/\/atecordoba.org\/index.php?rest_route=%2Fwp%2Fv2%2Fcomments&post=49507"}],"version-history":[{"count":1,"href":"https:\/\/atecordoba.org\/index.php?rest_route=\/wp\/v2\/posts\/49507\/revisions"}],"predecessor-version":[{"id":49510,"href":"https:\/\/atecordoba.org\/index.php?rest_route=\/wp\/v2\/posts\/49507\/revisions\/49510"}],"wp:featuredmedia":[{"embeddable":true,"href":"https:\/\/atecordoba.org\/index.php?rest_route=\/wp\/v2\/media\/49508"}],"wp:attachment":[{"href":"https:\/\/atecordoba.org\/index.php?rest_route=%2Fwp%2Fv2%2Fmedia&parent=49507"}],"wp:term":[{"taxonomy":"category","embeddable":true,"href":"https:\/\/atecordoba.org\/index.php?rest_route=%2Fwp%2Fv2%2Fcategories&post=49507"},{"taxonomy":"post_tag","embeddable":true,"href":"https:\/\/atecordoba.org\/index.php?rest_route=%2Fwp%2Fv2%2Ftags&post=49507"}],"curies":[{"name":"wp","href":"https:\/\/api.w.org\/{rel}","templated":true}]}}