{"id":49502,"date":"2025-07-10T13:06:55","date_gmt":"2025-07-10T16:06:55","guid":{"rendered":"https:\/\/atecordoba.org\/?p=49502"},"modified":"2025-07-10T13:07:46","modified_gmt":"2025-07-10T16:07:46","slug":"sedronar-milei-no-paga-los-sueldos-para-la-lucha-contra-las-drogadicciones","status":"publish","type":"post","link":"https:\/\/atecordoba.org\/?p=49502","title":{"rendered":"SEDRONAR: Milei no paga los sueldos para la lucha contra las drogadicciones"},"content":{"rendered":"<p><img loading=\"lazy\" decoding=\"async\" class=\"aligncenter wp-image-49503 \" src=\"https:\/\/atecordoba.org\/wp-content\/uploads\/2025\/07\/bandera-ATE-sedronar-1024x512.jpeg\" alt=\"\" width=\"622\" height=\"311\" srcset=\"https:\/\/atecordoba.org\/wp-content\/uploads\/2025\/07\/bandera-ATE-sedronar-1024x512.jpeg 1024w, https:\/\/atecordoba.org\/wp-content\/uploads\/2025\/07\/bandera-ATE-sedronar-300x150.jpeg 300w, https:\/\/atecordoba.org\/wp-content\/uploads\/2025\/07\/bandera-ATE-sedronar-768x384.jpeg 768w, https:\/\/atecordoba.org\/wp-content\/uploads\/2025\/07\/bandera-ATE-sedronar-360x180.jpeg 360w, https:\/\/atecordoba.org\/wp-content\/uploads\/2025\/07\/bandera-ATE-sedronar-750x375.jpeg 750w, https:\/\/atecordoba.org\/wp-content\/uploads\/2025\/07\/bandera-ATE-sedronar-1140x570.jpeg 1140w, https:\/\/atecordoba.org\/wp-content\/uploads\/2025\/07\/bandera-ATE-sedronar.jpeg 1280w\" sizes=\"auto, (max-width: 622px) 100vw, 622px\" \/>El ajuste de Milei se ensa\u00f1a con quienes m\u00e1s lo necesitan: 179 trabajadores y trabajadoras becarias de la Secretar\u00eda de Pol\u00edticas Integrales sobre Drogas de la Naci\u00f3n (SECRONAR) no cobraron su sueldo y no fueron notificados\/as de tal decisi\u00f3n al d\u00eda de la fecha.<\/p>\n<p>Se trata de un organismo clave para contener a las v\u00edctimas de las adicciones a las drogas en todo el pa\u00eds.<\/p>\n<p>Los y las becarias cumplen un rol clave en la atenci\u00f3n de dichos cuadros, pero eso no impide al gobierno de Milei desmantelar la estructura de trabajadores y trabajadoras del organismo.<\/p>\n<p>Desde ATE nos encontramos en estado de alerta y movilizaci\u00f3n. Exigimos el pago de los salarios de las y los compa\u00f1eros que abordan la problem\u00e1tica de los consumos en los sectores m\u00e1s vulnerables a lo largo y ancho del pa\u00eds.<\/p>\n<p>&nbsp;<\/p>\n<p>&nbsp;<\/p>\n","protected":false},"excerpt":{"rendered":"<p>El ajuste de Milei se ensa\u00f1a con quienes m\u00e1s lo necesitan: 179 trabajadores y trabajadoras becarias de la Secretar\u00eda de Pol\u00edticas Integrales sobre Drogas de la Naci\u00f3n (SECRONAR) no cobraron su sueldo y no fueron notificados\/as de tal decisi\u00f3n al d\u00eda de la fecha. Se trata de un organismo clave para contener a las v\u00edctimas [&hellip;]<\/p>\n","protected":false},"author":7,"featured_media":49503,"comment_status":"open","ping_status":"open","sticky":false,"template":"","format":"standard","meta":{"_exactmetrics_skip_tracking":false,"_exactmetrics_sitenote_active":false,"_exactmetrics_sitenote_note":"","_exactmetrics_sitenote_category":0,"jnews-multi-image_gallery":[],"jnews_single_post":{"format":"standard","override":[{"template":"1","parallax":"1","fullscreen":"1","layout":"no-sidebar-narrow","sidebar":"default-sidebar","second_sidebar":"default-sidebar","sticky_sidebar":"1","share_position":"bottom","share_float_style":"share-monocrhome","show_share_counter":"1","show_view_counter":"1","show_post_meta":"1","show_post_author_image":"1","show_post_date":"1","post_date_format":"default","post_date_format_custom":"Y\/m\/d","show_post_category":"1","show_post_reading_time":"0","post_reading_time_wpm":"300","post_calculate_word_method":"str_word_count","show_zoom_button":"0","zoom_button_out_step":"2","zoom_button_in_step":"3","show_post_tag":"1","number_popup_post":"1","show_post_related":"1","show_inline_post_related":"0"}],"image_override":[{"single_post_thumbnail_size":"crop-500","single_post_gallery_size":"crop-500"}],"trending_post_position":"meta","trending_post_label":"Trending","sponsored_post_label":"Sponsored by","disable_ad":"0"},"jnews_primary_category":[],"jnews_social_meta":[],"jnews_review":[],"enable_review":"","type":"percentage","name":"","summary":"","brand":"","sku":"","good":[],"bad":[],"score_override":"","override_value":"","rating":[],"price":[],"jnews_override_counter":{"view_counter_number":"0","share_counter_number":"0","like_counter_number":"0","dislike_counter_number":"0"},"jnews_post_split":{"post_split":[{"template":"1","tag":"h2","numbering":"asc","mode":"normal","first":"0","enable_toc":"0","toc_type":"normal"}]},"footnotes":""},"categories":[18],"tags":[],"class_list":["post-49502","post","type-post","status-publish","format-standard","has-post-thumbnail","hentry","category-nacionales"],"jetpack_featured_media_url":"https:\/\/atecordoba.org\/wp-content\/uploads\/2025\/07\/bandera-ATE-sedronar.jpeg","_links":{"self":[{"href":"https:\/\/atecordoba.org\/index.php?rest_route=\/wp\/v2\/posts\/49502","targetHints":{"allow":["GET"]}}],"collection":[{"href":"https:\/\/atecordoba.org\/index.php?rest_route=\/wp\/v2\/posts"}],"about":[{"href":"https:\/\/atecordoba.org\/index.php?rest_route=\/wp\/v2\/types\/post"}],"author":[{"embeddable":true,"href":"https:\/\/atecordoba.org\/index.php?rest_route=\/wp\/v2\/users\/7"}],"replies":[{"embeddable":true,"href":"https:\/\/atecordoba.org\/index.php?rest_route=%2Fwp%2Fv2%2Fcomments&post=49502"}],"version-history":[{"count":2,"href":"https:\/\/atecordoba.org\/index.php?rest_route=\/wp\/v2\/posts\/49502\/revisions"}],"predecessor-version":[{"id":49505,"href":"https:\/\/atecordoba.org\/index.php?rest_route=\/wp\/v2\/posts\/49502\/revisions\/49505"}],"wp:featuredmedia":[{"embeddable":true,"href":"https:\/\/atecordoba.org\/index.php?rest_route=\/wp\/v2\/media\/49503"}],"wp:attachment":[{"href":"https:\/\/atecordoba.org\/index.php?rest_route=%2Fwp%2Fv2%2Fmedia&parent=49502"}],"wp:term":[{"taxonomy":"category","embeddable":true,"href":"https:\/\/atecordoba.org\/index.php?rest_route=%2Fwp%2Fv2%2Fcategories&post=49502"},{"taxonomy":"post_tag","embeddable":true,"href":"https:\/\/atecordoba.org\/index.php?rest_route=%2Fwp%2Fv2%2Ftags&post=49502"}],"curies":[{"name":"wp","href":"https:\/\/api.w.org\/{rel}","templated":true}]}}