{"id":49493,"date":"2025-07-10T10:40:53","date_gmt":"2025-07-10T13:40:53","guid":{"rendered":"https:\/\/atecordoba.org\/?p=49493"},"modified":"2025-07-10T10:40:53","modified_gmt":"2025-07-10T13:40:53","slug":"cine-debate-por-palestina","status":"publish","type":"post","link":"https:\/\/atecordoba.org\/?p=49493","title":{"rendered":"Cine debate por Palestina"},"content":{"rendered":"<p><img loading=\"lazy\" decoding=\"async\" class=\"aligncenter wp-image-49494 size-full\" src=\"https:\/\/atecordoba.org\/wp-content\/uploads\/2025\/07\/pelicula-palestina.jpg\" alt=\"\" width=\"526\" height=\"526\" \/>La Comisi\u00f3n de Solidaridad con Palestina de C\u00f3rdoba y ATE C\u00f3rdoba invitan a la proyecci\u00f3n de la pel\u00edcula &#8220;No Other Land&#8221; en el ciclo de cine-debate Cine por Palestina, a realizarse hoy jueves 10 de julio, a las 18:30 horas, en la sede del Consejo Directivo Provincial, Entre R\u00edos 450, C\u00f3rdoba Capital.<\/p>\n<p>Una actividad para reflexionar, compartir y solidarizarnos con una causa que interpela nuestra lucha por los derechos humanos y la soberan\u00eda de los pueblos.<\/p>\n<p>Organiza la Comisi\u00f3n de Solidaridad con Palestina de C\u00f3rdoba y la entrada libre y gratuita.<\/p>\n<p>\u201cEl genocidio en Gaza es una tragedia que dura 75 a\u00f1os ya, tomando de base el a\u00f1o 1948, cuando se crea el Estado de Israel, pero esos acuerdos no se respetan, porque empieza desde el primer d\u00eda la limpieza \u00e9tnica, la masacre en aldeas, en fin, 750 mil palestinos son refugiados, se tienen que ir de sus hogares, y desde entonces cada tanto hay masacres similares iguales o peores como la actual\u201d, advierten desde la Comisi\u00f3n de Solidaridad.<\/p>\n<p>A la fecha y desde el 7 de octubre de 2023, fecha del infame ataque de la organizaci\u00f3n Hamas contra la poblaci\u00f3n civil israel\u00ed, la ONU estima en 55 mil personas masacradas por el Estado de Israel en Palestina, m\u00e1s de la mitad de ellas ni\u00f1os y mujeres.<\/p>\n<p>\u201cLo que nos convoca como cordobeses tienen razones muy fundadas, porque se est\u00e1n cometiendo delitos de lesa humanidad, cr\u00edmenes de guerra, genocidio en definitiva, y no es el primero, pero tiene que ser el \u00faltimo\u201d, destacaron los organizadores.<\/p>\n<p>&nbsp;<\/p>\n<p>.<\/p>\n<p>&nbsp;<\/p>\n","protected":false},"excerpt":{"rendered":"<p>La Comisi\u00f3n de Solidaridad con Palestina de C\u00f3rdoba y ATE C\u00f3rdoba invitan a la proyecci\u00f3n de la pel\u00edcula &#8220;No Other Land&#8221; en el ciclo de cine-debate Cine por Palestina, a realizarse hoy jueves 10 de julio, a las 18:30 horas, en la sede del Consejo Directivo Provincial, Entre R\u00edos 450, C\u00f3rdoba Capital. Una actividad para [&hellip;]<\/p>\n","protected":false},"author":7,"featured_media":49494,"comment_status":"open","ping_status":"open","sticky":false,"template":"","format":"standard","meta":{"_exactmetrics_skip_tracking":false,"_exactmetrics_sitenote_active":false,"_exactmetrics_sitenote_note":"","_exactmetrics_sitenote_category":0,"jnews-multi-image_gallery":[],"jnews_single_post":{"format":"standard","override":[{"template":"1","parallax":"1","fullscreen":"1","layout":"no-sidebar-narrow","sidebar":"default-sidebar","second_sidebar":"default-sidebar","sticky_sidebar":"1","share_position":"bottom","share_float_style":"share-monocrhome","show_share_counter":"1","show_view_counter":"1","show_post_meta":"1","show_post_author_image":"1","show_post_date":"1","post_date_format":"default","post_date_format_custom":"Y\/m\/d","show_post_category":"1","show_post_reading_time":"0","post_reading_time_wpm":"300","post_calculate_word_method":"str_word_count","show_zoom_button":"0","zoom_button_out_step":"2","zoom_button_in_step":"3","show_post_tag":"1","number_popup_post":"1","show_post_related":"1","show_inline_post_related":"0"}],"image_override":[{"single_post_thumbnail_size":"crop-500","single_post_gallery_size":"crop-500"}],"trending_post_position":"meta","trending_post_label":"Trending","sponsored_post_label":"Sponsored by","disable_ad":"0"},"jnews_primary_category":[],"jnews_social_meta":[],"jnews_review":[],"enable_review":"","type":"percentage","name":"","summary":"","brand":"","sku":"","good":[],"bad":[],"score_override":"","override_value":"","rating":[],"price":[],"jnews_override_counter":{"view_counter_number":"0","share_counter_number":"0","like_counter_number":"0","dislike_counter_number":"0"},"jnews_post_split":{"post_split":[{"template":"1","tag":"h2","numbering":"asc","mode":"normal","first":"0","enable_toc":"0","toc_type":"normal"}]},"footnotes":""},"categories":[10],"tags":[],"class_list":["post-49493","post","type-post","status-publish","format-standard","has-post-thumbnail","hentry","category-accion-politica"],"jetpack_featured_media_url":"https:\/\/atecordoba.org\/wp-content\/uploads\/2025\/07\/pelicula-palestina-e1752154842666.jpg","_links":{"self":[{"href":"https:\/\/atecordoba.org\/index.php?rest_route=\/wp\/v2\/posts\/49493","targetHints":{"allow":["GET"]}}],"collection":[{"href":"https:\/\/atecordoba.org\/index.php?rest_route=\/wp\/v2\/posts"}],"about":[{"href":"https:\/\/atecordoba.org\/index.php?rest_route=\/wp\/v2\/types\/post"}],"author":[{"embeddable":true,"href":"https:\/\/atecordoba.org\/index.php?rest_route=\/wp\/v2\/users\/7"}],"replies":[{"embeddable":true,"href":"https:\/\/atecordoba.org\/index.php?rest_route=%2Fwp%2Fv2%2Fcomments&post=49493"}],"version-history":[{"count":1,"href":"https:\/\/atecordoba.org\/index.php?rest_route=\/wp\/v2\/posts\/49493\/revisions"}],"predecessor-version":[{"id":49495,"href":"https:\/\/atecordoba.org\/index.php?rest_route=\/wp\/v2\/posts\/49493\/revisions\/49495"}],"wp:featuredmedia":[{"embeddable":true,"href":"https:\/\/atecordoba.org\/index.php?rest_route=\/wp\/v2\/media\/49494"}],"wp:attachment":[{"href":"https:\/\/atecordoba.org\/index.php?rest_route=%2Fwp%2Fv2%2Fmedia&parent=49493"}],"wp:term":[{"taxonomy":"category","embeddable":true,"href":"https:\/\/atecordoba.org\/index.php?rest_route=%2Fwp%2Fv2%2Fcategories&post=49493"},{"taxonomy":"post_tag","embeddable":true,"href":"https:\/\/atecordoba.org\/index.php?rest_route=%2Fwp%2Fv2%2Ftags&post=49493"}],"curies":[{"name":"wp","href":"https:\/\/api.w.org\/{rel}","templated":true}]}}