{"id":49487,"date":"2025-07-08T12:06:57","date_gmt":"2025-07-08T15:06:57","guid":{"rendered":"https:\/\/atecordoba.org\/?p=49487"},"modified":"2025-07-08T12:19:00","modified_gmt":"2025-07-08T15:19:00","slug":"ate-cordoba-pide-audiencia-a-los-diputados-nacionales-para-abordar-el-vaciamiento-presupuestario-de-milei-del-sistema-de-ciencia-y-tecnica","status":"publish","type":"post","link":"https:\/\/atecordoba.org\/?p=49487","title":{"rendered":"ATE C\u00f3rdoba pide audiencia a los diputados nacionales para abordar el vaciamiento presupuestario de Milei del sistema de Ciencia y T\u00e9cnica"},"content":{"rendered":"<p><img loading=\"lazy\" decoding=\"async\" class=\"aligncenter wp-image-49488 \" src=\"https:\/\/atecordoba.org\/wp-content\/uploads\/2025\/07\/camara-diputados.jpg\" alt=\"\" width=\"624\" height=\"355\" srcset=\"https:\/\/atecordoba.org\/wp-content\/uploads\/2025\/07\/camara-diputados.jpg 750w, https:\/\/atecordoba.org\/wp-content\/uploads\/2025\/07\/camara-diputados-300x171.jpg 300w\" sizes=\"auto, (max-width: 624px) 100vw, 624px\" \/>En una nota firmada por nuestro secretario General Federico Giuliani, ATE C\u00f3rdoba solicit\u00f3 una audiencia a las y los diputados nacionales por C\u00f3rdoba para tratar la situaci\u00f3n actual del Sistema Nacional de Ciencia y T\u00e9cnica, debido al vaciamiento presupuestario que el gobierno de Milei impone a los organismos radicados en la provincia.<\/p>\n<p>&#8220;Este sector, clave para el desarrollo de cualquier pa\u00eds, viene siendo desfinanciado y desmantelado desde el inicio de la actual gesti\u00f3n, registrando una p\u00e9rdida del 47 % de su presupuesto en t\u00e9rminos reales respecto del a\u00f1o 2023, tomando como referencia el a\u00f1o 2015, cuando se alcanzaron niveles adecuados para un pa\u00eds que aspira al desarrollo&#8221;, detalla ATE en la solicitud.<\/p>\n<p>&#8220;En nuestra provincia -agrega Giuliani- este sector se encuentra representado por las Universidades Nacionales, el CONICET C\u00f3rdoba, la CONAE, VENG, CNEA, Dioxitek, SEGEMAR, entre otras. Todos estos organismos y empresas emplean a miles de cordobeses, generando conocimiento y capacidades estrat\u00e9gicas para la provincia y el pa\u00eds. En cualquier naci\u00f3n que proyecte un desarrollo sostenible e inclusivo, estas instituciones son consideradas estrat\u00e9gicas&#8221;.<\/p>\n<p>Como corolario de esta cr\u00edtica situaci\u00f3n, hoy 8 de julio se public\u00f3 el Decreto 462\/2025, que afecta gravemente las capacidades del INTI y del INTA, dos organismos fundamentales en la vinculaci\u00f3n entre ciencia, tecnolog\u00eda e industria.<\/p>\n<p>&#8220;Todas estas medidas impactan directamente en la provincia de C\u00f3rdoba, donde funcionan importantes centros de investigaci\u00f3n que capacitan, divulgan y promueven el uso de nuevas tecnolog\u00edas, tanto desde el \u00e1mbito acad\u00e9mico como desde las empresas p\u00fablicas&#8221;, concluye el secretario General de ATE C\u00f3rdoba.<\/p>\n<p>La lista de diputados nacionales por C\u00f3rdoba est\u00e1 integrada por: Oscar Agost Carre\u00f1o (Encuentro Federal), Bel\u00e9n Avico (PRO), H\u00e9ctor Baldassi (PRO), Gabriel Bornoroni (LLA), Gabriela Brouwer De Koning (UCR), Juan Fernando Br\u00fcgge (Encuentro Federal), Soledad Carrizo (UCR), Pablo Carro (Uni\u00f3n por la Patria), Natalia de la Sota (Encuentro Federal), Rodrigo de Loredo (UCR), Gabriela Est\u00e9vez (Uni\u00f3n por la Patria), Ignacio Garc\u00eda Aresca (Encuentro Federal), Carlos Guti\u00e9rrez (Encuentro Federal), Mar\u00eda Cecilia Iba\u00f1ez (mid), Luis Picat (Liga del Interior), Mar\u00eda Celeste Ponce (LLA), Laura Rodr\u00edguez Machado (PRO) y Alejandra Torres (Encuentro Federal).<\/p>\n","protected":false},"excerpt":{"rendered":"<p>En una nota firmada por nuestro secretario General Federico Giuliani, ATE C\u00f3rdoba solicit\u00f3 una audiencia a las y los diputados nacionales por C\u00f3rdoba para tratar la situaci\u00f3n actual del Sistema Nacional de Ciencia y T\u00e9cnica, debido al vaciamiento presupuestario que el gobierno de Milei impone a los organismos radicados en la provincia. &#8220;Este sector, clave [&hellip;]<\/p>\n","protected":false},"author":7,"featured_media":49488,"comment_status":"open","ping_status":"open","sticky":false,"template":"","format":"standard","meta":{"_exactmetrics_skip_tracking":false,"_exactmetrics_sitenote_active":false,"_exactmetrics_sitenote_note":"","_exactmetrics_sitenote_category":0,"jnews-multi-image_gallery":[],"jnews_single_post":{"format":"standard","override":[{"template":"1","parallax":"1","fullscreen":"1","layout":"no-sidebar-narrow","sidebar":"default-sidebar","second_sidebar":"default-sidebar","sticky_sidebar":"1","share_position":"bottom","share_float_style":"share-monocrhome","show_share_counter":"1","show_view_counter":"1","show_post_meta":"1","show_post_author_image":"1","show_post_date":"1","post_date_format":"default","post_date_format_custom":"Y\/m\/d","show_post_category":"1","show_post_reading_time":"0","post_reading_time_wpm":"300","post_calculate_word_method":"str_word_count","show_zoom_button":"0","zoom_button_out_step":"2","zoom_button_in_step":"3","show_post_tag":"1","number_popup_post":"1","show_post_related":"1","show_inline_post_related":"0"}],"image_override":[{"single_post_thumbnail_size":"crop-500","single_post_gallery_size":"crop-500"}],"trending_post_position":"meta","trending_post_label":"Trending","sponsored_post_label":"Sponsored by","disable_ad":"0"},"jnews_primary_category":[],"jnews_social_meta":[],"jnews_review":[],"enable_review":"","type":"percentage","name":"","summary":"","brand":"","sku":"","good":[],"bad":[],"score_override":"","override_value":"","rating":[],"price":[],"jnews_override_counter":{"view_counter_number":"0","share_counter_number":"0","like_counter_number":"0","dislike_counter_number":"0"},"jnews_post_split":{"post_split":[{"template":"1","tag":"h2","numbering":"asc","mode":"normal","first":"0","enable_toc":"0","toc_type":"normal"}]},"footnotes":""},"categories":[10],"tags":[],"class_list":["post-49487","post","type-post","status-publish","format-standard","has-post-thumbnail","hentry","category-accion-politica"],"jetpack_featured_media_url":"https:\/\/atecordoba.org\/wp-content\/uploads\/2025\/07\/camara-diputados.jpg","_links":{"self":[{"href":"https:\/\/atecordoba.org\/index.php?rest_route=\/wp\/v2\/posts\/49487","targetHints":{"allow":["GET"]}}],"collection":[{"href":"https:\/\/atecordoba.org\/index.php?rest_route=\/wp\/v2\/posts"}],"about":[{"href":"https:\/\/atecordoba.org\/index.php?rest_route=\/wp\/v2\/types\/post"}],"author":[{"embeddable":true,"href":"https:\/\/atecordoba.org\/index.php?rest_route=\/wp\/v2\/users\/7"}],"replies":[{"embeddable":true,"href":"https:\/\/atecordoba.org\/index.php?rest_route=%2Fwp%2Fv2%2Fcomments&post=49487"}],"version-history":[{"count":3,"href":"https:\/\/atecordoba.org\/index.php?rest_route=\/wp\/v2\/posts\/49487\/revisions"}],"predecessor-version":[{"id":49491,"href":"https:\/\/atecordoba.org\/index.php?rest_route=\/wp\/v2\/posts\/49487\/revisions\/49491"}],"wp:featuredmedia":[{"embeddable":true,"href":"https:\/\/atecordoba.org\/index.php?rest_route=\/wp\/v2\/media\/49488"}],"wp:attachment":[{"href":"https:\/\/atecordoba.org\/index.php?rest_route=%2Fwp%2Fv2%2Fmedia&parent=49487"}],"wp:term":[{"taxonomy":"category","embeddable":true,"href":"https:\/\/atecordoba.org\/index.php?rest_route=%2Fwp%2Fv2%2Fcategories&post=49487"},{"taxonomy":"post_tag","embeddable":true,"href":"https:\/\/atecordoba.org\/index.php?rest_route=%2Fwp%2Fv2%2Ftags&post=49487"}],"curies":[{"name":"wp","href":"https:\/\/api.w.org\/{rel}","templated":true}]}}