{"id":49483,"date":"2025-07-08T11:42:15","date_gmt":"2025-07-08T14:42:15","guid":{"rendered":"https:\/\/atecordoba.org\/?p=49483"},"modified":"2025-07-08T11:42:15","modified_gmt":"2025-07-08T14:42:15","slug":"radio-nacional-cumple-88-anos-el-vaciamiento-es-un-ataque-a-la-libertad-de-expresion","status":"publish","type":"post","link":"https:\/\/atecordoba.org\/?p=49483","title":{"rendered":"Radio Nacional cumple 88 a\u00f1os: el vaciamiento es un ataque a la libertad de expresi\u00f3n"},"content":{"rendered":"<p><img loading=\"lazy\" decoding=\"async\" class=\"aligncenter wp-image-49484 \" src=\"https:\/\/atecordoba.org\/wp-content\/uploads\/2025\/07\/facha.png\" alt=\"\" width=\"623\" height=\"443\" srcset=\"https:\/\/atecordoba.org\/wp-content\/uploads\/2025\/07\/facha.png 952w, https:\/\/atecordoba.org\/wp-content\/uploads\/2025\/07\/facha-300x213.png 300w, https:\/\/atecordoba.org\/wp-content\/uploads\/2025\/07\/facha-768x545.png 768w, https:\/\/atecordoba.org\/wp-content\/uploads\/2025\/07\/facha-120x86.png 120w, https:\/\/atecordoba.org\/wp-content\/uploads\/2025\/07\/facha-350x250.png 350w, https:\/\/atecordoba.org\/wp-content\/uploads\/2025\/07\/facha-750x533.png 750w\" sizes=\"auto, (max-width: 623px) 100vw, 623px\" \/>El Consejo Directivo Provincial de ATE C\u00f3rdoba celebra un nuevo aniversario de la creaci\u00f3n de Radio Nacional y denuncia el vaciamiento de la radio p\u00fablica, un atentado contra la libertad de expresi\u00f3n y el derecho de la poblaci\u00f3n a estar informada que perpetra el gobierno de Milei.<\/p>\n<p>Tal como acusara la Federaci\u00f3n Argentina de Trabajadores de Prensa (FATPREN), Milei ataca a la prensa tambi\u00e9n en los medios p\u00fablicos, con censura, apagones informativos en lugares del pa\u00eds donde no hay otra otra posibilidad de comunicaci\u00f3n, desprecio por las audiencias con cambios de programaci\u00f3n repentinos y silenciamientos de las producciones locales con emisoras que reproducen contenidos generados en Capital Federal para todo el pa\u00eds.<\/p>\n<p>As\u00ed, Milei degrada la funci\u00f3n de Radio Nacional porque necesita una radio p\u00fablica callada para imponer su r\u00e9gimen de entrega de la soberan\u00eda, mientras los \u00edndices muestran que el modelo econ\u00f3mico hunde a nuestro pueblo en la miseria y la desocupaci\u00f3n, al tiempo que aplica que aplica sistem\u00e1ticamente la violencia sobre quienes ejercemos el derecho constitucional a la protesta.<\/p>\n<p>&#8220;Nuestros salarios lejos de alcanzar la l\u00ednea de la indigencia. La precarizaci\u00f3n es parte del plan: necesitan que no contemos el saqueo de nuestro pa\u00eds&#8221;, prosigue denunciando la FATPREN y exige una recomposici\u00f3n de los salarios en defensa de Radio Nacional.<\/p>\n<p>ATE C\u00f3rdoba expresa su solidaridad con la lucha de las y los trabajadores de la radio p\u00fablica.<\/p>\n<p>&nbsp;<\/p>\n<p>&nbsp;<\/p>\n","protected":false},"excerpt":{"rendered":"<p>El Consejo Directivo Provincial de ATE C\u00f3rdoba celebra un nuevo aniversario de la creaci\u00f3n de Radio Nacional y denuncia el vaciamiento de la radio p\u00fablica, un atentado contra la libertad de expresi\u00f3n y el derecho de la poblaci\u00f3n a estar informada que perpetra el gobierno de Milei. Tal como acusara la Federaci\u00f3n Argentina de Trabajadores [&hellip;]<\/p>\n","protected":false},"author":7,"featured_media":49484,"comment_status":"open","ping_status":"open","sticky":false,"template":"","format":"standard","meta":{"_exactmetrics_skip_tracking":false,"_exactmetrics_sitenote_active":false,"_exactmetrics_sitenote_note":"","_exactmetrics_sitenote_category":0,"jnews-multi-image_gallery":[],"jnews_single_post":{"format":"standard","override":[{"template":"1","parallax":"1","fullscreen":"1","layout":"no-sidebar-narrow","sidebar":"default-sidebar","second_sidebar":"default-sidebar","sticky_sidebar":"1","share_position":"bottom","share_float_style":"share-monocrhome","show_share_counter":"1","show_view_counter":"1","show_post_meta":"1","show_post_author_image":"1","show_post_date":"1","post_date_format":"default","post_date_format_custom":"Y\/m\/d","show_post_category":"1","show_post_reading_time":"0","post_reading_time_wpm":"300","post_calculate_word_method":"str_word_count","show_zoom_button":"0","zoom_button_out_step":"2","zoom_button_in_step":"3","show_post_tag":"1","number_popup_post":"1","show_post_related":"1","show_inline_post_related":"0"}],"image_override":[{"single_post_thumbnail_size":"crop-500","single_post_gallery_size":"crop-500"}],"trending_post_position":"meta","trending_post_label":"Trending","sponsored_post_label":"Sponsored by","disable_ad":"0"},"jnews_primary_category":[],"jnews_social_meta":[],"jnews_review":[],"enable_review":"","type":"percentage","name":"","summary":"","brand":"","sku":"","good":[],"bad":[],"score_override":"","override_value":"","rating":[],"price":[],"jnews_override_counter":{"view_counter_number":"0","share_counter_number":"0","like_counter_number":"0","dislike_counter_number":"0"},"jnews_post_split":{"post_split":[{"template":"1","tag":"h2","numbering":"asc","mode":"normal","first":"0","enable_toc":"0","toc_type":"normal"}]},"footnotes":""},"categories":[18],"tags":[],"class_list":["post-49483","post","type-post","status-publish","format-standard","has-post-thumbnail","hentry","category-nacionales"],"jetpack_featured_media_url":"https:\/\/atecordoba.org\/wp-content\/uploads\/2025\/07\/facha.png","_links":{"self":[{"href":"https:\/\/atecordoba.org\/index.php?rest_route=\/wp\/v2\/posts\/49483","targetHints":{"allow":["GET"]}}],"collection":[{"href":"https:\/\/atecordoba.org\/index.php?rest_route=\/wp\/v2\/posts"}],"about":[{"href":"https:\/\/atecordoba.org\/index.php?rest_route=\/wp\/v2\/types\/post"}],"author":[{"embeddable":true,"href":"https:\/\/atecordoba.org\/index.php?rest_route=\/wp\/v2\/users\/7"}],"replies":[{"embeddable":true,"href":"https:\/\/atecordoba.org\/index.php?rest_route=%2Fwp%2Fv2%2Fcomments&post=49483"}],"version-history":[{"count":1,"href":"https:\/\/atecordoba.org\/index.php?rest_route=\/wp\/v2\/posts\/49483\/revisions"}],"predecessor-version":[{"id":49485,"href":"https:\/\/atecordoba.org\/index.php?rest_route=\/wp\/v2\/posts\/49483\/revisions\/49485"}],"wp:featuredmedia":[{"embeddable":true,"href":"https:\/\/atecordoba.org\/index.php?rest_route=\/wp\/v2\/media\/49484"}],"wp:attachment":[{"href":"https:\/\/atecordoba.org\/index.php?rest_route=%2Fwp%2Fv2%2Fmedia&parent=49483"}],"wp:term":[{"taxonomy":"category","embeddable":true,"href":"https:\/\/atecordoba.org\/index.php?rest_route=%2Fwp%2Fv2%2Fcategories&post=49483"},{"taxonomy":"post_tag","embeddable":true,"href":"https:\/\/atecordoba.org\/index.php?rest_route=%2Fwp%2Fv2%2Ftags&post=49483"}],"curies":[{"name":"wp","href":"https:\/\/api.w.org\/{rel}","templated":true}]}}