{"id":4948,"date":"2014-12-23T17:18:15","date_gmt":"2014-12-23T20:18:15","guid":{"rendered":"http:\/\/www.atecordoba.org\/?p=4948"},"modified":"2020-06-09T16:54:42","modified_gmt":"2020-06-09T19:54:42","slug":"las-tres-seccionales-de-la-provincia-despidieron-el-ano-festejando-con-alegria-militante","status":"publish","type":"post","link":"https:\/\/atecordoba.org\/?p=4948","title":{"rendered":"Las tres seccionales de la provincia despidieron el a\u00f1o festejando con alegr\u00eda militante"},"content":{"rendered":"<p><em>Villa Mar\u00eda, R\u00edo Tercero y R\u00edo Cuarto agasajaron a los afiliados con sendas fiestas\u00a0de fin de a\u00f1o. Presencia de dirigente nacionales.<\/em><\/p>\n<p>&nbsp;<br \/>\n<a href=\"http:\/\/atecordoba.org\/wp-content\/uploads\/2020\/06\/baile.jpg\"><img loading=\"lazy\" decoding=\"async\" class=\"aligncenter size-full wp-image-4950\" src=\"http:\/\/atecordoba.org\/wp-content\/uploads\/2020\/06\/baile.jpg\" alt=\"baile\" width=\"620\" height=\"413\" \/><\/a> El s\u00e1bado pasado, Villa Mar\u00eda cerr\u00f3 el a\u00f1o con una fiesta donde una gran cantidad de compa\u00f1eros despidi\u00f3 el a\u00f1o confraternizando con una cena que incluy\u00f3 baile y sorteos de importantes premios. Los afiliados fueron recibidos por el secretario General de la seccional, Walter Secondino, que junto al resto de la comisi\u00f3n directiva, encabezaron los festejos. En la oportunidad estuvieron presentes nuestra secretaria General de ATE C\u00f3rdoba, Mar\u00eda Teresa Romero, junto a otros integrantes de la comisi\u00f3n directiva como la secretar\u00eda Administrativa, Mar\u00eda Liliana Salerno, la secretaria de Acci\u00f3n Pol\u00edtica, Miriam Martino, el secretario de Interior, Luis Barcena, el secretario de Prensa, Daniel Pawluchuzk, el secretario de Organizaci\u00f3n, Alejandro Charra, el secretario de Acci\u00f3n Social, Gustavo Z\u00e1rate y la vocal, Delicia Arce.<\/p>\n<p><a href=\"http:\/\/atecordoba.org\/wp-content\/uploads\/2020\/06\/IMG-20141223-WA0000-e1419365832531.jpg\"><img loading=\"lazy\" decoding=\"async\" class=\"aligncenter size-full wp-image-4952\" src=\"http:\/\/atecordoba.org\/wp-content\/uploads\/2020\/06\/IMG-20141223-WA0000-e1419365832531.jpg\" alt=\"IMG-20141223-WA0000\" width=\"600\" height=\"337\" \/><\/a><\/p>\n<p>Tambi\u00e9n estuvieron disfrutando de la velada dirigentes nacionales de ATE como nuestro secretario General, Julio Fuentes, el secretario Adjunto, Hugo Godoy, e integrantes de la mesa nacional como H\u00e9ctor M\u00e9ndez, Silvia Le\u00f3n, Claudio Ar\u00e9valo y el dirigente rosarino Miguel Peyrano.<\/p>\n<h3>R\u00edo Tercero<\/h3>\n<p>La seccional\u00a0despidi\u00f3 el a\u00f1o con la alegr\u00eda de la militancia. Cientos de trabajadores l se reunieron en la Sociedad Italiana para festejar los avances colectivos de los estatales. Artistas en vivo le pusieron color a una noche que cont\u00f3 con la presencia de los dirigentes nacionales Julio Fuentes, H\u00e9ctor M\u00e9ndez, Mario Mu\u00f1oz y el hist\u00f3rico dirigente\u00a0Oscar Mengarelli \u201cFue un a\u00f1o muy bueno para algunos sectores de trabajo, no tanto para otros, pero s\u00ed avizoramos para todos un 2015 de lucha. Porque hay que buscar en unidad los convenios colectivos sectoriales que nos faltan y la apertura de paritarias para antes de marzo\u201d, expres\u00f3 el Secretario General de ATE R\u00edo Tercero, Cristian Colman.<\/p>\n<p><a href=\"http:\/\/atecordoba.org\/wp-content\/uploads\/2020\/06\/todos.jpg\"><img loading=\"lazy\" decoding=\"async\" class=\"aligncenter size-full wp-image-4951\" src=\"http:\/\/atecordoba.org\/wp-content\/uploads\/2020\/06\/todos.jpg\" alt=\"todos\" width=\"620\" height=\"444\" \/><\/a><\/p>\n<p>&nbsp;<\/p>\n<p>Desde el Consejo Directivo Provincial, participaron de la fiesta los compa\u00f1eros Mar\u00eda Liliana Salerno y Miriam Martino.<\/p>\n<h3>R\u00edo Cuarto<\/h3>\n<p>Por su parte, el pasado s\u00e1bado 29 de noviembre en la Sociedad Italiana, se llev\u00f3 adelante el festejo de ATE R\u00edo cuarto y su ya sexta fiesta de fin de a\u00f1o.<\/p>\n<p><a href=\"http:\/\/atecordoba.org\/wp-content\/uploads\/2020\/06\/rio-cuarto.jpg\"><img loading=\"lazy\" decoding=\"async\" class=\"aligncenter size-full wp-image-4953\" src=\"http:\/\/atecordoba.org\/wp-content\/uploads\/2020\/06\/rio-cuarto.jpg\" alt=\"rio cuarto\" width=\"487\" height=\"254\" \/><\/a><\/p>\n<p>M\u00e1s de un centenar de afiliados se dieron cita para pasar una noche fraterna. Con la presencia de las 19 localidades en las que la Seccional R\u00edo Cuarto tiene presencia gremial, se sumaron municipales de R\u00edo Cuarto, EMOS, SENASA, etc. Hubo \u00a0premios, baile y un gran servicio gastron\u00f3mico.<\/p>\n<p>&nbsp;<\/p>\n","protected":false},"excerpt":{"rendered":"<p>Villa Mar\u00eda, R\u00edo Tercero y R\u00edo Cuarto agasajaron a los afiliados con sendas fiestas\u00a0de fin de a\u00f1o. Presencia de dirigente nacionales. &nbsp; El s\u00e1bado pasado, Villa Mar\u00eda cerr\u00f3 el a\u00f1o con una fiesta donde una gran cantidad de compa\u00f1eros despidi\u00f3 el a\u00f1o confraternizando con una cena que incluy\u00f3 baile y sorteos de importantes premios. Los [&hellip;]<\/p>\n","protected":false},"author":1,"featured_media":19220,"comment_status":"open","ping_status":"open","sticky":false,"template":"","format":"standard","meta":{"_exactmetrics_skip_tracking":false,"_exactmetrics_sitenote_active":false,"_exactmetrics_sitenote_note":"","_exactmetrics_sitenote_category":0,"jnews-multi-image_gallery":[],"jnews_single_post":[],"jnews_primary_category":[],"jnews_social_meta":[],"jnews_review":[],"enable_review":"","type":"","name":"","summary":"","brand":"","sku":"","good":[],"bad":[],"score_override":"","override_value":"","rating":[],"price":[],"jnews_override_counter":[],"jnews_post_split":[],"footnotes":""},"categories":[12,13,34,14],"tags":[],"class_list":["post-4948","post","type-post","status-publish","format-standard","has-post-thumbnail","hentry","category-rio-cuarto","category-rio-tercero","category-seccionales","category-villa-maria"],"jetpack_featured_media_url":"https:\/\/atecordoba.org\/wp-content\/uploads\/2020\/05\/logo-nuevochico-e1561581322808.png","_links":{"self":[{"href":"https:\/\/atecordoba.org\/index.php?rest_route=\/wp\/v2\/posts\/4948","targetHints":{"allow":["GET"]}}],"collection":[{"href":"https:\/\/atecordoba.org\/index.php?rest_route=\/wp\/v2\/posts"}],"about":[{"href":"https:\/\/atecordoba.org\/index.php?rest_route=\/wp\/v2\/types\/post"}],"author":[{"embeddable":true,"href":"https:\/\/atecordoba.org\/index.php?rest_route=\/wp\/v2\/users\/1"}],"replies":[{"embeddable":true,"href":"https:\/\/atecordoba.org\/index.php?rest_route=%2Fwp%2Fv2%2Fcomments&post=4948"}],"version-history":[{"count":1,"href":"https:\/\/atecordoba.org\/index.php?rest_route=\/wp\/v2\/posts\/4948\/revisions"}],"predecessor-version":[{"id":20124,"href":"https:\/\/atecordoba.org\/index.php?rest_route=\/wp\/v2\/posts\/4948\/revisions\/20124"}],"wp:featuredmedia":[{"embeddable":true,"href":"https:\/\/atecordoba.org\/index.php?rest_route=\/wp\/v2\/media\/19220"}],"wp:attachment":[{"href":"https:\/\/atecordoba.org\/index.php?rest_route=%2Fwp%2Fv2%2Fmedia&parent=4948"}],"wp:term":[{"taxonomy":"category","embeddable":true,"href":"https:\/\/atecordoba.org\/index.php?rest_route=%2Fwp%2Fv2%2Fcategories&post=4948"},{"taxonomy":"post_tag","embeddable":true,"href":"https:\/\/atecordoba.org\/index.php?rest_route=%2Fwp%2Fv2%2Ftags&post=4948"}],"curies":[{"name":"wp","href":"https:\/\/api.w.org\/{rel}","templated":true}]}}