{"id":49479,"date":"2025-07-08T11:13:14","date_gmt":"2025-07-08T14:13:14","guid":{"rendered":"https:\/\/atecordoba.org\/?p=49479"},"modified":"2025-07-08T11:13:14","modified_gmt":"2025-07-08T14:13:14","slug":"parques-nacionales-milei-extiende-el-maltrato-institucional-al-imponer-contratos-mensuales-a-las-os-guardaparques-precarizados","status":"publish","type":"post","link":"https:\/\/atecordoba.org\/?p=49479","title":{"rendered":"Parques Nacionales: Milei extiende el maltrato institucional al imponer contratos mensuales a las\/os Guardaparques precarizados"},"content":{"rendered":"<p><img loading=\"lazy\" decoding=\"async\" class=\"aligncenter wp-image-49480 \" src=\"https:\/\/atecordoba.org\/wp-content\/uploads\/2025\/07\/bandera.jpg\" alt=\"\" width=\"615\" height=\"346\" srcset=\"https:\/\/atecordoba.org\/wp-content\/uploads\/2025\/07\/bandera.jpg 1599w, https:\/\/atecordoba.org\/wp-content\/uploads\/2025\/07\/bandera-300x169.jpg 300w, https:\/\/atecordoba.org\/wp-content\/uploads\/2025\/07\/bandera-1024x576.jpg 1024w, https:\/\/atecordoba.org\/wp-content\/uploads\/2025\/07\/bandera-768x432.jpg 768w, https:\/\/atecordoba.org\/wp-content\/uploads\/2025\/07\/bandera-1536x864.jpg 1536w, https:\/\/atecordoba.org\/wp-content\/uploads\/2025\/07\/bandera-750x422.jpg 750w, https:\/\/atecordoba.org\/wp-content\/uploads\/2025\/07\/bandera-1140x641.jpg 1140w\" sizes=\"auto, (max-width: 615px) 100vw, 615px\" \/>La Coordinaci\u00f3n Nacional de ATE en Parques Nacionales denunci\u00f3 el presente que viven los trabajadores\/as contratados\/as del organismo en el interior del pa\u00eds, al describir un nuevo ataque hacia los profesionales, administrativos, t\u00e9cnicos y Brigadistas de incendios forestales contratados, mediante la renovaci\u00f3n mensual de los contratos, situaci\u00f3n que extrema la precariedad laboral y somete a las familias a penar cada mes sobre la conservaci\u00f3n o no de sus puestos de trabajo.<\/p>\n<p>\u201cLas autoridades de la Administraci\u00f3n de Parques Nacionales (APN) por decisi\u00f3n del Presidente del directorio, arquitecto Sergio \u00c1lvarez, han \u00a0enviado a la firma del personal los contratos con duraci\u00f3n de <strong>un solo mes, con vigencia hasta el 31 de julio<\/strong>. M\u00e1s de 600 familias de trabajadores\/as de APN en cada una de las \u00c1reas naturales protegidas del pa\u00eds, y sectores t\u00e9cnicos sufren esta arbitrariedad ileg\u00edtima\u201d, denunci\u00f3 ATE.<\/p>\n<p>\u201cUn verdadero maltrato a personal que, con antig\u00fcedades que van desde los 5 a 20 a\u00f1os, ya ven\u00eda sufriendo la precarizaci\u00f3n y ahora la pauperizaci\u00f3n total de su vida y planificaci\u00f3n familiar. Este ataque pone en riesgo la planificaci\u00f3n y las labores de conservaci\u00f3n, cuidado y rescate en cada Parque Nacional\u201d, remarcan las y los compa\u00f1eros del organismo.<\/p>\n<p>En tal sentido, el personal exige a las autoridades que reciban al Consejo Directivo Nacional de ATE y a su Coordinaci\u00f3n Nacional de ATE Parques, quienes, con vocaci\u00f3n de di\u00e1logo constante y fuerte preocupaci\u00f3n por este presente, solicitaron formalmente una reuni\u00f3n el d\u00eda 24 de junio del corriente.<\/p>\n<blockquote><p>\u201cExigimos la renovaci\u00f3n de todos los contratos hasta fin de a\u00f1o y la posterior renovaci\u00f3n y estabilidad anual como corresponde en el marco de la ley, hasta el pase definitivo a planta permanente\u201d.<\/p><\/blockquote>\n<p><strong>En Parques Nacionales falta personal, falta estabilidad y faltan salarios dignos.<\/strong><\/p>\n<p>\u201cAquel que no plantee esto, solo est\u00e1 haci\u00e9ndole el juego al desmanejo de las \u00c1reas protegidas y siendo c\u00f3mplice de la destrucci\u00f3n de un organismo fundamental para la protecci\u00f3n de nuestros bienes comunes y el ambiente. Sin trabajadores no hay conservaci\u00f3n\u201d, finalizan desde el sector.<\/p>\n","protected":false},"excerpt":{"rendered":"<p>La Coordinaci\u00f3n Nacional de ATE en Parques Nacionales denunci\u00f3 el presente que viven los trabajadores\/as contratados\/as del organismo en el interior del pa\u00eds, al describir un nuevo ataque hacia los profesionales, administrativos, t\u00e9cnicos y Brigadistas de incendios forestales contratados, mediante la renovaci\u00f3n mensual de los contratos, situaci\u00f3n que extrema la precariedad laboral y somete a [&hellip;]<\/p>\n","protected":false},"author":7,"featured_media":49480,"comment_status":"open","ping_status":"open","sticky":false,"template":"","format":"standard","meta":{"_exactmetrics_skip_tracking":false,"_exactmetrics_sitenote_active":false,"_exactmetrics_sitenote_note":"","_exactmetrics_sitenote_category":0,"jnews-multi-image_gallery":[],"jnews_single_post":{"format":"standard","override":[{"template":"1","parallax":"1","fullscreen":"1","layout":"no-sidebar-narrow","sidebar":"default-sidebar","second_sidebar":"default-sidebar","sticky_sidebar":"1","share_position":"bottom","share_float_style":"share-monocrhome","show_share_counter":"1","show_view_counter":"1","show_post_meta":"1","show_post_author_image":"1","show_post_date":"1","post_date_format":"default","post_date_format_custom":"Y\/m\/d","show_post_category":"1","show_post_reading_time":"0","post_reading_time_wpm":"300","post_calculate_word_method":"str_word_count","show_zoom_button":"0","zoom_button_out_step":"2","zoom_button_in_step":"3","show_post_tag":"1","number_popup_post":"1","show_post_related":"1","show_inline_post_related":"0"}],"image_override":[{"single_post_thumbnail_size":"crop-500","single_post_gallery_size":"crop-500"}],"trending_post_position":"meta","trending_post_label":"Trending","sponsored_post_label":"Sponsored by","disable_ad":"0"},"jnews_primary_category":[],"jnews_social_meta":[],"jnews_review":[],"enable_review":"","type":"percentage","name":"","summary":"","brand":"","sku":"","good":[],"bad":[],"score_override":"","override_value":"","rating":[],"price":[],"jnews_override_counter":{"view_counter_number":"0","share_counter_number":"0","like_counter_number":"0","dislike_counter_number":"0"},"jnews_post_split":{"post_split":[{"template":"1","tag":"h2","numbering":"asc","mode":"normal","first":"0","enable_toc":"0","toc_type":"normal"}]},"footnotes":""},"categories":[18],"tags":[],"class_list":["post-49479","post","type-post","status-publish","format-standard","has-post-thumbnail","hentry","category-nacionales"],"jetpack_featured_media_url":"https:\/\/atecordoba.org\/wp-content\/uploads\/2025\/07\/bandera.jpg","_links":{"self":[{"href":"https:\/\/atecordoba.org\/index.php?rest_route=\/wp\/v2\/posts\/49479","targetHints":{"allow":["GET"]}}],"collection":[{"href":"https:\/\/atecordoba.org\/index.php?rest_route=\/wp\/v2\/posts"}],"about":[{"href":"https:\/\/atecordoba.org\/index.php?rest_route=\/wp\/v2\/types\/post"}],"author":[{"embeddable":true,"href":"https:\/\/atecordoba.org\/index.php?rest_route=\/wp\/v2\/users\/7"}],"replies":[{"embeddable":true,"href":"https:\/\/atecordoba.org\/index.php?rest_route=%2Fwp%2Fv2%2Fcomments&post=49479"}],"version-history":[{"count":1,"href":"https:\/\/atecordoba.org\/index.php?rest_route=\/wp\/v2\/posts\/49479\/revisions"}],"predecessor-version":[{"id":49481,"href":"https:\/\/atecordoba.org\/index.php?rest_route=\/wp\/v2\/posts\/49479\/revisions\/49481"}],"wp:featuredmedia":[{"embeddable":true,"href":"https:\/\/atecordoba.org\/index.php?rest_route=\/wp\/v2\/media\/49480"}],"wp:attachment":[{"href":"https:\/\/atecordoba.org\/index.php?rest_route=%2Fwp%2Fv2%2Fmedia&parent=49479"}],"wp:term":[{"taxonomy":"category","embeddable":true,"href":"https:\/\/atecordoba.org\/index.php?rest_route=%2Fwp%2Fv2%2Fcategories&post=49479"},{"taxonomy":"post_tag","embeddable":true,"href":"https:\/\/atecordoba.org\/index.php?rest_route=%2Fwp%2Fv2%2Ftags&post=49479"}],"curies":[{"name":"wp","href":"https:\/\/api.w.org\/{rel}","templated":true}]}}