{"id":49475,"date":"2025-07-08T10:17:22","date_gmt":"2025-07-08T13:17:22","guid":{"rendered":"https:\/\/atecordoba.org\/?p=49475"},"modified":"2025-07-08T10:17:22","modified_gmt":"2025-07-08T13:17:22","slug":"ate-rechaza-el-cierre-de-vialidad-nacional-y-exige-a-los-gobernadores-que-pongan-la-cara","status":"publish","type":"post","link":"https:\/\/atecordoba.org\/?p=49475","title":{"rendered":"ATE rechaza el cierre de Vialidad Nacional y exige a los gobernadores &#8220;que pongan la cara&#8221;"},"content":{"rendered":"<p><img loading=\"lazy\" decoding=\"async\" class=\"aligncenter wp-image-49476 \" src=\"https:\/\/atecordoba.org\/wp-content\/uploads\/2025\/07\/aguiar-bandera-colo-1024x682.jpg\" alt=\"\" width=\"617\" height=\"411\" \/>Luego del anuncio del vocero Manuel Adorni de cerrar la Direcci\u00f3n Nacional de Vialidad, el Secretario General de ATE Nacional, Rodolfo Aguiar, asegur\u00f3 que \u201cse ponen en riesgo millones de vidas\u201d y pidi\u00f3 la intervenci\u00f3n de los gobernadores.<\/p>\n<p>\u201cEl cierre de Vialidad Nacional implica un desinter\u00e9s total de este Gobierno insensible al que no le importan las vidas que se puedan perder por el estado de las rutas. En estos \u00faltimos 18 meses el abandono de nuestras autopistas ha sido notorio y, a partir de ahora, ser\u00e1 todo peor\u201d, augur\u00f3 el dirigente estatal.<\/p>\n<p>En este marco, Aguiar pidi\u00f3 a los gobernadores que \u201ctomen partido en favor de la gente\u201d. \u201cDeben dejar el letargo en el que se encuentran. Ahora tienen que saltar, los queremos ver poniendo la cara por cada uno de los distritos. Esto va a ser un retroceso sin precedentes para todas las provincias del pa\u00eds. Esto rompe la conectividad y lesiona de manera grave el federalismo, mutila el desarrollo de todas las regiones del pa\u00eds. Con el cierre de Vialidad, se ponen en riesgo la vida de millones de argentinos\u201d.<\/p>\n<p>\u201cEste decreto da nacimiento a mega negociados. Buscan privatizar tareas estrat\u00e9gicas como la del mantenimiento vial. Estamos ante el desmantelamiento de estructuras claves para la soberan\u00eda nacional. La creaci\u00f3n de una nueva Agencia de Control de Concesiones es la habilitaci\u00f3n de una gran caja negra para la pol\u00edtica\u201d, agreg\u00f3 el Secretario General de ATE Nacional.<\/p>\n<p>A partir de esta decisi\u00f3n, la prevenci\u00f3n y control del tr\u00e1nsito en las rutas nacionales y otros espacios del dominio p\u00fablico nacional pasar\u00edan exclusivamente a Gendarmer\u00eda.<\/p>\n<p>\u201cEs una ilegalidad manifiesta que a partir de ahora sea la Gendarmer\u00eda la que aborde la prevenci\u00f3n y el control de tr\u00e1nsito en las Rutas Nacionales y otros espacios p\u00fablicos. Es una militarizaci\u00f3n de las rutas\u201d, concluy\u00f3 Rodolfo Aguiar.<\/p>\n<p>De esta forma, el Sindicato profundizar\u00e1 las medidas de fuerza en todo el Estado Nacional.<\/p>\n","protected":false},"excerpt":{"rendered":"<p>Luego del anuncio del vocero Manuel Adorni de cerrar la Direcci\u00f3n Nacional de Vialidad, el Secretario General de ATE Nacional, Rodolfo Aguiar, asegur\u00f3 que \u201cse ponen en riesgo millones de vidas\u201d y pidi\u00f3 la intervenci\u00f3n de los gobernadores. \u201cEl cierre de Vialidad Nacional implica un desinter\u00e9s total de este Gobierno insensible al que no le [&hellip;]<\/p>\n","protected":false},"author":7,"featured_media":49476,"comment_status":"open","ping_status":"open","sticky":false,"template":"","format":"standard","meta":{"_exactmetrics_skip_tracking":false,"_exactmetrics_sitenote_active":false,"_exactmetrics_sitenote_note":"","_exactmetrics_sitenote_category":0,"jnews-multi-image_gallery":[],"jnews_single_post":{"format":"standard","override":[{"template":"1","parallax":"1","fullscreen":"1","layout":"no-sidebar-narrow","sidebar":"default-sidebar","second_sidebar":"default-sidebar","sticky_sidebar":"1","share_position":"bottom","share_float_style":"share-monocrhome","show_share_counter":"1","show_view_counter":"1","show_post_meta":"1","show_post_author_image":"1","show_post_date":"1","post_date_format":"default","post_date_format_custom":"Y\/m\/d","show_post_category":"1","show_post_reading_time":"0","post_reading_time_wpm":"300","post_calculate_word_method":"str_word_count","show_zoom_button":"0","zoom_button_out_step":"2","zoom_button_in_step":"3","show_post_tag":"1","number_popup_post":"1","show_post_related":"1","show_inline_post_related":"0"}],"image_override":[{"single_post_thumbnail_size":"crop-500","single_post_gallery_size":"crop-500"}],"trending_post_position":"meta","trending_post_label":"Trending","sponsored_post_label":"Sponsored by","disable_ad":"0"},"jnews_primary_category":[],"jnews_social_meta":[],"jnews_review":[],"enable_review":"","type":"percentage","name":"","summary":"","brand":"","sku":"","good":[],"bad":[],"score_override":"","override_value":"","rating":[],"price":[],"jnews_override_counter":{"view_counter_number":"0","share_counter_number":"0","like_counter_number":"0","dislike_counter_number":"0"},"jnews_post_split":{"post_split":[{"template":"1","tag":"h2","numbering":"asc","mode":"normal","first":"0","enable_toc":"0","toc_type":"normal"}]},"footnotes":""},"categories":[18],"tags":[],"class_list":["post-49475","post","type-post","status-publish","format-standard","has-post-thumbnail","hentry","category-nacionales"],"jetpack_featured_media_url":"https:\/\/atecordoba.org\/wp-content\/uploads\/2025\/07\/aguiar-bandera-colo-e1751980629762.jpg","_links":{"self":[{"href":"https:\/\/atecordoba.org\/index.php?rest_route=\/wp\/v2\/posts\/49475","targetHints":{"allow":["GET"]}}],"collection":[{"href":"https:\/\/atecordoba.org\/index.php?rest_route=\/wp\/v2\/posts"}],"about":[{"href":"https:\/\/atecordoba.org\/index.php?rest_route=\/wp\/v2\/types\/post"}],"author":[{"embeddable":true,"href":"https:\/\/atecordoba.org\/index.php?rest_route=\/wp\/v2\/users\/7"}],"replies":[{"embeddable":true,"href":"https:\/\/atecordoba.org\/index.php?rest_route=%2Fwp%2Fv2%2Fcomments&post=49475"}],"version-history":[{"count":1,"href":"https:\/\/atecordoba.org\/index.php?rest_route=\/wp\/v2\/posts\/49475\/revisions"}],"predecessor-version":[{"id":49477,"href":"https:\/\/atecordoba.org\/index.php?rest_route=\/wp\/v2\/posts\/49475\/revisions\/49477"}],"wp:featuredmedia":[{"embeddable":true,"href":"https:\/\/atecordoba.org\/index.php?rest_route=\/wp\/v2\/media\/49476"}],"wp:attachment":[{"href":"https:\/\/atecordoba.org\/index.php?rest_route=%2Fwp%2Fv2%2Fmedia&parent=49475"}],"wp:term":[{"taxonomy":"category","embeddable":true,"href":"https:\/\/atecordoba.org\/index.php?rest_route=%2Fwp%2Fv2%2Fcategories&post=49475"},{"taxonomy":"post_tag","embeddable":true,"href":"https:\/\/atecordoba.org\/index.php?rest_route=%2Fwp%2Fv2%2Ftags&post=49475"}],"curies":[{"name":"wp","href":"https:\/\/api.w.org\/{rel}","templated":true}]}}