{"id":49467,"date":"2025-07-07T15:14:54","date_gmt":"2025-07-07T18:14:54","guid":{"rendered":"https:\/\/atecordoba.org\/?p=49467"},"modified":"2025-07-07T15:30:08","modified_gmt":"2025-07-07T18:30:08","slug":"la-paz-avance-en-la-agenda-gremial-con-la-municipalidad","status":"publish","type":"post","link":"https:\/\/atecordoba.org\/?p=49467","title":{"rendered":"La Paz: avance en la agenda gremial con la Municipalidad"},"content":{"rendered":"<p><img loading=\"lazy\" decoding=\"async\" class=\"aligncenter wp-image-49468\" src=\"https:\/\/atecordoba.org\/wp-content\/uploads\/2025\/07\/WhatsApp-Image-2025-07-07-at-13.46.43-1-1024x576.jpeg\" alt=\"\" width=\"601\" height=\"338\"><\/p>\n<p>Hoy ATE llev\u00f3 a cabo una audiencia paritaria con la Municipalidad de La Paz, con la presencia del Intendente Ram\u00f3n Funes, en tanto la comitiva estatal estuvo integrada la secretaria de Prensa Julia Giuliani, la delegada de ATE en el sector Noelia Sol\u00e1, junto a la referente regional de ATE Claudia Ortega.<\/p>\n<p>En la oportunidad, ATE solicit\u00f3 una recomposici\u00f3n del 25% de los haberes y la patronal contraofert\u00f3 el 10% de aumento salarial, porcentaje considerado insuficiente para nuestra organizaci\u00f3n, por lo que qued\u00f3 pendiente abordar en lo sucesivo para avanzar en la resoluci\u00f3n de la demanda.<\/p>\n<p>Por otro lado se avanz\u00f3 en una serie de acuerdos con el Departamento Ejecutivo.<\/p>\n<p>En tal sentido, se acord\u00f3 fijar que las vacaciones del personal se computar\u00e1n por d\u00edas h\u00e1biles para el personal de salud, a la vez que Funes garantiz\u00f3 el mantenimiento del 33% del recupero para los ingresos del sector.<\/p>\n<p>ATE solicit\u00f3 la reforma y actualizaci\u00f3n del Estatuto Municipal y la conformaci\u00f3n de una Mesa de Relaciones Laborales que se re\u00fana mensualmente, para abordar la reforma estatutaria, as\u00ed como las recategorizaciones y pase a planta permanente del personal que cumple los requisitos legales.<\/p>\n<p>Adem\u00e1s, ATE requiri\u00f3 el blanqueo del bono de 100 mil pesos, medida acordada con el Departamento Ejecutivo, que no impactar\u00e1 en una reducci\u00f3n del haber de bolsillo. Al respecto, el intendente solicit\u00f3 que ATE presente una nota firmada por las y los municipales, expresando su aval a la medida, compromiso asumido por nuestra organizaci\u00f3n.<\/p>\n<p>Por otro lado, se solicit\u00f3 que la Municipalidad complete la entrega de las mudas de ropa invernales al personal, ante lo que Funes inform\u00f3 que se continuar\u00e1 dicha operaci\u00f3n con el personal de las \u00e1reas Tr\u00e1nsito y Calle.<\/p>\n<p>En el \u00faltimo tramo de la negociaci\u00f3n, ATE expres\u00f3 la urgencia necesaria para el tratamiento de los proyectos de Licencia por Violencia de G\u00e9nero y licencia sanitaria, presentados en marzo pasado, a lo que el Municipio se comprometi\u00f3 a tratar ambos proyectos.<\/p>\n<p>Finalmente, se pact\u00f3 una nueva reuni\u00f3n entre ATE y el Departamento Ejecutivo para la primera semana de agosto.<\/p>\n","protected":false},"excerpt":{"rendered":"<p>Hoy ATE llev\u00f3 a cabo una audiencia paritaria con la Municipalidad de La Paz, con la presencia del Intendente Ram\u00f3n Funes, en tanto la comitiva estatal estuvo integrada la secretaria de Prensa Julia Giuliani, la delegada de ATE en el sector Noelia Sol\u00e1, junto a la referente regional de ATE Claudia Ortega. En la oportunidad, [&hellip;]<\/p>\n","protected":false},"author":7,"featured_media":49468,"comment_status":"open","ping_status":"open","sticky":false,"template":"","format":"standard","meta":{"_exactmetrics_skip_tracking":false,"_exactmetrics_sitenote_active":false,"_exactmetrics_sitenote_note":"","_exactmetrics_sitenote_category":0,"jnews-multi-image_gallery":[],"jnews_single_post":{"format":"standard","override":[{"template":"1","parallax":"1","fullscreen":"1","layout":"no-sidebar-narrow","sidebar":"default-sidebar","second_sidebar":"default-sidebar","sticky_sidebar":"1","share_position":"bottom","share_float_style":"share-monocrhome","show_share_counter":"1","show_view_counter":"1","show_post_meta":"1","show_post_author_image":"1","show_post_date":"1","post_date_format":"default","post_date_format_custom":"Y\/m\/d","show_post_category":"1","show_post_reading_time":"0","post_reading_time_wpm":"300","post_calculate_word_method":"str_word_count","show_zoom_button":"0","zoom_button_out_step":"2","zoom_button_in_step":"3","show_post_tag":"1","number_popup_post":"1","show_post_related":"1","show_inline_post_related":"0"}],"image_override":[{"single_post_thumbnail_size":"crop-500","single_post_gallery_size":"crop-500"}],"trending_post_position":"meta","trending_post_label":"Trending","sponsored_post_label":"Sponsored by","disable_ad":"0"},"jnews_primary_category":[],"jnews_social_meta":[],"jnews_review":[],"enable_review":"","type":"percentage","name":"","summary":"","brand":"","sku":"","good":[],"bad":[],"score_override":"","override_value":"","rating":[],"price":[],"jnews_override_counter":{"view_counter_number":"0","share_counter_number":"0","like_counter_number":"0","dislike_counter_number":"0"},"jnews_post_split":{"post_split":[{"template":"1","tag":"h2","numbering":"asc","mode":"normal","first":"0","enable_toc":"0","toc_type":"normal"}]},"footnotes":""},"categories":[20],"tags":[],"class_list":["post-49467","post","type-post","status-publish","format-standard","has-post-thumbnail","hentry","category-municipales"],"jetpack_featured_media_url":"https:\/\/atecordoba.org\/wp-content\/uploads\/2025\/07\/WhatsApp-Image-2025-07-07-at-13.46.43-1-scaled-e1751912074158.jpeg","_links":{"self":[{"href":"https:\/\/atecordoba.org\/index.php?rest_route=\/wp\/v2\/posts\/49467","targetHints":{"allow":["GET"]}}],"collection":[{"href":"https:\/\/atecordoba.org\/index.php?rest_route=\/wp\/v2\/posts"}],"about":[{"href":"https:\/\/atecordoba.org\/index.php?rest_route=\/wp\/v2\/types\/post"}],"author":[{"embeddable":true,"href":"https:\/\/atecordoba.org\/index.php?rest_route=\/wp\/v2\/users\/7"}],"replies":[{"embeddable":true,"href":"https:\/\/atecordoba.org\/index.php?rest_route=%2Fwp%2Fv2%2Fcomments&post=49467"}],"version-history":[{"count":4,"href":"https:\/\/atecordoba.org\/index.php?rest_route=\/wp\/v2\/posts\/49467\/revisions"}],"predecessor-version":[{"id":49473,"href":"https:\/\/atecordoba.org\/index.php?rest_route=\/wp\/v2\/posts\/49467\/revisions\/49473"}],"wp:featuredmedia":[{"embeddable":true,"href":"https:\/\/atecordoba.org\/index.php?rest_route=\/wp\/v2\/media\/49468"}],"wp:attachment":[{"href":"https:\/\/atecordoba.org\/index.php?rest_route=%2Fwp%2Fv2%2Fmedia&parent=49467"}],"wp:term":[{"taxonomy":"category","embeddable":true,"href":"https:\/\/atecordoba.org\/index.php?rest_route=%2Fwp%2Fv2%2Fcategories&post=49467"},{"taxonomy":"post_tag","embeddable":true,"href":"https:\/\/atecordoba.org\/index.php?rest_route=%2Fwp%2Fv2%2Ftags&post=49467"}],"curies":[{"name":"wp","href":"https:\/\/api.w.org\/{rel}","templated":true}]}}