{"id":49464,"date":"2025-07-07T14:19:53","date_gmt":"2025-07-07T17:19:53","guid":{"rendered":"https:\/\/atecordoba.org\/?p=49464"},"modified":"2025-07-07T14:19:53","modified_gmt":"2025-07-07T17:19:53","slug":"la-mesa-de-ciencia-y-tecnica-repudia-el-nuevo-ataque-de-sturzenegger-al-desarrollo-nacional","status":"publish","type":"post","link":"https:\/\/atecordoba.org\/?p=49464","title":{"rendered":"La Mesa de Ciencia y T\u00e9cnica repudia el nuevo ataque de Sturzenegger al desarrollo nacional"},"content":{"rendered":"<p><img loading=\"lazy\" decoding=\"async\" class=\"aligncenter wp-image-49458 size-full\" src=\"https:\/\/atecordoba.org\/wp-content\/uploads\/2025\/07\/mesa-ciencia-y-tecnica.jpeg\" alt=\"\" width=\"576\" height=\"302\" srcset=\"https:\/\/atecordoba.org\/wp-content\/uploads\/2025\/07\/mesa-ciencia-y-tecnica.jpeg 576w, https:\/\/atecordoba.org\/wp-content\/uploads\/2025\/07\/mesa-ciencia-y-tecnica-300x157.jpeg 300w\" sizes=\"auto, (max-width: 576px) 100vw, 576px\" \/>El viernes 4 de julio, desde el Ministerio de Desregulaci\u00f3n y Transformaci\u00f3n del Estado, encabezado por Federico Sturzenegger, se publicaron en el sistema GDE los contenidos preliminares de un decreto que podr\u00eda marcar uno de los retrocesos m\u00e1s significativos en la historia reciente de nuestro sistema cient\u00edfico-tecnol\u00f3gico.<\/p>\n<p>En uso de las atribuciones conferidas por la Ley de Bases, el decreto propone la disoluci\u00f3n de m\u00faltiples organismos nacionales y la dr\u00e1stica degradaci\u00f3n de otros -como el INTI y el INTA-, reduciendo sus capacidades operativas, presupuestarias y territoriales.<\/p>\n<p>Esto no es un hecho aislado, se inscribe en un proceso m\u00e1s amplio de desfinanciamiento y desarticulaci\u00f3n del sistema de Ciencia y Tecnolog\u00eda, que incluye:<\/p>\n<ul>\n<li>M\u00e1s del 40% de reducci\u00f3n presupuestaria.<\/li>\n<li>M\u00e1s del 30% de p\u00e9rdida salarial en t\u00e9rminos reales.<\/li>\n<li>Paralizaci\u00f3n de los fondos de investigaci\u00f3n y desarrollo (I+D).<\/li>\n<li>Fuga masiva de cient\u00edficos\/as, profesionales y t\u00e9cnicos\/as altamente calificados.<\/li>\n<\/ul>\n<p>El reciente DNU 447\/2025 profundiz\u00f3 esta tendencia debilitando el car\u00e1cter federal de la Agencia I+D+i y reduciendo a\u00fan m\u00e1s sus capacidades.<\/p>\n<p><strong>\u00bfC\u00f3mo afecta a la Argentina?<\/strong><\/p>\n<p>Los organismos alcanzados (INTA, INTI, INAFCI, INASE, INV, INPI, ARICCAME, entre otros) han sido fundamentales para impulsar el desarrollo productivo federal, el agregado de valor nacional y la democratizaci\u00f3n del conocimiento.<\/p>\n<p>Algunos de sus principales logros:<\/p>\n<ul>\n<li>Creaci\u00f3n de laboratorios de calibraci\u00f3n y normalizaci\u00f3n industrial (IRAM e ISO).<\/li>\n<li>Desarrollo de centros tecnol\u00f3gicos sectoriales (textiles, electr\u00f3nica, biotecnolog\u00eda, metalmec\u00e1nica, cueros, madera, eficiencia energ\u00e9tica y energ\u00edas renovables, entre otros).<\/li>\n<li>Asistencia t\u00e9cnica a PYMEs en tecnolog\u00edas 4.0 para impulsar la automatizaci\u00f3n, rob\u00f3tica, IoT.<\/li>\n<li>Plataforma de Servicios Tecnol\u00f3gicos para PYMEs (2021), con enfoque federal.<\/li>\n<li>Introducci\u00f3n de semillas h\u00edbridas y variedades mejoradas de ma\u00edz y trigo.<\/li>\n<li>Programas de mejoramiento gen\u00e9tico vegetal y animal de alcance nacional.<\/li>\n<li>Agricultura de precisi\u00f3n y sensores remotos con tecnolog\u00eda espacial.<\/li>\n<li>Bioinsumos, biopl\u00e1sticos, energ\u00edas renovables rurales y bioeconom\u00eda circular.<\/li>\n<li>Programas de producci\u00f3n agroecol\u00f3gica con agricultores familiares y<\/li>\n<\/ul>\n<p>cooperativas.<\/p>\n<p>Cada uno de estos avances fue posible gracias a una estructura institucional s\u00f3lida, territorialmente distribuida, aut\u00f3noma y con visi\u00f3n de pa\u00eds.<\/p>\n<p><strong>Una Argentina que se repliega<\/strong><\/p>\n<p>La intenci\u00f3n de eliminar o provincializar estos organismos sin garantizar financiamiento, no solo implica despidos masivos sino tambi\u00e9n una p\u00e9rdida de capacidades estrat\u00e9gicas acumuladas durante d\u00e9cadas. Es un ataque directo a la idea de una Argentina federal, integrada y con posibilidades reales de desarrollo aut\u00f3nomo.<\/p>\n<p>El modelo que impulsa el gobierno de La Libertad Avanza es funcional a un pa\u00eds que exporta materias primas sin valor agregado, prescinde de capacidades tecnol\u00f3gicas propias y condenando a los y las j\u00f3venes a elegir entre el trabajo precario o la emigraci\u00f3n.<\/p>\n<p>Este modelo no requiere instituciones cient\u00edficas, universidades p\u00fablicas, ni pol\u00edticas de desarrollo territorial. Mientras sostiene el esquema cambiario que desaceler\u00f3 la inflaci\u00f3n en base a la ficci\u00f3n que ya hemos vivido del carry and trade y que todos sabemos c\u00f3mo terminar\u00e1, hace esfuerzos ingentes por cristalizar un modelo de desigualdad basado en la precarizaci\u00f3n laboral y que solo necesita oficinas para firmar concesiones extractivas en CABA. Este modelo es el que el Presidente de la Naci\u00f3n y el Ministro de Econom\u00eda reivindican poniendo como ejemplo al Per\u00fa, donde la clase media como nosotros la conocemos solo representa un 8% de la poblaci\u00f3n, la clase alta es un 0.9% y el resto de la poblaci\u00f3n vive en condiciones de pobreza de diferentes grados, con un 31% en condiciones de pobreza extrema, sin ingresos fijos, sin servicios b\u00e1sicos, sin acceso salud ni educaci\u00f3n. Imponer este modelo tambi\u00e9n lleva a la persecuci\u00f3n de referentes pol\u00edticos opositores y periodistas d\u00edscolos que denuncian el devenir de las entregas y la barbarie que representan para nuestros valores como sociedad la ejecuci\u00f3n de este plan.<\/p>\n<p><strong>\u00bfPor qu\u00e9 se ataca al Sistema Nacional de Ciencia y Tecnolog\u00eda?<\/strong><\/p>\n<p>Porque representa un proyecto de pa\u00eds soberano, donde el conocimiento se pone al servicio del desarrollo, la innovaci\u00f3n y la justicia social.<\/p>\n<p>Porque durante d\u00e9cadas, incluso en contextos adversos, el sistema cient\u00edfico y tecnol\u00f3gico argentino:<\/p>\n<ul>\n<li>Form\u00f3 profesionales de excelencia reconocidos mundialmente.<\/li>\n<li>Logr\u00f3 avances en aeron\u00e1utica, energ\u00eda nuclear, tecnolog\u00eda espacial y agroindustria.<\/li>\n<li>Contribuy\u00f3 a la movilidad social y a la creaci\u00f3n de empleo de calidad.<\/li>\n<\/ul>\n<p>Y porque ese proyecto de pa\u00eds \u2014desarrollista, igualitario, federal\u2014 es incompatible con el modelo de dependencia, precariedad y concentraci\u00f3n que hoy se impulsa desde el gobierno del Presidente Javier Milei y sus aliados legislativos.<\/p>\n<p><strong>En defensa de una Argentina con futuro<\/strong><\/p>\n<p>No se trata solo de instituciones. Se trata del pa\u00eds que queremos construir: uno donde el conocimiento se valore, donde haya trabajo digno, donde el desarrollo llegue a todas las regiones y las futuras generaciones tengan derecho a la educaci\u00f3n, salud y un trabajo digno, con derechos laborales y que la salida de nuestros j\u00f3venes no sea Ezeiza. Una Argentina donde quepamos todos y el Estado sea un impulsor del bien com\u00fan.<\/p>\n","protected":false},"excerpt":{"rendered":"<p>El viernes 4 de julio, desde el Ministerio de Desregulaci\u00f3n y Transformaci\u00f3n del Estado, encabezado por Federico Sturzenegger, se publicaron en el sistema GDE los contenidos preliminares de un decreto que podr\u00eda marcar uno de los retrocesos m\u00e1s significativos en la historia reciente de nuestro sistema cient\u00edfico-tecnol\u00f3gico. En uso de las atribuciones conferidas por la [&hellip;]<\/p>\n","protected":false},"author":7,"featured_media":49458,"comment_status":"open","ping_status":"open","sticky":false,"template":"","format":"standard","meta":{"_exactmetrics_skip_tracking":false,"_exactmetrics_sitenote_active":false,"_exactmetrics_sitenote_note":"","_exactmetrics_sitenote_category":0,"jnews-multi-image_gallery":[],"jnews_single_post":{"format":"standard","override":[{"template":"1","parallax":"1","fullscreen":"1","layout":"no-sidebar-narrow","sidebar":"default-sidebar","second_sidebar":"default-sidebar","sticky_sidebar":"1","share_position":"bottom","share_float_style":"share-monocrhome","show_share_counter":"1","show_view_counter":"1","show_post_meta":"1","show_post_author_image":"1","show_post_date":"1","post_date_format":"default","post_date_format_custom":"Y\/m\/d","show_post_category":"1","show_post_reading_time":"0","post_reading_time_wpm":"300","post_calculate_word_method":"str_word_count","show_zoom_button":"0","zoom_button_out_step":"2","zoom_button_in_step":"3","show_post_tag":"1","number_popup_post":"1","show_post_related":"1","show_inline_post_related":"0"}],"image_override":[{"single_post_thumbnail_size":"crop-500","single_post_gallery_size":"crop-500"}],"trending_post_position":"meta","trending_post_label":"Trending","sponsored_post_label":"Sponsored by","disable_ad":"0"},"jnews_primary_category":[],"jnews_social_meta":[],"jnews_review":[],"enable_review":"","type":"percentage","name":"","summary":"","brand":"","sku":"","good":[],"bad":[],"score_override":"","override_value":"","rating":[],"price":[],"jnews_override_counter":{"view_counter_number":"0","share_counter_number":"0","like_counter_number":"0","dislike_counter_number":"0"},"jnews_post_split":{"post_split":[{"template":"1","tag":"h2","numbering":"asc","mode":"normal","first":"0","enable_toc":"0","toc_type":"normal"}]},"footnotes":""},"categories":[18],"tags":[],"class_list":["post-49464","post","type-post","status-publish","format-standard","has-post-thumbnail","hentry","category-nacionales"],"jetpack_featured_media_url":"https:\/\/atecordoba.org\/wp-content\/uploads\/2025\/07\/mesa-ciencia-y-tecnica.jpeg","_links":{"self":[{"href":"https:\/\/atecordoba.org\/index.php?rest_route=\/wp\/v2\/posts\/49464","targetHints":{"allow":["GET"]}}],"collection":[{"href":"https:\/\/atecordoba.org\/index.php?rest_route=\/wp\/v2\/posts"}],"about":[{"href":"https:\/\/atecordoba.org\/index.php?rest_route=\/wp\/v2\/types\/post"}],"author":[{"embeddable":true,"href":"https:\/\/atecordoba.org\/index.php?rest_route=\/wp\/v2\/users\/7"}],"replies":[{"embeddable":true,"href":"https:\/\/atecordoba.org\/index.php?rest_route=%2Fwp%2Fv2%2Fcomments&post=49464"}],"version-history":[{"count":1,"href":"https:\/\/atecordoba.org\/index.php?rest_route=\/wp\/v2\/posts\/49464\/revisions"}],"predecessor-version":[{"id":49465,"href":"https:\/\/atecordoba.org\/index.php?rest_route=\/wp\/v2\/posts\/49464\/revisions\/49465"}],"wp:featuredmedia":[{"embeddable":true,"href":"https:\/\/atecordoba.org\/index.php?rest_route=\/wp\/v2\/media\/49458"}],"wp:attachment":[{"href":"https:\/\/atecordoba.org\/index.php?rest_route=%2Fwp%2Fv2%2Fmedia&parent=49464"}],"wp:term":[{"taxonomy":"category","embeddable":true,"href":"https:\/\/atecordoba.org\/index.php?rest_route=%2Fwp%2Fv2%2Fcategories&post=49464"},{"taxonomy":"post_tag","embeddable":true,"href":"https:\/\/atecordoba.org\/index.php?rest_route=%2Fwp%2Fv2%2Ftags&post=49464"}],"curies":[{"name":"wp","href":"https:\/\/api.w.org\/{rel}","templated":true}]}}