{"id":49453,"date":"2025-07-07T13:22:36","date_gmt":"2025-07-07T16:22:36","guid":{"rendered":"https:\/\/atecordoba.org\/?p=49453"},"modified":"2025-07-07T13:22:36","modified_gmt":"2025-07-07T16:22:36","slug":"ate-solicita-que-se-reabra-la-inscripcion-del-boleto-rural-para-las-trabajadoras-de-paicor-de-traslasierra","status":"publish","type":"post","link":"https:\/\/atecordoba.org\/?p=49453","title":{"rendered":"ATE solicita que se reabra la inscripci\u00f3n del boleto rural para las trabajadoras de PAICOR de Traslasierra"},"content":{"rendered":"<p><img loading=\"lazy\" decoding=\"async\" class=\"aligncenter wp-image-49454 \" src=\"https:\/\/atecordoba.org\/wp-content\/uploads\/2025\/07\/paicorpanalPORTADA.jpg\" alt=\"\" width=\"602\" height=\"450\" srcset=\"https:\/\/atecordoba.org\/wp-content\/uploads\/2025\/07\/paicorpanalPORTADA.jpg 897w, https:\/\/atecordoba.org\/wp-content\/uploads\/2025\/07\/paicorpanalPORTADA-300x224.jpg 300w, https:\/\/atecordoba.org\/wp-content\/uploads\/2025\/07\/paicorpanalPORTADA-768x574.jpg 768w, https:\/\/atecordoba.org\/wp-content\/uploads\/2025\/07\/paicorpanalPORTADA-750x560.jpg 750w\" sizes=\"auto, (max-width: 602px) 100vw, 602px\" \/>En una nota dirigida al secretario General de la Gobernaci\u00f3n, David Consalvi, ATE C\u00f3rdoba solicit\u00f3 la devoluci\u00f3n del boleto educativo rural para las trabajadoras del PAICOR que cumplen funciones en el Valle de Traslasierra.<\/p>\n<p>De esta forma, nuestra organizaci\u00f3n reclama la reapertura de las inscripciones para que las compa\u00f1eras\u00a0 que no alcanzaron a anotarse puedan a gozar de ese importante beneficio.<\/p>\n<p>&#8220;Pedimos el boleto educativo rural para las auxiliares de PAICOR de Traslasierra&#8221;, expres\u00f3 la compa\u00f1era Zulma Pereyra, que ha cumplido funciones durante 10 a\u00f1os en una escuela de Las Chacras y actualmente se encuentra trasladada a la localidad de El Quebracho.<\/p>\n<p>Las auxiliares de PAICOR cobran salarios que en promedio orillan los 500 mil pesos, de manera que se hace muy dif\u00edcil cubrir los costos de movilidad.<\/p>\n<p>Con el procedimiento actual, a principios de a\u00f1o la Provincia no abri\u00f3 el padr\u00f3n a nuevas inscripciones sino que solo renov\u00f3 los beneficios otorgados el a\u00f1o pasado. &#8220;Yo no tuve la posibilidad de inscribirme este a\u00f1o por eso desde ATE por eso pedimos al gobierno la reapertura del tr\u00e1mite&#8221;, concluy\u00f3 Pereyra.<\/p>\n","protected":false},"excerpt":{"rendered":"<p>En una nota dirigida al secretario General de la Gobernaci\u00f3n, David Consalvi, ATE C\u00f3rdoba solicit\u00f3 la devoluci\u00f3n del boleto educativo rural para las trabajadoras del PAICOR que cumplen funciones en el Valle de Traslasierra. De esta forma, nuestra organizaci\u00f3n reclama la reapertura de las inscripciones para que las compa\u00f1eras\u00a0 que no alcanzaron a anotarse puedan [&hellip;]<\/p>\n","protected":false},"author":7,"featured_media":49454,"comment_status":"open","ping_status":"open","sticky":false,"template":"","format":"standard","meta":{"_exactmetrics_skip_tracking":false,"_exactmetrics_sitenote_active":false,"_exactmetrics_sitenote_note":"","_exactmetrics_sitenote_category":0,"jnews-multi-image_gallery":[],"jnews_single_post":{"format":"standard","override":[{"template":"1","parallax":"1","fullscreen":"1","layout":"no-sidebar-narrow","sidebar":"default-sidebar","second_sidebar":"default-sidebar","sticky_sidebar":"1","share_position":"bottom","share_float_style":"share-monocrhome","show_share_counter":"1","show_view_counter":"1","show_post_meta":"1","show_post_author_image":"1","show_post_date":"1","post_date_format":"default","post_date_format_custom":"Y\/m\/d","show_post_category":"1","show_post_reading_time":"0","post_reading_time_wpm":"300","post_calculate_word_method":"str_word_count","show_zoom_button":"0","zoom_button_out_step":"2","zoom_button_in_step":"3","show_post_tag":"1","number_popup_post":"1","show_post_related":"1","show_inline_post_related":"0"}],"image_override":[{"single_post_thumbnail_size":"crop-500","single_post_gallery_size":"crop-500"}],"trending_post_position":"meta","trending_post_label":"Trending","sponsored_post_label":"Sponsored by","disable_ad":"0"},"jnews_primary_category":[],"jnews_social_meta":[],"jnews_review":[],"enable_review":"","type":"percentage","name":"","summary":"","brand":"","sku":"","good":[],"bad":[],"score_override":"","override_value":"","rating":[],"price":[],"jnews_override_counter":{"view_counter_number":"0","share_counter_number":"0","like_counter_number":"0","dislike_counter_number":"0"},"jnews_post_split":{"post_split":[{"template":"1","tag":"h2","numbering":"asc","mode":"normal","first":"0","enable_toc":"0","toc_type":"normal"}]},"footnotes":""},"categories":[8],"tags":[],"class_list":["post-49453","post","type-post","status-publish","format-standard","has-post-thumbnail","hentry","category-provinciales"],"jetpack_featured_media_url":"https:\/\/atecordoba.org\/wp-content\/uploads\/2025\/07\/paicorpanalPORTADA.jpg","_links":{"self":[{"href":"https:\/\/atecordoba.org\/index.php?rest_route=\/wp\/v2\/posts\/49453","targetHints":{"allow":["GET"]}}],"collection":[{"href":"https:\/\/atecordoba.org\/index.php?rest_route=\/wp\/v2\/posts"}],"about":[{"href":"https:\/\/atecordoba.org\/index.php?rest_route=\/wp\/v2\/types\/post"}],"author":[{"embeddable":true,"href":"https:\/\/atecordoba.org\/index.php?rest_route=\/wp\/v2\/users\/7"}],"replies":[{"embeddable":true,"href":"https:\/\/atecordoba.org\/index.php?rest_route=%2Fwp%2Fv2%2Fcomments&post=49453"}],"version-history":[{"count":1,"href":"https:\/\/atecordoba.org\/index.php?rest_route=\/wp\/v2\/posts\/49453\/revisions"}],"predecessor-version":[{"id":49455,"href":"https:\/\/atecordoba.org\/index.php?rest_route=\/wp\/v2\/posts\/49453\/revisions\/49455"}],"wp:featuredmedia":[{"embeddable":true,"href":"https:\/\/atecordoba.org\/index.php?rest_route=\/wp\/v2\/media\/49454"}],"wp:attachment":[{"href":"https:\/\/atecordoba.org\/index.php?rest_route=%2Fwp%2Fv2%2Fmedia&parent=49453"}],"wp:term":[{"taxonomy":"category","embeddable":true,"href":"https:\/\/atecordoba.org\/index.php?rest_route=%2Fwp%2Fv2%2Fcategories&post=49453"},{"taxonomy":"post_tag","embeddable":true,"href":"https:\/\/atecordoba.org\/index.php?rest_route=%2Fwp%2Fv2%2Ftags&post=49453"}],"curies":[{"name":"wp","href":"https:\/\/api.w.org\/{rel}","templated":true}]}}