{"id":49443,"date":"2025-07-07T10:22:28","date_gmt":"2025-07-07T13:22:28","guid":{"rendered":"https:\/\/atecordoba.org\/?p=49443"},"modified":"2025-07-07T10:46:31","modified_gmt":"2025-07-07T13:46:31","slug":"salsacate-la-municipalidad-no-pago-el-aguinaldo-y-ate-prepara-una-protesta-para-el-9-de-julio","status":"publish","type":"post","link":"https:\/\/atecordoba.org\/?p=49443","title":{"rendered":"Salsacate: la Municipalidad no pag\u00f3 el aguinaldo y ATE prepara una protesta para el 9 de julio"},"content":{"rendered":"<p><img loading=\"lazy\" decoding=\"async\" class=\"aligncenter wp-image-49444 \" src=\"https:\/\/atecordoba.org\/wp-content\/uploads\/2025\/07\/salsacate-muni-1024x576.jpg\" alt=\"\" width=\"616\" height=\"346\" \/>El pasado viernes 4 de julio se cumpli\u00f3 el plazo de pago del medio aguinaldo de los trabajadores municipales en la localidad, ATE intim\u00f3 hoy a la intendenta Karina Figueroa a que cumpla con su responsabilidad legal.<\/p>\n<p>Se trata de alrededor de 300 trabajadores y trabajadoras que no recibieron el SAC correspondiente al primer semestre del 2025.<\/p>\n<p>En ese marco, ATE lanz\u00f3 un plan de lucha cuya primer acci\u00f3n gremial ser\u00e1 una protesta p\u00fablica el pr\u00f3ximo 9 de julio, para expresar el repudio de la planta de personal al incumplimiento cometido por el Departamento Ejecutivo de Salsacate.<img loading=\"lazy\" decoding=\"async\" class=\"alignright wp-image-49445 \" src=\"https:\/\/atecordoba.org\/wp-content\/uploads\/2025\/07\/WhatsApp-Image-2025-07-07-at-09.16.31-819x1024.jpeg\" alt=\"\" width=\"369\" height=\"461\" srcset=\"https:\/\/atecordoba.org\/wp-content\/uploads\/2025\/07\/WhatsApp-Image-2025-07-07-at-09.16.31-819x1024.jpeg 819w, https:\/\/atecordoba.org\/wp-content\/uploads\/2025\/07\/WhatsApp-Image-2025-07-07-at-09.16.31-240x300.jpeg 240w, https:\/\/atecordoba.org\/wp-content\/uploads\/2025\/07\/WhatsApp-Image-2025-07-07-at-09.16.31-768x960.jpeg 768w, https:\/\/atecordoba.org\/wp-content\/uploads\/2025\/07\/WhatsApp-Image-2025-07-07-at-09.16.31-750x938.jpeg 750w, https:\/\/atecordoba.org\/wp-content\/uploads\/2025\/07\/WhatsApp-Image-2025-07-07-at-09.16.31.jpeg 1080w\" sizes=\"auto, (max-width: 369px) 100vw, 369px\" \/><\/p>\n<p>Vale se\u00f1alar que hace 9 meses que Figueroa no otorga un aumento salarial, lo que somete a las familias municipales a un brutal ajuste de sus ingresos.<\/p>\n<p>\u201cDesde abril estamos esperando las paritarias, nos preocupa la falta de voluntad pol\u00edtica de la Municipalidad para solucionar las problem\u00e1ticas de quienes d\u00eda a d\u00eda garantizan derechos para la comunidad de Salsacate\u201d, se\u00f1al\u00f3 el delegado de ATE, Roberto Castro.<\/p>\n<p>El cuadro se completa con la extrema precarizaci\u00f3n del personal atento que de 300 trabajadores y trabajadoras solo 90 integran la planta permanente.<\/p>\n<p>\u201cLa intendente se comporta como patr\u00f3n de estancia. Cuando me comunico con la intendente responde que utilicemos los canales formales, cuando le escribo a la secretaria de Gobierno no responde y as\u00ed nos tienen desde abril porque no hay voluntad pol\u00edtica de resolver la situaci\u00f3n de quienes, adem\u00e1s de ser trabajadores municipales, son vecinos de la localidad y gastan su sueldo en los comercios de Salsacate. Se ve que no hay intenci\u00f3n de mejorarle la calidad de vida de la gente\u201d, remat\u00f3 Castro.<\/p>\n<p>.<\/p>\n","protected":false},"excerpt":{"rendered":"<p>El pasado viernes 4 de julio se cumpli\u00f3 el plazo de pago del medio aguinaldo de los trabajadores municipales en la localidad, ATE intim\u00f3 hoy a la intendenta Karina Figueroa a que cumpla con su responsabilidad legal. Se trata de alrededor de 300 trabajadores y trabajadoras que no recibieron el SAC correspondiente al primer semestre [&hellip;]<\/p>\n","protected":false},"author":7,"featured_media":49444,"comment_status":"open","ping_status":"open","sticky":false,"template":"","format":"standard","meta":{"_exactmetrics_skip_tracking":false,"_exactmetrics_sitenote_active":false,"_exactmetrics_sitenote_note":"","_exactmetrics_sitenote_category":0,"jnews-multi-image_gallery":[],"jnews_single_post":{"format":"standard","override":[{"template":"1","parallax":"1","fullscreen":"1","layout":"no-sidebar-narrow","sidebar":"default-sidebar","second_sidebar":"default-sidebar","sticky_sidebar":"1","share_position":"bottom","share_float_style":"share-monocrhome","show_share_counter":"1","show_view_counter":"1","show_post_meta":"1","show_post_author_image":"1","show_post_date":"1","post_date_format":"default","post_date_format_custom":"Y\/m\/d","show_post_category":"1","show_post_reading_time":"0","post_reading_time_wpm":"300","post_calculate_word_method":"str_word_count","show_zoom_button":"0","zoom_button_out_step":"2","zoom_button_in_step":"3","show_post_tag":"1","number_popup_post":"1","show_post_related":"1","show_inline_post_related":"0"}],"image_override":[{"single_post_thumbnail_size":"crop-500","single_post_gallery_size":"crop-500"}],"trending_post_position":"meta","trending_post_label":"Trending","sponsored_post_label":"Sponsored by","disable_ad":"0"},"jnews_primary_category":[],"jnews_social_meta":[],"jnews_review":[],"enable_review":"","type":"percentage","name":"","summary":"","brand":"","sku":"","good":[],"bad":[],"score_override":"","override_value":"","rating":[],"price":[],"jnews_override_counter":{"view_counter_number":"0","share_counter_number":"0","like_counter_number":"0","dislike_counter_number":"0"},"jnews_post_split":{"post_split":[{"template":"1","tag":"h2","numbering":"asc","mode":"normal","first":"0","enable_toc":"0","toc_type":"normal"}]},"footnotes":""},"categories":[20],"tags":[],"class_list":["post-49443","post","type-post","status-publish","format-standard","has-post-thumbnail","hentry","category-municipales"],"jetpack_featured_media_url":"https:\/\/atecordoba.org\/wp-content\/uploads\/2025\/07\/salsacate-muni-e1751894524296.jpg","_links":{"self":[{"href":"https:\/\/atecordoba.org\/index.php?rest_route=\/wp\/v2\/posts\/49443","targetHints":{"allow":["GET"]}}],"collection":[{"href":"https:\/\/atecordoba.org\/index.php?rest_route=\/wp\/v2\/posts"}],"about":[{"href":"https:\/\/atecordoba.org\/index.php?rest_route=\/wp\/v2\/types\/post"}],"author":[{"embeddable":true,"href":"https:\/\/atecordoba.org\/index.php?rest_route=\/wp\/v2\/users\/7"}],"replies":[{"embeddable":true,"href":"https:\/\/atecordoba.org\/index.php?rest_route=%2Fwp%2Fv2%2Fcomments&post=49443"}],"version-history":[{"count":3,"href":"https:\/\/atecordoba.org\/index.php?rest_route=\/wp\/v2\/posts\/49443\/revisions"}],"predecessor-version":[{"id":49448,"href":"https:\/\/atecordoba.org\/index.php?rest_route=\/wp\/v2\/posts\/49443\/revisions\/49448"}],"wp:featuredmedia":[{"embeddable":true,"href":"https:\/\/atecordoba.org\/index.php?rest_route=\/wp\/v2\/media\/49444"}],"wp:attachment":[{"href":"https:\/\/atecordoba.org\/index.php?rest_route=%2Fwp%2Fv2%2Fmedia&parent=49443"}],"wp:term":[{"taxonomy":"category","embeddable":true,"href":"https:\/\/atecordoba.org\/index.php?rest_route=%2Fwp%2Fv2%2Fcategories&post=49443"},{"taxonomy":"post_tag","embeddable":true,"href":"https:\/\/atecordoba.org\/index.php?rest_route=%2Fwp%2Fv2%2Ftags&post=49443"}],"curies":[{"name":"wp","href":"https:\/\/api.w.org\/{rel}","templated":true}]}}