{"id":49435,"date":"2025-07-04T15:10:14","date_gmt":"2025-07-04T18:10:14","guid":{"rendered":"https:\/\/atecordoba.org\/?p=49435"},"modified":"2025-07-07T15:18:01","modified_gmt":"2025-07-07T18:18:01","slug":"villa-maria-ate-fortalece-y-unifica-estrategias-territoriales-de-accion-politica","status":"publish","type":"post","link":"https:\/\/atecordoba.org\/?p=49435","title":{"rendered":"Villa Mar\u00eda: ATE fortalece y unifica estrategias territoriales de acci\u00f3n pol\u00edtica"},"content":{"rendered":"<p><img loading=\"lazy\" decoding=\"async\" class=\"aligncenter wp-image-49436 \" src=\"https:\/\/atecordoba.org\/wp-content\/uploads\/2025\/07\/WhatsApp-Image-2025-07-04-at-11.29.08-e1751652353918.jpeg\" alt=\"\" width=\"618\" height=\"425\" \/>En una iniciativa conjunta llevada a cabo el pasado mi\u00e9rcoles 2 de julio, la Secretar\u00eda de Acci\u00f3n Pol\u00edtica del Consejo Directivo Provincial (CDP) y la Secretar\u00eda de Formaci\u00f3n de ATE Villa Mar\u00eda organizaron un encuentro en la sede de la seccional, con el objetivo de debatir la actualidad del trabajo en el Estado, salario y nuevas formas de comunicaci\u00f3n. La iniciativa cont\u00f3 con la participaci\u00f3n de la conducci\u00f3n de dicha seccional, as\u00ed como de referentes de organismos nacionales y provinciales del territorio.<img loading=\"lazy\" decoding=\"async\" class=\"aligncenter wp-image-49437 \" src=\"https:\/\/atecordoba.org\/wp-content\/uploads\/2025\/07\/WhatsApp-Image-2025-07-04-at-11.29.09-1-1024x768.jpeg\" alt=\"\" width=\"606\" height=\"455\" srcset=\"https:\/\/atecordoba.org\/wp-content\/uploads\/2025\/07\/WhatsApp-Image-2025-07-04-at-11.29.09-1-1024x768.jpeg 1024w, https:\/\/atecordoba.org\/wp-content\/uploads\/2025\/07\/WhatsApp-Image-2025-07-04-at-11.29.09-1-300x225.jpeg 300w, https:\/\/atecordoba.org\/wp-content\/uploads\/2025\/07\/WhatsApp-Image-2025-07-04-at-11.29.09-1-768x576.jpeg 768w, https:\/\/atecordoba.org\/wp-content\/uploads\/2025\/07\/WhatsApp-Image-2025-07-04-at-11.29.09-1-1536x1152.jpeg 1536w, https:\/\/atecordoba.org\/wp-content\/uploads\/2025\/07\/WhatsApp-Image-2025-07-04-at-11.29.09-1-750x563.jpeg 750w, https:\/\/atecordoba.org\/wp-content\/uploads\/2025\/07\/WhatsApp-Image-2025-07-04-at-11.29.09-1-1140x855.jpeg 1140w, https:\/\/atecordoba.org\/wp-content\/uploads\/2025\/07\/WhatsApp-Image-2025-07-04-at-11.29.09-1.jpeg 1600w\" sizes=\"auto, (max-width: 606px) 100vw, 606px\" \/><\/p>\n<p>En la oportunidad estuvieron presentes la secretaria de Acci\u00f3n Pol\u00edtica de ATE C\u00f3rdoba, Alejandra Agnone, junto a la secretaria General de ATE Villa Mar\u00eda, Mar\u00eda Maturano, el secretario Adjunto, Sergio Catalano, su par Gremial, Silvana Torres, el secretario de Organizaci\u00f3n, Lucas Loyola y Mauricio Miretti, referente de ATE Anses Bell Ville y colaborador de la Secretar\u00eda de Acci\u00f3n Pol\u00edtica del CDP, entre otros participantes.\u00a0Tambi\u00e9n se sum\u00f3 una delegaci\u00f3n del Cispren Villa Mar\u00eda, que integra nuestra CTA Aut\u00f3noma.<img loading=\"lazy\" decoding=\"async\" class=\"alignright wp-image-49438 \" src=\"https:\/\/atecordoba.org\/wp-content\/uploads\/2025\/07\/WhatsApp-Image-2025-07-04-at-14.26.37-819x1024.jpeg\" alt=\"\" width=\"269\" height=\"336\" srcset=\"https:\/\/atecordoba.org\/wp-content\/uploads\/2025\/07\/WhatsApp-Image-2025-07-04-at-14.26.37-819x1024.jpeg 819w, https:\/\/atecordoba.org\/wp-content\/uploads\/2025\/07\/WhatsApp-Image-2025-07-04-at-14.26.37-240x300.jpeg 240w, https:\/\/atecordoba.org\/wp-content\/uploads\/2025\/07\/WhatsApp-Image-2025-07-04-at-14.26.37-768x960.jpeg 768w, https:\/\/atecordoba.org\/wp-content\/uploads\/2025\/07\/WhatsApp-Image-2025-07-04-at-14.26.37-750x938.jpeg 750w, https:\/\/atecordoba.org\/wp-content\/uploads\/2025\/07\/WhatsApp-Image-2025-07-04-at-14.26.37.jpeg 1080w\" sizes=\"auto, (max-width: 269px) 100vw, 269px\" \/><\/p>\n<p>Agnone destac\u00f3 que \u201cdesde la Secretar\u00eda de Acci\u00f3n Pol\u00edtica creemos que es importante y necesario propiciar estos espacios de discusi\u00f3n pol\u00edtica en el territorio para las y los estatales. Necesitamos volver a replantearnos que Estado queremos y dise\u00f1ar estrategias de lucha para sobrellevar las pol\u00edticas de ajustes. El gobierno de Milei est\u00e1 aniquilando nuestras funciones como trabajadores Estatales, mediante cierres de organismo p\u00fablicos y despidos, pero junto a ello la posibilidad de la poblaci\u00f3n para acceder a pol\u00edticas p\u00fablicas fundamentales, debido al retiro territorial del Estado Nacional\u201d.<\/p>\n<p>Adem\u00e1s, recalc\u00f3 que \u201clos salarios de los trabajadores Estatales Nacionales, Provinciales y Municipales est\u00e1n en promedio por debajo de la l\u00ednea de la pobreza y eso profundiza a\u00fan m\u00e1s la precarizaci\u00f3n laboral a la que estamos sometidos aquellos que sostenemos y garantizamos las pol\u00edticas p\u00fablicas a la sociedad\u201d.<\/p>\n<p>De esta forma, ATE impulsa la coordinaci\u00f3n de estrategias territoriales en l\u00ednea a las pol\u00edticas establecidas por el Consejo Directivo Nacional, que encabeza Rodolfo Aguiar, y el CDP, en la figura de nuestro secretario General, Federico Giuliani, que den una respuesta efectiva para revertir el ajuste que impone el gobierno de Milei a lo largo y ancho del pa\u00eds.<\/p>\n<div id='gallery_1' class='gallery galleryid-49435 gallery-columns-2 gallery-size-thumbnail'><figure class='gallery-item'>\n                <div class='gallery-icon portrait'>\n                    <a href='https:\/\/atecordoba.org\/wp-content\/uploads\/2025\/07\/WhatsApp-Image-2025-07-04-at-11.29.09.jpeg'><img loading=\"lazy\" decoding=\"async\" width=\"150\" height=\"150\" src=\"\" class=\"attachment-thumbnail size-thumbnail lazyload\" alt=\"\" data-src=\"https:\/\/atecordoba.org\/wp-content\/uploads\/2025\/07\/WhatsApp-Image-2025-07-04-at-11.29.09-150x150.jpeg\" data-sizes=\"auto\" data-srcset=\"https:\/\/atecordoba.org\/wp-content\/uploads\/2025\/07\/WhatsApp-Image-2025-07-04-at-11.29.09-150x150.jpeg 150w, https:\/\/atecordoba.org\/wp-content\/uploads\/2025\/07\/WhatsApp-Image-2025-07-04-at-11.29.09-560x560.jpeg 560w, https:\/\/atecordoba.org\/wp-content\/uploads\/2025\/07\/WhatsApp-Image-2025-07-04-at-11.29.09-75x75.jpeg 75w, https:\/\/atecordoba.org\/wp-content\/uploads\/2025\/07\/WhatsApp-Image-2025-07-04-at-11.29.09-350x350.jpeg 350w\" data-expand=\"700\" \/><\/a>\n                <\/div><\/figure><figure class='gallery-item'>\n                <div class='gallery-icon portrait'>\n                    <a href='https:\/\/atecordoba.org\/wp-content\/uploads\/2025\/07\/WhatsApp-Image-2025-07-04-at-11.29.08-1.jpeg'><img loading=\"lazy\" decoding=\"async\" width=\"150\" height=\"150\" src=\"\" class=\"attachment-thumbnail size-thumbnail lazyload\" alt=\"\" data-src=\"https:\/\/atecordoba.org\/wp-content\/uploads\/2025\/07\/WhatsApp-Image-2025-07-04-at-11.29.08-1-150x150.jpeg\" data-sizes=\"auto\" data-srcset=\"https:\/\/atecordoba.org\/wp-content\/uploads\/2025\/07\/WhatsApp-Image-2025-07-04-at-11.29.08-1-150x150.jpeg 150w, https:\/\/atecordoba.org\/wp-content\/uploads\/2025\/07\/WhatsApp-Image-2025-07-04-at-11.29.08-1-560x560.jpeg 560w, https:\/\/atecordoba.org\/wp-content\/uploads\/2025\/07\/WhatsApp-Image-2025-07-04-at-11.29.08-1-75x75.jpeg 75w, https:\/\/atecordoba.org\/wp-content\/uploads\/2025\/07\/WhatsApp-Image-2025-07-04-at-11.29.08-1-350x350.jpeg 350w\" data-expand=\"700\" \/><\/a>\n                <\/div><\/figure><br style=\"clear: both\" \/>\n            <\/div>\n\n<p>Vale mencionar que C\u00f3rdoba ocupa el tercer escal\u00f3n entre las jurisdicciones provinciales con mayor presencia de organismos nacionales en el territorio, un fuerte despliegue del Estado provincial y encabeza el ranking de cantidad de municipios y comunas con 427 unidades pol\u00edticas.<\/p>\n<p>En ese marco, para el CDP es fundamental impulsar pol\u00edticas que unifiquen la estrategia de defensa de los derechos de las y los estatales, as\u00ed como para garantizar los derechos de la comunidad fijados por la Constituci\u00f3n Nacional, los trabajados internacionales y la normativa vigente.<\/p>\n","protected":false},"excerpt":{"rendered":"<p>En una iniciativa conjunta llevada a cabo el pasado mi\u00e9rcoles 2 de julio, la Secretar\u00eda de Acci\u00f3n Pol\u00edtica del Consejo Directivo Provincial (CDP) y la Secretar\u00eda de Formaci\u00f3n de ATE Villa Mar\u00eda organizaron un encuentro en la sede de la seccional, con el objetivo de debatir la actualidad del trabajo en el Estado, salario y [&hellip;]<\/p>\n","protected":false},"author":7,"featured_media":49436,"comment_status":"open","ping_status":"open","sticky":false,"template":"","format":"standard","meta":{"_exactmetrics_skip_tracking":false,"_exactmetrics_sitenote_active":false,"_exactmetrics_sitenote_note":"","_exactmetrics_sitenote_category":0,"jnews-multi-image_gallery":[],"jnews_single_post":{"format":"standard","override":[{"template":"1","parallax":"1","fullscreen":"1","layout":"no-sidebar-narrow","sidebar":"default-sidebar","second_sidebar":"default-sidebar","sticky_sidebar":"1","share_position":"bottom","share_float_style":"share-monocrhome","show_share_counter":"1","show_view_counter":"1","show_post_meta":"1","show_post_author_image":"1","show_post_date":"1","post_date_format":"default","post_date_format_custom":"Y\/m\/d","show_post_category":"1","show_post_reading_time":"0","post_reading_time_wpm":"300","post_calculate_word_method":"str_word_count","show_zoom_button":"0","zoom_button_out_step":"2","zoom_button_in_step":"3","show_post_tag":"1","number_popup_post":"1","show_post_related":"1","show_inline_post_related":"0"}],"image_override":[{"single_post_thumbnail_size":"crop-500","single_post_gallery_size":"crop-500"}],"trending_post_position":"meta","trending_post_label":"Trending","sponsored_post_label":"Sponsored by","disable_ad":"0"},"jnews_primary_category":[],"jnews_social_meta":[],"jnews_review":[],"enable_review":"","type":"percentage","name":"","summary":"","brand":"","sku":"","good":[],"bad":[],"score_override":"","override_value":"","rating":[],"price":[],"jnews_override_counter":{"view_counter_number":"0","share_counter_number":"0","like_counter_number":"0","dislike_counter_number":"0"},"jnews_post_split":{"post_split":[{"template":"1","tag":"h2","numbering":"asc","mode":"normal","first":"0","enable_toc":"0","toc_type":"normal"}]},"footnotes":""},"categories":[10],"tags":[],"class_list":["post-49435","post","type-post","status-publish","format-standard","has-post-thumbnail","hentry","category-accion-politica"],"jetpack_featured_media_url":"https:\/\/atecordoba.org\/wp-content\/uploads\/2025\/07\/WhatsApp-Image-2025-07-04-at-11.29.08-e1751652607146.jpeg","_links":{"self":[{"href":"https:\/\/atecordoba.org\/index.php?rest_route=\/wp\/v2\/posts\/49435","targetHints":{"allow":["GET"]}}],"collection":[{"href":"https:\/\/atecordoba.org\/index.php?rest_route=\/wp\/v2\/posts"}],"about":[{"href":"https:\/\/atecordoba.org\/index.php?rest_route=\/wp\/v2\/types\/post"}],"author":[{"embeddable":true,"href":"https:\/\/atecordoba.org\/index.php?rest_route=\/wp\/v2\/users\/7"}],"replies":[{"embeddable":true,"href":"https:\/\/atecordoba.org\/index.php?rest_route=%2Fwp%2Fv2%2Fcomments&post=49435"}],"version-history":[{"count":2,"href":"https:\/\/atecordoba.org\/index.php?rest_route=\/wp\/v2\/posts\/49435\/revisions"}],"predecessor-version":[{"id":49472,"href":"https:\/\/atecordoba.org\/index.php?rest_route=\/wp\/v2\/posts\/49435\/revisions\/49472"}],"wp:featuredmedia":[{"embeddable":true,"href":"https:\/\/atecordoba.org\/index.php?rest_route=\/wp\/v2\/media\/49436"}],"wp:attachment":[{"href":"https:\/\/atecordoba.org\/index.php?rest_route=%2Fwp%2Fv2%2Fmedia&parent=49435"}],"wp:term":[{"taxonomy":"category","embeddable":true,"href":"https:\/\/atecordoba.org\/index.php?rest_route=%2Fwp%2Fv2%2Fcategories&post=49435"},{"taxonomy":"post_tag","embeddable":true,"href":"https:\/\/atecordoba.org\/index.php?rest_route=%2Fwp%2Fv2%2Ftags&post=49435"}],"curies":[{"name":"wp","href":"https:\/\/api.w.org\/{rel}","templated":true}]}}