{"id":4943,"date":"2014-12-19T15:29:56","date_gmt":"2014-12-19T18:29:56","guid":{"rendered":"http:\/\/www.atecordoba.org\/?p=4943"},"modified":"2014-12-19T15:29:56","modified_gmt":"2014-12-19T18:29:56","slug":"asamblea-en-el-hospital-transito-caceres-por-falta-de-reemplazos-de-licencias-por-vacaciones","status":"publish","type":"post","link":"https:\/\/atecordoba.org\/?p=4943","title":{"rendered":"Asamblea en el Hospital Tr\u00e1nsito C\u00e1ceres por falta de reemplazos de licencias por vacaciones"},"content":{"rendered":"<p><em>Por pr\u00f3ximo lunes 22 de diciembre los trabajadores del Hospital Tr\u00e1nsito C\u00e1ceres de Allende realizar\u00e1n una asmablea a partir de las 8 de la ma\u00f1ana que resentir\u00e1 la atenci\u00f3n de los pacientes.<\/em><\/p>\n<figure id=\"attachment_4944\" aria-describedby=\"caption-attachment-4944\" style=\"width: 500px\" class=\"wp-caption aligncenter\"><a href=\"http:\/\/www.atecordoba.org\/wp-content\/uploads\/2014\/12\/asamblea-transito-01-4-e1419013699773.jpg\"><img loading=\"lazy\" decoding=\"async\" class=\"wp-image-4944 size-full\" src=\"http:\/\/www.atecordoba.org\/wp-content\/uploads\/2014\/12\/asamblea-transito-01-4-e1419013699773.jpg\" alt=\"asamblea transito 01-4\" width=\"500\" height=\"375\" \/><\/a><figcaption id=\"caption-attachment-4944\" class=\"wp-caption-text\">Imagen de archivo<\/figcaption><\/figure>\n<p>&nbsp;<\/p>\n<p>Motiva la medida la falta de suficientes reemplazos para cubrir las licencias por vacaciones que destin\u00f3 el Ministerio en el centro de salud. Concretamente, de las 34 licencias necesarias para mantener en pie los servicios, la cartera de salud destin\u00f3 s\u00f3lo 18 contratos denominados LAR (licencia anual reglamentaria), que son los espec\u00edficos para atender las faltantes vacacionales o cuando suceden imprevistos que demandan m\u00e1s cantidad de personal.<\/p>\n<p>En consecuencia, la falta de trabajadores durante el periodo estival disminuir\u00e1 la atenci\u00f3n en un 50%, lo que implicar\u00e1, por ejemplo, la reducci\u00f3n de actividad en el sector de quir\u00f3fanos, que la terapia se reducir\u00e1 de 12 a seis camas solamente, e incluso corre riesgo de cierre un servicio de internado.<\/p>\n<p>Adem\u00e1s, los trabajadores reclaman porque el aire acondicionado del quir\u00f3fano se encuentra fuera de servicio.<\/p>\n<p>Tambi\u00e9n se sumar\u00e1 el lunes un acto de solidaridad con los delegados de ATE y los trabajadores del Hospital de Ni\u00f1os imputados por la justicia, a partir de una denuncia del director de ese nosocomio.<\/p>\n<p>De esta forma, ATE contin\u00faa interponiendo medidas gremiales ante el evidente deterioro del sistema hospitalario provincial, fruto del ajuste que viene aplicando en el sector el el gobierno de Jos\u00e9 Manuel De la Sota.<\/p>\n","protected":false},"excerpt":{"rendered":"<p>Por pr\u00f3ximo lunes 22 de diciembre los trabajadores del Hospital Tr\u00e1nsito C\u00e1ceres de Allende realizar\u00e1n una asmablea a partir de las 8 de la ma\u00f1ana que resentir\u00e1 la atenci\u00f3n de los pacientes. &nbsp; Motiva la medida la falta de suficientes reemplazos para cubrir las licencias por vacaciones que destin\u00f3 el Ministerio en el centro de [&hellip;]<\/p>\n","protected":false},"author":1,"featured_media":19220,"comment_status":"open","ping_status":"open","sticky":false,"template":"","format":"standard","meta":{"_exactmetrics_skip_tracking":false,"_exactmetrics_sitenote_active":false,"_exactmetrics_sitenote_note":"","_exactmetrics_sitenote_category":0,"jnews-multi-image_gallery":[],"jnews_single_post":[],"jnews_primary_category":[],"jnews_social_meta":[],"jnews_review":[],"enable_review":"","type":"","name":"","summary":"","brand":"","sku":"","good":[],"bad":[],"score_override":"","override_value":"","rating":[],"price":[],"jnews_override_counter":[],"jnews_post_split":[],"footnotes":""},"categories":[7,8,102],"tags":[],"class_list":["post-4943","post","type-post","status-publish","format-standard","has-post-thumbnail","hentry","category-hospitales","category-provinciales","category-salud-2"],"jetpack_featured_media_url":"https:\/\/atecordoba.org\/wp-content\/uploads\/2020\/05\/logo-nuevochico-e1561581322808.png","_links":{"self":[{"href":"https:\/\/atecordoba.org\/index.php?rest_route=\/wp\/v2\/posts\/4943","targetHints":{"allow":["GET"]}}],"collection":[{"href":"https:\/\/atecordoba.org\/index.php?rest_route=\/wp\/v2\/posts"}],"about":[{"href":"https:\/\/atecordoba.org\/index.php?rest_route=\/wp\/v2\/types\/post"}],"author":[{"embeddable":true,"href":"https:\/\/atecordoba.org\/index.php?rest_route=\/wp\/v2\/users\/1"}],"replies":[{"embeddable":true,"href":"https:\/\/atecordoba.org\/index.php?rest_route=%2Fwp%2Fv2%2Fcomments&post=4943"}],"version-history":[{"count":0,"href":"https:\/\/atecordoba.org\/index.php?rest_route=\/wp\/v2\/posts\/4943\/revisions"}],"wp:featuredmedia":[{"embeddable":true,"href":"https:\/\/atecordoba.org\/index.php?rest_route=\/wp\/v2\/media\/19220"}],"wp:attachment":[{"href":"https:\/\/atecordoba.org\/index.php?rest_route=%2Fwp%2Fv2%2Fmedia&parent=4943"}],"wp:term":[{"taxonomy":"category","embeddable":true,"href":"https:\/\/atecordoba.org\/index.php?rest_route=%2Fwp%2Fv2%2Fcategories&post=4943"},{"taxonomy":"post_tag","embeddable":true,"href":"https:\/\/atecordoba.org\/index.php?rest_route=%2Fwp%2Fv2%2Ftags&post=4943"}],"curies":[{"name":"wp","href":"https:\/\/api.w.org\/{rel}","templated":true}]}}