{"id":49429,"date":"2025-07-04T13:40:42","date_gmt":"2025-07-04T16:40:42","guid":{"rendered":"https:\/\/atecordoba.org\/?p=49429"},"modified":"2025-07-04T13:45:58","modified_gmt":"2025-07-04T16:45:58","slug":"ate-cordoba-repudia-el-ajuste-de-la-obra-social-de-upcn","status":"publish","type":"post","link":"https:\/\/atecordoba.org\/?p=49429","title":{"rendered":"ATE C\u00f3rdoba repudia el ajuste de la obra social de UPCN"},"content":{"rendered":"<p><img loading=\"lazy\" decoding=\"async\" class=\"aligncenter wp-image-49430 size-large\" style=\"color: #212121;font-size: 12.75px\" src=\"https:\/\/atecordoba.org\/wp-content\/uploads\/2025\/07\/andres-rodriguez-1024x636.jpg\" alt=\"\" width=\"1024\" height=\"636\" srcset=\"https:\/\/atecordoba.org\/wp-content\/uploads\/2025\/07\/andres-rodriguez-1024x636.jpg 1024w, https:\/\/atecordoba.org\/wp-content\/uploads\/2025\/07\/andres-rodriguez-300x186.jpg 300w, https:\/\/atecordoba.org\/wp-content\/uploads\/2025\/07\/andres-rodriguez-768x477.jpg 768w, https:\/\/atecordoba.org\/wp-content\/uploads\/2025\/07\/andres-rodriguez-750x466.jpg 750w, https:\/\/atecordoba.org\/wp-content\/uploads\/2025\/07\/andres-rodriguez-1140x708.jpg 1140w, https:\/\/atecordoba.org\/wp-content\/uploads\/2025\/07\/andres-rodriguez.jpg 1280w\" sizes=\"auto, (max-width: 1024px) 100vw, 1024px\" \/><\/p>\n<h6>(fuente: infogremiales.com.ar)<\/h6>\n<p>La ca\u00edda de la n\u00f3mina de afiliaciones del gremio amarillo UPCN, resultado de su pol\u00edtica de seguidismo del gobierno de Javier Milei, ya dio como resultado un impacto en la obra social que utilizan todas y todos los estatales: la organizaci\u00f3n sindical resolvi\u00f3 aumentar los co-seguros a quienes no est\u00e9n afiliados, castigando as\u00ed los ya empobrecidos salarios que UPCN valida al firmar paritarias a la baja.<\/p>\n<p>A trav\u00e9s de la la Junta Interna de ATE de la Superintendencia de Servicios de Salud (organismo de control de obras sociales y prepagas) advirtieron que &#8220;<strong>una obra social no puede discriminar la cobertura m\u00e9dica ni la cartilla de prestadores seg\u00fan la afiliaci\u00f3n sindical&#8221;.<\/strong><\/p>\n<p>&#8220;Esta discriminaci\u00f3n es absolutamente ilegal, viola la ley de obras sociales, la ley antidiscriminaci\u00f3n y la Constituci\u00f3n Nacional&#8221;, advirtieron las y los compa\u00f1eros del sector.<\/p>\n<p>No es casual que la medida se aplica, mientras ATE muestra un crecimiento exponencial de las y los afiliados en el Estado Nacional.<\/p>\n<p>En ese marco, ATE C\u00f3rdoba repudia la pol\u00edtica criminal de UPCN contra los ingresos del personal.<\/p>\n<p>\u00a1Es con ATE!<\/p>\n","protected":false},"excerpt":{"rendered":"<p>(fuente: infogremiales.com.ar) La ca\u00edda de la n\u00f3mina de afiliaciones del gremio amarillo UPCN, resultado de su pol\u00edtica de seguidismo del gobierno de Javier Milei, ya dio como resultado un impacto en la obra social que utilizan todas y todos los estatales: la organizaci\u00f3n sindical resolvi\u00f3 aumentar los co-seguros a quienes no est\u00e9n afiliados, castigando as\u00ed [&hellip;]<\/p>\n","protected":false},"author":7,"featured_media":49430,"comment_status":"open","ping_status":"open","sticky":false,"template":"","format":"standard","meta":{"_exactmetrics_skip_tracking":false,"_exactmetrics_sitenote_active":false,"_exactmetrics_sitenote_note":"","_exactmetrics_sitenote_category":0,"jnews-multi-image_gallery":[],"jnews_single_post":{"format":"standard","override":[{"template":"1","parallax":"1","fullscreen":"1","layout":"no-sidebar-narrow","sidebar":"default-sidebar","second_sidebar":"default-sidebar","sticky_sidebar":"1","share_position":"bottom","share_float_style":"share-monocrhome","show_share_counter":"1","show_view_counter":"1","show_post_meta":"1","show_post_author_image":"1","show_post_date":"1","post_date_format":"default","post_date_format_custom":"Y\/m\/d","show_post_category":"1","show_post_reading_time":"0","post_reading_time_wpm":"300","post_calculate_word_method":"str_word_count","show_zoom_button":"0","zoom_button_out_step":"2","zoom_button_in_step":"3","show_post_tag":"1","number_popup_post":"1","show_post_related":"1","show_inline_post_related":"0"}],"image_override":[{"single_post_thumbnail_size":"crop-500","single_post_gallery_size":"crop-500"}],"trending_post_position":"meta","trending_post_label":"Trending","sponsored_post_label":"Sponsored by","disable_ad":"0"},"jnews_primary_category":[],"jnews_social_meta":[],"jnews_review":[],"enable_review":"","type":"percentage","name":"","summary":"","brand":"","sku":"","good":[],"bad":[],"score_override":"","override_value":"","rating":[],"price":[],"jnews_override_counter":{"view_counter_number":"0","share_counter_number":"0","like_counter_number":"0","dislike_counter_number":"0"},"jnews_post_split":{"post_split":[{"template":"1","tag":"h2","numbering":"asc","mode":"normal","first":"0","enable_toc":"0","toc_type":"normal"}]},"footnotes":""},"categories":[10],"tags":[],"class_list":["post-49429","post","type-post","status-publish","format-standard","has-post-thumbnail","hentry","category-accion-politica"],"jetpack_featured_media_url":"https:\/\/atecordoba.org\/wp-content\/uploads\/2025\/07\/andres-rodriguez.jpg","_links":{"self":[{"href":"https:\/\/atecordoba.org\/index.php?rest_route=\/wp\/v2\/posts\/49429","targetHints":{"allow":["GET"]}}],"collection":[{"href":"https:\/\/atecordoba.org\/index.php?rest_route=\/wp\/v2\/posts"}],"about":[{"href":"https:\/\/atecordoba.org\/index.php?rest_route=\/wp\/v2\/types\/post"}],"author":[{"embeddable":true,"href":"https:\/\/atecordoba.org\/index.php?rest_route=\/wp\/v2\/users\/7"}],"replies":[{"embeddable":true,"href":"https:\/\/atecordoba.org\/index.php?rest_route=%2Fwp%2Fv2%2Fcomments&post=49429"}],"version-history":[{"count":3,"href":"https:\/\/atecordoba.org\/index.php?rest_route=\/wp\/v2\/posts\/49429\/revisions"}],"predecessor-version":[{"id":49433,"href":"https:\/\/atecordoba.org\/index.php?rest_route=\/wp\/v2\/posts\/49429\/revisions\/49433"}],"wp:featuredmedia":[{"embeddable":true,"href":"https:\/\/atecordoba.org\/index.php?rest_route=\/wp\/v2\/media\/49430"}],"wp:attachment":[{"href":"https:\/\/atecordoba.org\/index.php?rest_route=%2Fwp%2Fv2%2Fmedia&parent=49429"}],"wp:term":[{"taxonomy":"category","embeddable":true,"href":"https:\/\/atecordoba.org\/index.php?rest_route=%2Fwp%2Fv2%2Fcategories&post=49429"},{"taxonomy":"post_tag","embeddable":true,"href":"https:\/\/atecordoba.org\/index.php?rest_route=%2Fwp%2Fv2%2Ftags&post=49429"}],"curies":[{"name":"wp","href":"https:\/\/api.w.org\/{rel}","templated":true}]}}