{"id":49415,"date":"2025-07-03T13:05:31","date_gmt":"2025-07-03T16:05:31","guid":{"rendered":"https:\/\/atecordoba.org\/?p=49415"},"modified":"2025-07-03T13:08:43","modified_gmt":"2025-07-03T16:08:43","slug":"salsacate-ate-anuncia-protestas-para-la-semana-que-viene-si-las-y-los-trabajadores-no-cobran-el-aguinaldo","status":"publish","type":"post","link":"https:\/\/atecordoba.org\/?p=49415","title":{"rendered":"Salsacate: ATE anuncia protestas para la semana que viene si las y los trabajadores no cobran el aguinaldo"},"content":{"rendered":"<p><img loading=\"lazy\" decoding=\"async\" class=\"aligncenter wp-image-49411 \" src=\"https:\/\/atecordoba.org\/wp-content\/uploads\/2025\/07\/julia-entrevista3-1024x563.png\" alt=\"\" width=\"628\" height=\"345\" srcset=\"https:\/\/atecordoba.org\/wp-content\/uploads\/2025\/07\/julia-entrevista3-1024x563.png 1024w, https:\/\/atecordoba.org\/wp-content\/uploads\/2025\/07\/julia-entrevista3-300x165.png 300w, https:\/\/atecordoba.org\/wp-content\/uploads\/2025\/07\/julia-entrevista3-768x423.png 768w, https:\/\/atecordoba.org\/wp-content\/uploads\/2025\/07\/julia-entrevista3-750x413.png 750w, https:\/\/atecordoba.org\/wp-content\/uploads\/2025\/07\/julia-entrevista3.png 1034w\" sizes=\"auto, (max-width: 628px) 100vw, 628px\" \/>La secretaria de Prensa de ATE C\u00f3rdoba denunci\u00f3 la falta de pago del aguinaldo de la Municipalidad de Salsacate y anunci\u00f3 que nuestro sindicato realizar\u00e1 acciones legales y gremiales en el caso que el Departamento Ejecutivo no cumpla con sus responsabilidades inherentes con las y los trabajadores.<\/p>\n<p>&#8220;Alarma la falta de di\u00e1logo de un Ejecutivo de parte de un ejecutivo que hace 9 meses que no otorga un aumento salarial&#8221;, declar\u00f3 Giuliani a la radio La Porfiada de la localidad del Valle de Traslasierra.<\/p>\n<p>&#8220;Desde abril estamos esperando las paritarias, nos preocupa la falta de voluntad pol\u00edtica de la Municipalidad para solucionar las problem\u00e1ticas de quienes d\u00eda a d\u00eda garantizan derechos para la comunidad de Salsacate&#8221;, a\u00f1adi\u00f3.<\/p>\n<p>Frente a las versiones respecto a que la Municipalidad habr\u00eda recibido en mayo 20 millones de pesos del Fondo Federal para pagar los aguinaldos la dirigente se\u00f1al\u00f3 que no puede dar fe por falta de informaci\u00f3n pero &#8220;al d\u00eda de hoy 3 de julio no se hizo efectivo el pago mientras tienen salarios de pobreza, con sueldos de piso de 300 mil pesos y de 500 mil para trabajadores con 20 a\u00f1os de antig\u00fcedad&#8221;.<\/p>\n<p>El cuadro se completa con la extrema precarizaci\u00f3n del personal atento que de 300 trabajadores y trabajadoras solo 90 integran la planta permanente.<\/p>\n<p>&#8220;La intendente se comporta como patr\u00f3n de estancia. Cuando me comunico con la intendente responde que utilicemos los canales formales, cuando le escribo a la secretaria de Gobierno no responde y as\u00ed nos tienen desde abril porque no hay voluntad pol\u00edtica de resolver la situaci\u00f3n de quienes, adem\u00e1s de ser trabajadores municipales, son vecinos de la localidad y gastan su sueldo en los comercios de Salsacate. Se ve que no hay intenci\u00f3n de mejorarle la calidad de vida de la gente&#8221;, remat\u00f3 Giuliani.<\/p>\n<p>En consecuencia, la dirigente anunci\u00f3 que se continuar la situaci\u00f3n ATE realizar\u00e1 &#8220;las acciones legales y gremiales que haya que hacer. Sabemos que se viene la temporada de vacaciones de invierno con el arribo de turistas a la regi\u00f3n. Haremos seguramente acciones sorpresivas para ver si se despiertan de la siesta para atender la demandas de los trabajadores&#8221;.<\/p>\n<p><strong>Muda de ropa<\/strong><\/p>\n<p>Por otro lado, Giuliani resalt\u00f3 el incumplimiento de parte del municipio de la entrega completa correspondiente de las mudas de ropa de trabajo anuales. &#8220;Estamos diciendo que la muda no cumple con los elementos correspondientes ni en cuanto a la ropa ni a los elementos de seguridad. No es un capricho de los trabajadores ni del sindicato sino una obligaci\u00f3n del Departamento Ejecutivo que emana del Estatuto Municipal&#8221;, acus\u00f3.<\/p>\n","protected":false},"excerpt":{"rendered":"<p>La secretaria de Prensa de ATE C\u00f3rdoba denunci\u00f3 la falta de pago del aguinaldo de la Municipalidad de Salsacate y anunci\u00f3 que nuestro sindicato realizar\u00e1 acciones legales y gremiales en el caso que el Departamento Ejecutivo no cumpla con sus responsabilidades inherentes con las y los trabajadores. &#8220;Alarma la falta de di\u00e1logo de un Ejecutivo [&hellip;]<\/p>\n","protected":false},"author":7,"featured_media":49411,"comment_status":"open","ping_status":"open","sticky":false,"template":"","format":"standard","meta":{"_exactmetrics_skip_tracking":false,"_exactmetrics_sitenote_active":false,"_exactmetrics_sitenote_note":"","_exactmetrics_sitenote_category":0,"jnews-multi-image_gallery":[],"jnews_single_post":{"format":"standard","override":[{"template":"1","parallax":"1","fullscreen":"1","layout":"no-sidebar-narrow","sidebar":"default-sidebar","second_sidebar":"default-sidebar","sticky_sidebar":"1","share_position":"bottom","share_float_style":"share-monocrhome","show_share_counter":"1","show_view_counter":"1","show_post_meta":"1","show_post_author_image":"1","show_post_date":"1","post_date_format":"default","post_date_format_custom":"Y\/m\/d","show_post_category":"1","show_post_reading_time":"0","post_reading_time_wpm":"300","post_calculate_word_method":"str_word_count","show_zoom_button":"0","zoom_button_out_step":"2","zoom_button_in_step":"3","show_post_tag":"1","number_popup_post":"1","show_post_related":"1","show_inline_post_related":"0"}],"image_override":[{"single_post_thumbnail_size":"crop-500","single_post_gallery_size":"crop-500"}],"trending_post_position":"meta","trending_post_label":"Trending","sponsored_post_label":"Sponsored by","disable_ad":"0"},"jnews_primary_category":[],"jnews_social_meta":[],"jnews_review":[],"enable_review":"","type":"percentage","name":"","summary":"","brand":"","sku":"","good":[],"bad":[],"score_override":"","override_value":"","rating":[],"price":[],"jnews_override_counter":{"view_counter_number":"0","share_counter_number":"0","like_counter_number":"0","dislike_counter_number":"0"},"jnews_post_split":{"post_split":[{"template":"1","tag":"h2","numbering":"asc","mode":"normal","first":"0","enable_toc":"0","toc_type":"normal"}]},"footnotes":""},"categories":[20],"tags":[],"class_list":["post-49415","post","type-post","status-publish","format-standard","has-post-thumbnail","hentry","category-municipales"],"jetpack_featured_media_url":"https:\/\/atecordoba.org\/wp-content\/uploads\/2025\/07\/julia-entrevista3.png","_links":{"self":[{"href":"https:\/\/atecordoba.org\/index.php?rest_route=\/wp\/v2\/posts\/49415","targetHints":{"allow":["GET"]}}],"collection":[{"href":"https:\/\/atecordoba.org\/index.php?rest_route=\/wp\/v2\/posts"}],"about":[{"href":"https:\/\/atecordoba.org\/index.php?rest_route=\/wp\/v2\/types\/post"}],"author":[{"embeddable":true,"href":"https:\/\/atecordoba.org\/index.php?rest_route=\/wp\/v2\/users\/7"}],"replies":[{"embeddable":true,"href":"https:\/\/atecordoba.org\/index.php?rest_route=%2Fwp%2Fv2%2Fcomments&post=49415"}],"version-history":[{"count":4,"href":"https:\/\/atecordoba.org\/index.php?rest_route=\/wp\/v2\/posts\/49415\/revisions"}],"predecessor-version":[{"id":49422,"href":"https:\/\/atecordoba.org\/index.php?rest_route=\/wp\/v2\/posts\/49415\/revisions\/49422"}],"wp:featuredmedia":[{"embeddable":true,"href":"https:\/\/atecordoba.org\/index.php?rest_route=\/wp\/v2\/media\/49411"}],"wp:attachment":[{"href":"https:\/\/atecordoba.org\/index.php?rest_route=%2Fwp%2Fv2%2Fmedia&parent=49415"}],"wp:term":[{"taxonomy":"category","embeddable":true,"href":"https:\/\/atecordoba.org\/index.php?rest_route=%2Fwp%2Fv2%2Fcategories&post=49415"},{"taxonomy":"post_tag","embeddable":true,"href":"https:\/\/atecordoba.org\/index.php?rest_route=%2Fwp%2Fv2%2Ftags&post=49415"}],"curies":[{"name":"wp","href":"https:\/\/api.w.org\/{rel}","templated":true}]}}