{"id":49401,"date":"2025-07-03T09:49:54","date_gmt":"2025-07-03T12:49:54","guid":{"rendered":"https:\/\/atecordoba.org\/?p=49401"},"modified":"2025-07-03T09:49:54","modified_gmt":"2025-07-03T12:49:54","slug":"giuliani-somos-el-sindicato-que-organiza-la-esperanza","status":"publish","type":"post","link":"https:\/\/atecordoba.org\/?p=49401","title":{"rendered":"Giuliani: \u201cSomos el sindicato que organiza la esperanza\u201d"},"content":{"rendered":"<p><img loading=\"lazy\" decoding=\"async\" class=\"aligncenter wp-image-49402 size-full\" src=\"https:\/\/atecordoba.org\/wp-content\/uploads\/2025\/07\/milei-culiadazo.jpg\" alt=\"\" width=\"631\" height=\"445\" srcset=\"https:\/\/atecordoba.org\/wp-content\/uploads\/2025\/07\/milei-culiadazo.jpg 631w, https:\/\/atecordoba.org\/wp-content\/uploads\/2025\/07\/milei-culiadazo-300x212.jpg 300w, https:\/\/atecordoba.org\/wp-content\/uploads\/2025\/07\/milei-culiadazo-120x86.jpg 120w\" sizes=\"auto, (max-width: 631px) 100vw, 631px\" \/>*Por Federico Giuliani, secretario General de ATE C\u00f3rdoba<\/p>\n<h6>(fuente: El Trabajador del Estado)<\/h6>\n<p>La provincia de C\u00f3rdoba es el tercer distrito con m\u00e1s organismos nacionales. Durante los a\u00f1os m\u00e1s felices de nuestra Patria, con un proyecto de pa\u00eds liberado, se radic\u00f3 aqu\u00ed el polo tecnol\u00f3gico, cient\u00edfico, nuclear y productivo: F\u00e1bricas Militares, el \u00c1rea Material R\u00edo Cuarto, FAdeA; CONAE, Dioxitek, Central Nuclear de Embalse, entre otros.<\/p>\n<p>Las pol\u00edticas de ajuste y vaciamiento del Gobierno de Milei y los grupos econ\u00f3micos concentrados provocaron despidos, retiros voluntarios y un \u00e9xodo de trabajadores ante salarios de pobreza. Como continuidad del plan de entrega de Mart\u00ednez de Hoz, Menem y Macri, las sociedades estatales fueron transformadas en Sociedad An\u00f3nima Unipersonal (SAU), como Fabricaciones Militares, para facilitar su privatizaci\u00f3n.<\/p>\n<p>En C\u00f3rdoba hubo cesant\u00edas de laburantes con hasta 25 a\u00f1os de antig\u00fcedad. Se cerraron organismos como Agricultura Familia, ENACOM, INADI, Centros de Referencia, el Ministerio de Mujeres, entre otros. Es la expresi\u00f3n de una pol\u00edtica centralista y unitaria que retira el Estado Nacional de los territorios federales.<\/p>\n<p>Desde ATE C\u00f3rdoba exigimos la reincorporaci\u00f3n de los despedidos. S\u00f3lo habr\u00e1 Justicia Social cuando cada trabajador y trabajadora regrese a su puesto. Estamos convencidos y obligados a defender el trabajo, el Estado y la Soberan\u00eda Nacional.<\/p>\n<h3><strong>El desaf\u00edo provincial<\/strong><\/h3>\n<p>El \u201cCordobesismo\u201d aliado de Macri y ahora en contubernio con Milei avanza con su propia agenda neoliberal. La conversi\u00f3n del Banco de C\u00f3rdoba de De la Sota y de EPEC de Llaryora en sociedades an\u00f3nimas, as\u00ed como la Reforma Previsional de Schiaretti, son parte del mismo plan. La Administraci\u00f3n Provincial del Seguro de Salud (APROSS), que deber\u00eda cuidar la salud de municipales y provinciales, hoy es un negocio en manos de privados.<\/p>\n<p>Trabajadores del Estado Provincial y de organismos nacionales sufren bajos salarios, precarizaci\u00f3n, hostigamiento y persecuci\u00f3n. ATE gan\u00f3 el juicio que permiti\u00f3 recuperar el c\u00f3digo de descuento, y exigimos ser reconocidos en paritarias, frente a los acuerdos de entrega firmados por la burocracia del Sindicato de Empleados P\u00fablicos (SEP).<\/p>\n<p>Llaryora no desentona con Milei: Vot\u00f3 a favor del sostenimiento del DNU y la Ley Bases. La criminalizaci\u00f3n de la protesta es parte del paquete. Lo sabemos en carne propia: Causas armadas, allanamientos, celulares secuestrados y una fianza de 10 millones de pesos para garantizar la libertad de quienes decidimos enfrentarlos.<\/p>\n<h3><strong>La fuerza municipal<\/strong><\/h3>\n<p>En diciembre de 2024 realizamos el Encuentro de Trabajadoras y Trabajadores Municipales de la Regi\u00f3n Centro. Aunque con tonadas distintas, compartimos luchas comunes. En C\u00f3rdoba tenemos presencia en m\u00e1s de 100 municipios y comunas.<\/p>\n<p>La realidad de los municipales es cr\u00edtica. Salarios por debajo de la l\u00ednea de indigencia, changas para sobrevivir, sindicatos que entregan derechos. Por eso exigimos convenios colectivos, consejos municipales del salario y condiciones signas para vivir y disfrutar, no s\u00f3lo para sobrevivir.<\/p>\n<p>ATE fue gremio de estatales nacionales en los 80, sum\u00f3 a los provinciales en los 90 y hoy se prepara para abrazar a miles de municipales con organizaci\u00f3n y lucha en cada rinc\u00f3n de nuestra Patria.<\/p>\n<p>No somos empleados, ni funcionarios. Somos trabajadores del Estado en los municipios que todos los d\u00edas sostenemos el funcionamiento del pa\u00eds: Limpiamos, asfaltamos, atendemos en centros de salud y comedores. Eso somos. Parte de la historia de la clase trabajadora que construye futuro.<\/p>\n","protected":false},"excerpt":{"rendered":"<p>*Por Federico Giuliani, secretario General de ATE C\u00f3rdoba (fuente: El Trabajador del Estado) La provincia de C\u00f3rdoba es el tercer distrito con m\u00e1s organismos nacionales. Durante los a\u00f1os m\u00e1s felices de nuestra Patria, con un proyecto de pa\u00eds liberado, se radic\u00f3 aqu\u00ed el polo tecnol\u00f3gico, cient\u00edfico, nuclear y productivo: F\u00e1bricas Militares, el \u00c1rea Material R\u00edo [&hellip;]<\/p>\n","protected":false},"author":7,"featured_media":49402,"comment_status":"open","ping_status":"open","sticky":false,"template":"","format":"standard","meta":{"_exactmetrics_skip_tracking":false,"_exactmetrics_sitenote_active":false,"_exactmetrics_sitenote_note":"","_exactmetrics_sitenote_category":0,"jnews-multi-image_gallery":[],"jnews_single_post":{"format":"standard","override":[{"template":"1","parallax":"1","fullscreen":"1","layout":"no-sidebar-narrow","sidebar":"default-sidebar","second_sidebar":"default-sidebar","sticky_sidebar":"1","share_position":"bottom","share_float_style":"share-monocrhome","show_share_counter":"1","show_view_counter":"1","show_post_meta":"1","show_post_author_image":"1","show_post_date":"1","post_date_format":"default","post_date_format_custom":"Y\/m\/d","show_post_category":"1","show_post_reading_time":"0","post_reading_time_wpm":"300","post_calculate_word_method":"str_word_count","show_zoom_button":"0","zoom_button_out_step":"2","zoom_button_in_step":"3","show_post_tag":"1","number_popup_post":"1","show_post_related":"1","show_inline_post_related":"0"}],"image_override":[{"single_post_thumbnail_size":"crop-500","single_post_gallery_size":"crop-500"}],"trending_post_position":"meta","trending_post_label":"Trending","sponsored_post_label":"Sponsored by","disable_ad":"0"},"jnews_primary_category":[],"jnews_social_meta":[],"jnews_review":[],"enable_review":"","type":"percentage","name":"","summary":"","brand":"","sku":"","good":[],"bad":[],"score_override":"","override_value":"","rating":[],"price":[],"jnews_override_counter":{"view_counter_number":"0","share_counter_number":"0","like_counter_number":"0","dislike_counter_number":"0"},"jnews_post_split":{"post_split":[{"template":"1","tag":"h2","numbering":"asc","mode":"normal","first":"0","enable_toc":"0","toc_type":"normal"}]},"footnotes":""},"categories":[341],"tags":[],"class_list":["post-49401","post","type-post","status-publish","format-standard","has-post-thumbnail","hentry","category-cdp"],"jetpack_featured_media_url":"https:\/\/atecordoba.org\/wp-content\/uploads\/2025\/07\/milei-culiadazo.jpg","_links":{"self":[{"href":"https:\/\/atecordoba.org\/index.php?rest_route=\/wp\/v2\/posts\/49401","targetHints":{"allow":["GET"]}}],"collection":[{"href":"https:\/\/atecordoba.org\/index.php?rest_route=\/wp\/v2\/posts"}],"about":[{"href":"https:\/\/atecordoba.org\/index.php?rest_route=\/wp\/v2\/types\/post"}],"author":[{"embeddable":true,"href":"https:\/\/atecordoba.org\/index.php?rest_route=\/wp\/v2\/users\/7"}],"replies":[{"embeddable":true,"href":"https:\/\/atecordoba.org\/index.php?rest_route=%2Fwp%2Fv2%2Fcomments&post=49401"}],"version-history":[{"count":1,"href":"https:\/\/atecordoba.org\/index.php?rest_route=\/wp\/v2\/posts\/49401\/revisions"}],"predecessor-version":[{"id":49403,"href":"https:\/\/atecordoba.org\/index.php?rest_route=\/wp\/v2\/posts\/49401\/revisions\/49403"}],"wp:featuredmedia":[{"embeddable":true,"href":"https:\/\/atecordoba.org\/index.php?rest_route=\/wp\/v2\/media\/49402"}],"wp:attachment":[{"href":"https:\/\/atecordoba.org\/index.php?rest_route=%2Fwp%2Fv2%2Fmedia&parent=49401"}],"wp:term":[{"taxonomy":"category","embeddable":true,"href":"https:\/\/atecordoba.org\/index.php?rest_route=%2Fwp%2Fv2%2Fcategories&post=49401"},{"taxonomy":"post_tag","embeddable":true,"href":"https:\/\/atecordoba.org\/index.php?rest_route=%2Fwp%2Fv2%2Ftags&post=49401"}],"curies":[{"name":"wp","href":"https:\/\/api.w.org\/{rel}","templated":true}]}}